{"id":203197,"date":"2025-06-25T12:25:11","date_gmt":"2025-06-25T12:25:11","guid":{"rendered":"https:\/\/www.europesays.com\/fr\/203197\/"},"modified":"2025-06-25T12:25:11","modified_gmt":"2025-06-25T12:25:11","slug":"perimetre-securise-drones-et-fouilles-autour-du-conseil-de-leurope","status":"publish","type":"post","link":"https:\/\/www.europesays.com\/fr\/203197\/","title":{"rendered":"p\u00e9rim\u00e8tre s\u00e9curis\u00e9, drones et fouilles autour du Conseil de l\u2019Europe"},"content":{"rendered":"<p>Afin d\u2019assurer la s\u00e9curit\u00e9 de <a href=\"https:\/\/www.dna.fr\/p\/volodymyr-zelensky\" target=\"_blank\" rel=\"noopener\">Volodymyr Zelensky<\/a>, <a href=\"https:\/\/www.dna.fr\/defense-guerre-conflit\/2025\/06\/25\/zelensky-attendu-a-strasbourg-pour-acter-la-creation-d-un-tribunal-special\" target=\"_blank\" rel=\"noopener\">dont la visite au Conseil de l\u2019Europe est annonc\u00e9e ce mercredi soir,<\/a> le quartier europ\u00e9en de Strasbourg sera mis sous cloche <strong>de 16 h \u00e0 minuit<\/strong>. La pr\u00e9fecture du Bas-Rhin a notamment pris un arr\u00eat\u00e9 instaurant un p\u00e9rim\u00e8tre de protection d\u00e9limit\u00e9 par les voies suivantes : avenue de l\u2019Europe, rue Charles-Bergmann, rue du g\u00e9n\u00e9ral Ulrich et quai du bassin de l\u2019Ill.<\/p>\n<p>Les personnes et leurs v\u00e9hicules ne pourront entrer dans ce p\u00e9rim\u00e8tre que par des points d\u2019acc\u00e8s d\u00e9finis. Des palpations de s\u00e9curit\u00e9 ainsi que des inspections visuelles et la fouille des bagages pourront y \u00eatre effectu\u00e9s.<\/p>\n<p>Tout survol par un drone ou tout autre engin t\u00e9l\u00e9guid\u00e9 est interdit pendant cette m\u00eame plage horaire. \u00c0 noter que les forces de l\u2019ordre d\u00e9ploieront exceptionnellement deux drones \u00e9quip\u00e9s de cam\u00e9ras \u00ab afin d\u2019anticiper toute tentative d\u2019attentat et toute menace potentielle \u00bb dans un quadrilat\u00e8re \u00e9largi d\u00e9limit\u00e9 par la place de Haguenau, l\u2019axe Vosges-Alsace-For\u00eat-Noire, la zone portuaire Nord, l\u2019Ouest du quartier de la Robertsau, le Wacken et la M. 2350.<\/p>\n<p>Un arr\u00eat\u00e9 pr\u00e9fectoral interdit \u00e9galement la navigation sur l\u2019Ill de 19 h \u00e0 23 h entre le pont d\u2019Auvergne et la jonction avec le canal de la Marne au Rhin ainsi que sur ce dernier entre l\u2019\u00e9cluse 52 (Wacken) et sa jonction avec le bassin des Remparts.<\/p>\n<p>La ville a par ailleurs pris un arr\u00eat\u00e9 interdisant temporairement le stationnement et la circulation dans plusieurs rues jouxtant le Conseil de l\u2019Europe, notamment l\u2019all\u00e9e Spach.<\/p>\n","protected":false},"excerpt":{"rendered":"Afin d\u2019assurer la s\u00e9curit\u00e9 de Volodymyr Zelensky, dont la visite au Conseil de l\u2019Europe est annonc\u00e9e ce mercredi&hellip;\n","protected":false},"author":2,"featured_media":203198,"comment_status":"","ping_status":"","sticky":false,"template":"","format":"standard","meta":{"footnotes":""},"categories":[2820],"tags":[1111,11,2389,2649,2880,1777,674,107,1011,27,329,775,12,316,25,640,2879],"class_list":{"0":"post-203197","1":"post","2":"type-post","3":"status-publish","4":"format-standard","5":"has-post-thumbnail","7":"category-strasbourg","8":"tag-actu","9":"tag-actualites","10":"tag-alsace","11":"tag-bas-rhin","12":"tag-edition-strasbourg","13":"tag-eu","14":"tag-europe","15":"tag-fil-info","16":"tag-fr","17":"tag-france","18":"tag-france-monde","19":"tag-grand-est","20":"tag-news","21":"tag-politique","22":"tag-republique-francaise","23":"tag-strasbourg","24":"tag-strasbourg-ville"},"share_on_mastodon":{"url":"https:\/\/pubeurope.com\/@fr\/114743995500452586","error":""},"_links":{"self":[{"href":"https:\/\/www.europesays.com\/fr\/wp-json\/wp\/v2\/posts\/203197","targetHints":{"allow":["GET"]}}],"collection":[{"href":"https:\/\/www.europesays.com\/fr\/wp-json\/wp\/v2\/posts"}],"about":[{"href":"https:\/\/www.europesays.com\/fr\/wp-json\/wp\/v2\/types\/post"}],"author":[{"embeddable":true,"href":"https:\/\/www.europesays.com\/fr\/wp-json\/wp\/v2\/users\/2"}],"replies":[{"embeddable":true,"href":"https:\/\/www.europesays.com\/fr\/wp-json\/wp\/v2\/comments?post=203197"}],"version-history":[{"count":0,"href":"https:\/\/www.europesays.com\/fr\/wp-json\/wp\/v2\/posts\/203197\/revisions"}],"wp:featuredmedia":[{"embeddable":true,"href":"https:\/\/www.europesays.com\/fr\/wp-json\/wp\/v2\/media\/203198"}],"wp:attachment":[{"href":"https:\/\/www.europesays.com\/fr\/wp-json\/wp\/v2\/media?parent=203197"}],"wp:term":[{"taxonomy":"category","embeddable":true,"href":"https:\/\/www.europesays.com\/fr\/wp-json\/wp\/v2\/categories?post=203197"},{"taxonomy":"post_tag","embeddable":true,"href":"https:\/\/www.europesays.com\/fr\/wp-json\/wp\/v2\/tags?post=203197"}],"curies":[{"name":"wp","href":"https:\/\/api.w.org\/{rel}","templated":true}]}}