{"id":203211,"date":"2025-06-25T12:33:12","date_gmt":"2025-06-25T12:33:12","guid":{"rendered":"https:\/\/www.europesays.com\/fr\/203211\/"},"modified":"2025-06-25T12:33:12","modified_gmt":"2025-06-25T12:33:12","slug":"francois-piquemal-nie-et-porte-plainte","status":"publish","type":"post","link":"https:\/\/www.europesays.com\/fr\/203211\/","title":{"rendered":"Fran\u00e7ois Piquemal nie et porte plainte"},"content":{"rendered":"<p>            Par<br \/>\n        <strong><br \/>\n            <a href=\"https:\/\/actu.fr\/auteur\/guillaume-laurens\" title=\"Consulter tous les articles de Guillaume Laurens\" rel=\"nofollow noopener\" target=\"_blank\">Guillaume Laurens<\/a><br \/>\n        <\/strong><\/p>\n<p>        Publi\u00e9 le<\/p>\n<p>            25 juin 2025 \u00e0 14h10        <\/p>\n<p>La campagne des <a href=\"https:\/\/actu.fr\/toulouse\/politique\/elections-municipales\" rel=\"nofollow noopener\" target=\"_blank\">\u00e9lections municipales 2026 <\/a>se d\u00e9roule d\u00e9cid\u00e9ment dans un climat d\u00e9l\u00e9t\u00e8re \u00e0 <strong>Toulouse<\/strong>. Alors qu\u2019une pol\u00e9mique enfle \u00e0 son sujet sur les r\u00e9seaux sociaux, le candidat (LFI) au Capitole <strong>Fran\u00e7ois Piquemal<\/strong> a annonc\u00e9 ce mercredi 25 juin 2025, par la voix de son avocat, <strong>d\u00e9poser plainte<\/strong> contre le journal <a href=\"https:\/\/www.marianne.net\/politique\/melenchon\/je-ne-veux-pas-de-babtous-en-tete-de-ma-liste-la-tentation-communautaire-de-lfi-aux-municipales-a-toulouse\" rel=\"nofollow noopener\" target=\"_blank\">Marianne, <\/a>qui a consacr\u00e9 mardi un article \u00e0 \u00ab\u2009la tentation communautaire de LFI aux municipales\u2009\u00bb dans la Ville rose, pr\u00eatant des <strong>propos controvers\u00e9s<\/strong> \u00e0 Fran\u00e7ois Piquemal. L\u2019affaire.<\/p>\n<p>Des \u00ab\u2009faits de diffamation\u2009\u00bb pour l\u2019avocat de Fran\u00e7ois Piquemal<\/p>\n<p class=\" wall-content\">Dans un communiqu\u00e9, <strong>Me Thomas Herin-Amabile<\/strong>, avocat du d\u00e9put\u00e9-candidat, regrette cet article de presse qui, dit-il, \u00ab\u2009impute\u2009\u00bb \u00e0 son client \u00ab\u2009des propos qu\u2019il n\u2019a jamais tenus\u2009\u00bb.<\/p>\n<blockquote class=\"ac-article-quote wall-content\">\n<p>M. Piquemal conteste fermement toutes les all\u00e9gations contenues dans ces publications. Une plainte est en cours de r\u00e9daction pour d\u00e9noncer ces faits de diffamation ayant pour lui des r\u00e9percussions importantes.\n<\/p>\n<p>    <strong>Me Thomas Herin-Amabile<\/strong><br \/>\n        Avocat de Fran\u00e7ois Piquemal    <\/p><\/blockquote>\n<p class=\" wall-content\">Puis l\u2019avocat menace\u2009: \u00ab\u2009Il entend d\u2019ailleurs proc\u00e9der de cette fa\u00e7on contre toute personne qui lui imputera ou qui relaiera de tels propos ou faits ayant pour objectif de porter atteinte \u00e0 son honneur et \u00e0 sa consid\u00e9ration\u2009\u00bb.<\/p>\n<p>Que dit le journal Marianne sur Fran\u00e7ois Piquemal\u2009?<\/p>\n<p class=\" wall-content\">Dans cet article qui d\u00e9peint globalement une campagne difficile pour le candidat insoumis, et qui \u00e9voque des <strong>\u00ab\u2009tensions internes\u2009\u00bb<\/strong> autour de Fran\u00e7ois Piquemal, le journaliste de Marianne avance \u00ab\u2009une sortie\u2009\u00bb du d\u00e9put\u00e9 aupr\u00e8s de ses proches, \u00ab\u2009rapport\u00e9e par plusieurs sources dans l\u2019entourage imm\u00e9diat du candidat\u2009\u00bb. La phrase en question\u2009? \u00ab\u2009Je ne veux <strong>pas de babtous<\/strong> en t\u00eate de ma liste aux municipales\u2009\u00bb.<\/p>\n<p><strong>C\u2019est quoi, un \u00ab\u2009babtou\u2009\u00bb\u2009?<\/strong><br \/>\nVerlan de \u00ab\u2009toubab\u2009\u00bb, \u00ab\u2009babtou\u2009\u00bb est un terme qui d\u00e9signe prioritairement, selon <a href=\"https:\/\/dictionnaire.lerobert.com\/definition\/toubab\" rel=\"nofollow noopener\" target=\"_blank\">le Petit Robert,<\/a> un Europ\u00e9en, Fran\u00e7ais m\u00e9tropolitain, ou \u00eatre humain de couleur blanche en argot africain.Vid\u00e9os : en ce moment sur ActuLa majorit\u00e9 municipale s\u2019empare de la pol\u00e9mique<\/p>\n<p class=\" wall-content\">Sans surprise, la <strong>majorit\u00e9 municipale<\/strong> s\u2019est empar\u00e9e de la pol\u00e9mique. \u00ab\u2009Le <strong>communautarisme<\/strong> comme boussole, et le <strong>client\u00e9lisme<\/strong> comme programme\u2009\u00bb, \u00e9crit notamment<strong> Jonnhy Dunal<\/strong>, conseiller municipal d\u00e9l\u00e9gu\u00e9 \u00e0 l\u2019\u00e9v\u00e9nementiel, quand l\u2019adjoint au commerce <strong>Olivier Arsac<\/strong> appuie\u2009: \u00ab\u2009La couleur de peau ne doit jamais \u00eatre un crit\u00e8re de s\u00e9lection\u2009\u00bb.<\/p>\n<p class=\" wall-content\">\n<p class=\" wall-content\">\n<p class=\" wall-content\">\n<p>\u00ab\u2009Ils ont peur que nous arrivions au Capitole\u2009\u00bb, dit Fran\u00e7ois Piquemal<\/p>\n<p class=\" wall-content\">\u00ab\u2009La campagne municipale de Toulouse doit se d\u00e9cider sur un programme, une vision, de l\u2019\u00e9thique et de la morale\u2009\u00bb, \u00e9crit de son c\u00f4t\u00e9 <strong>Fran\u00e7ois Piquemal<\/strong> sur les r\u00e9seaux sociaux, \u00ab\u2009pas sur la calomnie de ceux qui ont peur que nous arrivions au Capitole\u2009\u00bb.<\/p>\n<p class=\" wall-content\">\n<p>\u00ab\u2009Nous sommes cr\u00e9olis\u00e9s\u2009\u00bb dit Fran\u00e7ois Piquemal<\/p>\n<p class=\" wall-content\">\u00ab\u2009Je nie cat\u00e9goriquement avoir tenu ces propos\u2009\u00bb, confirme Fran\u00e7ois Piquemal \u00e0 Actu Toulouse. Le d\u00e9put\u00e9-candidat assume toutefois \u00ab\u2009une <strong>vision assez multiculturaliste\u2009\u00bb<\/strong> de la soci\u00e9t\u00e9 car \u00ab\u2009aujourd\u2019hui une r\u00e9alit\u00e9 s\u2019impose en France et singuli\u00e8rement dans notre ville\u2009: nous sommes cr\u00e9olis\u00e9s\u2009\u00bb.<\/p>\n<p class=\" wall-content\">Au-del\u00e0 des propos de la discorde qui lui sont imput\u00e9s et qu\u2019il r\u00e9fute, la volont\u00e9 de Fran\u00e7ois Piquemal de repr\u00e9senter cette soci\u00e9t\u00e9 \u00ab\u2009cr\u00e9olis\u00e9e\u2009\u00bb n\u2019est pas une nouveaut\u00e9. Dans son livre \u00ab\u2009Et au milieu coule la Garonne\u2009\u00bb \u00e9dit\u00e9 \u00e0 l\u2019automne dernier, il taxait <strong>Jean-Luc Moudenc<\/strong>, le maire (ex-LR) de Toulouse, d\u2019\u0153uvrer \u00e0 \u00ab\u2009une n\u00e9gation de la cr\u00e9olisation de notre ville\u2009\u00bb, reprenant ainsi un concept cher \u00e0 Jean-Luc M\u00e9lenchon et LFI. \u00ab\u2009J\u2019estime surtout que la cr\u00e9olisation de notre ville n\u2019est pas assez mise en avant, et revendiqu\u00e9e\u2009\u00bb, avan\u00e7ait-il dans un entretien \u00e0 Actu Toulouse en novembre\u00a02024, sans pour autant faire allusion \u00e0 la composition de sa future liste.<\/p>\n<p>\u00ab\u2009C\u2019est une diversion\u2009\u00bb, d\u00e9fend Fran\u00e7ois Piquemal<\/p>\n<p class=\" wall-content\">Pour le d\u00e9put\u00e9-candidat, cet article est aussi et surtout<strong> \u00ab\u2009une diversion<\/strong> sur un fait politique important qui doit avoir lieu demain\u2009\u00bb\u2009: d\u2019apr\u00e8s nos informations, l\u2019Assembl\u00e9e des Quartiers 31, repr\u00e9sent\u00e9e notamment par <strong>Salah Amokrane,<\/strong> ex-figure des Motiv\u00e9s, doit annoncer son soutien au candidat LFI ce jeudi.<\/p>\n<p class=\" wall-content\">Suivez toute l\u2019actualit\u00e9 de vos villes et m\u00e9dias favoris en vous inscrivant \u00e0 <a href=\"https:\/\/moncompte.actu.fr\" title=\"D\u00e9couvez Mon Actu\" rel=\"nofollow noopener\" data-trk=\"{&quot;cta&quot;:{&quot;action&quot;:&quot;https:\\\/\\\/moncompte.actu.fr&quot;,&quot;category&quot;:&quot;mon compte&quot;,&quot;from&quot;:&quot;article footer&quot;,&quot;name&quot;:&quot;Mon actu&quot;,&quot;type&quot;:&quot;cta&quot;}}\" target=\"_blank\">Mon Actu<\/a>.<\/p>\n<ul class=\"ac-article-tag wall-content\">\n<li><a href=\"https:\/\/actu.fr\/tag\/la-france-insoumise-lfi\" data-trk=\"{&quot;cta&quot;:{&quot;action&quot;:&quot;La France Insoumise (LFI)&quot;,&quot;category&quot;:&quot;tag&quot;,&quot;from&quot;:&quot;article footer&quot;,&quot;name&quot;:&quot;La France Insoumise (LFI)&quot;,&quot;type&quot;:&quot;cta&quot;}}\" rel=\"nofollow noopener\" target=\"_blank\">#La France Insoumise (LFI)<\/a><\/li>\n<li><a href=\"https:\/\/actu.fr\/tag\/municipales-2026\" data-trk=\"{&quot;cta&quot;:{&quot;action&quot;:&quot;Municipales 2026&quot;,&quot;category&quot;:&quot;tag&quot;,&quot;from&quot;:&quot;article footer&quot;,&quot;name&quot;:&quot;Municipales 2026&quot;,&quot;type&quot;:&quot;cta&quot;}}\" rel=\"nofollow noopener\" target=\"_blank\">#Municipales 2026<\/a><\/li>\n<\/ul>\n","protected":false},"excerpt":{"rendered":"Par Guillaume Laurens Publi\u00e9 le 25 juin 2025 \u00e0 14h10 La campagne des \u00e9lections municipales 2026 se d\u00e9roule&hellip;\n","protected":false},"author":2,"featured_media":203212,"comment_status":"","ping_status":"","sticky":false,"template":"","format":"standard","meta":{"footnotes":""},"categories":[2816],"tags":[1111,11,4188,1777,674,1011,27,1023,3434,12,2680,316,25,2312],"class_list":{"0":"post-203211","1":"post","2":"type-post","3":"status-publish","4":"format-standard","5":"has-post-thumbnail","7":"category-toulouse","8":"tag-actu","9":"tag-actualites","10":"tag-elections-municipales","11":"tag-eu","12":"tag-europe","13":"tag-fr","14":"tag-france","15":"tag-la-france-insoumise-lfi","16":"tag-municipales-2026","17":"tag-news","18":"tag-occitanie","19":"tag-politique","20":"tag-republique-francaise","21":"tag-toulouse"},"share_on_mastodon":{"url":"https:\/\/pubeurope.com\/@fr\/114744026950234100","error":""},"_links":{"self":[{"href":"https:\/\/www.europesays.com\/fr\/wp-json\/wp\/v2\/posts\/203211","targetHints":{"allow":["GET"]}}],"collection":[{"href":"https:\/\/www.europesays.com\/fr\/wp-json\/wp\/v2\/posts"}],"about":[{"href":"https:\/\/www.europesays.com\/fr\/wp-json\/wp\/v2\/types\/post"}],"author":[{"embeddable":true,"href":"https:\/\/www.europesays.com\/fr\/wp-json\/wp\/v2\/users\/2"}],"replies":[{"embeddable":true,"href":"https:\/\/www.europesays.com\/fr\/wp-json\/wp\/v2\/comments?post=203211"}],"version-history":[{"count":0,"href":"https:\/\/www.europesays.com\/fr\/wp-json\/wp\/v2\/posts\/203211\/revisions"}],"wp:featuredmedia":[{"embeddable":true,"href":"https:\/\/www.europesays.com\/fr\/wp-json\/wp\/v2\/media\/203212"}],"wp:attachment":[{"href":"https:\/\/www.europesays.com\/fr\/wp-json\/wp\/v2\/media?parent=203211"}],"wp:term":[{"taxonomy":"category","embeddable":true,"href":"https:\/\/www.europesays.com\/fr\/wp-json\/wp\/v2\/categories?post=203211"},{"taxonomy":"post_tag","embeddable":true,"href":"https:\/\/www.europesays.com\/fr\/wp-json\/wp\/v2\/tags?post=203211"}],"curies":[{"name":"wp","href":"https:\/\/api.w.org\/{rel}","templated":true}]}}