{"id":203219,"date":"2025-06-25T12:37:10","date_gmt":"2025-06-25T12:37:10","guid":{"rendered":"https:\/\/www.europesays.com\/fr\/203219\/"},"modified":"2025-06-25T12:37:10","modified_gmt":"2025-06-25T12:37:10","slug":"les-meilleurs-spots-pour-photographier-marseille-comme-un-pro","status":"publish","type":"post","link":"https:\/\/www.europesays.com\/fr\/203219\/","title":{"rendered":"Les meilleurs spots pour photographier Marseille comme un pro"},"content":{"rendered":"<p>Marseille attire de nombreux photographes gr\u00e2ce \u00e0 ses calanques, son Vieux-Port tr\u00e8s vivant et sa lumi\u00e8re m\u00e9diterran\u00e9enne unique. Chaque quartier ou place offre un d\u00e9cor diff\u00e9rent, souvent color\u00e9 et anim\u00e9. Trouver les meilleurs endroits pour prendre des photos n\u2019est pas si \u00e9vident. Les sites connus voient passer beaucoup de monde, ce qui complique la prise de vue. \u00c0 l\u2019oppos\u00e9, quelques ruelles discr\u00e8tes r\u00e9servent de bonnes surprises.<\/p>\n<p>Photographier la ville demande une gestion pr\u00e9cise de la lumi\u00e8re et le choix d\u2019un mat\u00e9riel adapt\u00e9. Un coucher de soleil sur Notre-Dame de la Garde ne se photographie pas comme l\u2019animation du Panier. Chaque lieu poss\u00e8de ses exigences propres qui influencent la technique n\u00e9cessaire pour obtenir des r\u00e9sultats professionnels.<\/p>\n<p><strong>Le Vieux-Port et ses lumi\u00e8res changeantes<\/strong><\/p>\n<p>Le Vieux-Port reste le c\u0153ur vivant de Marseille et propose des points de vue vari\u00e9s selon l\u2019heure. Les premiers rayons du matin depuis le quai des Belges illuminent les fa\u00e7ades et temp\u00e8rent les reflets sur l\u2019eau. Vieux-Port est souvent cit\u00e9 parmi les lieux les plus photog\u00e9niques de la ville, appr\u00e9ci\u00e9 pour ses ambiances changeantes au fil de la journ\u00e9e.<\/p>\n<p><a href=\"https:\/\/www.mpb.com\/fr-fr\/contenu\/guides-dachat\/meilleurs-appareils-photo-compacts-pour-voyage\" target=\"_blank\" rel=\"noopener\">Appareils compacts id\u00e9aux pour vos aventures<\/a> offrent une prise en main simple, id\u00e9ale pour la discr\u00e9tion sur le port. Un objectif grand angle permet d\u2019englober tout le panorama, tandis qu\u2019un filtre polarisant s\u2019utilise pour att\u00e9nuer les reflets sur l\u2019eau et obtenir un ciel plus satur\u00e9. Ce filtre fonctionne gr\u00e2ce \u00e0 un syst\u00e8me cristallin qui ne laisse passer qu\u2019une partie de la lumi\u00e8re, ce qui r\u00e9duit les \u00e9clats et accentue les nuances de bleu. Pour de meilleurs r\u00e9sultats, il suffit de tourner la bague jusqu\u2019\u00e0 voir dispara\u00eetre les reflets directs sur la mer ou les vitres.<\/p>\n<p>Coucher du soleil ou nuit tombante, l\u2019H\u00f4tel de Ville d\u00e9voile un jeu de lumi\u00e8res naturel et une atmosph\u00e8re paisible. Pour \u00e9viter la foule, il vaut mieux venir tr\u00e8s t\u00f4t ou hors saison. Un tr\u00e9pied l\u00e9ger permet de r\u00e9ussir les basses lumi\u00e8res ou les clich\u00e9s avec faible exposition.<\/p>\n<p><strong>Notre-Dame de la Garde et les panoramas urbains<\/strong><\/p>\n<p>La <a href=\"https:\/\/www.marseille-tourisme.com\/decouvrez-marseille\/culture-et-patrimoine\/sites-et-monuments\/la-basilique-notre-dame-de-la-garde\/\" target=\"_blank\" rel=\"noopener\">basilique Notre-Dame de la Garde <\/a>domine la ville et reste un sujet inspirant. Le parc Valmer propose une vue originale m\u00ealant mer et architecture, surtout dans la lumi\u00e8re tendre du matin. La vue depuis Notre-Dame de la Garde est r\u00e9guli\u00e8rement recommand\u00e9e pour capturer l\u2019ensemble de Marseille, notamment au lever ou au coucher du soleil.<\/p>\n<p>Un t\u00e9l\u00e9objectif s\u2019impose pour saisir la statue dor\u00e9e ou les d\u00e9tails des mosa\u00efques. Depuis l\u2019esplanade principale, Marseille s\u2019\u00e9tale sous vos yeux avec une lumi\u00e8re id\u00e9ale en fin d\u2019apr\u00e8s-midi ou en hiver. Le jardin du Pharo offre un cadre plus calme et une grande vari\u00e9t\u00e9 de compositions possibles. La basilique \u00e9merge au-dessus du port, concentrant plusieurs symboles de la ville en une seule image.<\/p>\n<p><strong>Le quartier du Panier et ses ruelles pittoresques<\/strong><\/p>\n<p>Le Panier, plus vieux quartier de Marseille, attire les amateurs de street photography gr\u00e2ce \u00e0 ses ruelles \u00e9troites, ses escaliers et ses murs color\u00e9s. Panier est reconnu pour ses d\u00e9cors authentiques et ses sc\u00e8nes de vie typiques, id\u00e9ales pour des clich\u00e9s spontan\u00e9s.<\/p>\n<p>Les premi\u00e8res heures du jour sont les plus adapt\u00e9es pour y photographier le quotidien. Rue du Petit Puits ou place des Moulins, le charme m\u00e9diterran\u00e9en se sent fort, surtout dans la lumi\u00e8re du matin. Le street art recouvre de nombreux murs, notamment pr\u00e8s de la place des Treize Coins o\u00f9 l\u2019artiste Mahn Kloix a r\u00e9alis\u00e9 une fresque monumentale repr\u00e9sentant une figure marseillaise sur fond bleu. Ce type d\u2019\u0153uvre change r\u00e9guli\u00e8rement et attire souvent les photographes en qu\u00eate de sujets authentiques.<\/p>\n<p>Capturer la fresque un matin en semaine, avec un objectif 35mm, permet d\u2019inclure \u00e0 la fois l\u2019\u0153uvre et la vie locale autour. Prendre soin de rep\u00e9rer la lumi\u00e8re rasante ou une pr\u00e9sence dans le cadre, comme un habitant passant devant la fresque, ajoute une dimension humaine appr\u00e9ci\u00e9e dans les portfolios. Les appareils l\u00e9gers et discrets sont parfaits dans ces ruelles o\u00f9 le mat\u00e9riel doit rester l\u00e9ger et r\u00e9actif.<\/p>\n<p><strong>Les Calanques et paysages naturels<\/strong><\/p>\n<p>Les calanques figurent parmi les plus belles zones naturelles du secteur. Leurs eaux turquoise entour\u00e9es de falaises blanches offrent des images m\u00e9morables. Les calanques de Marseille sont parmi les lieux les plus recherch\u00e9s pour la photographie de paysage, notamment pour la diversit\u00e9 de leurs points de vue.<\/p>\n<p>La <a href=\"https:\/\/www.calanques13.com\/chemin-sugiton.html\" target=\"_blank\" rel=\"noopener\">calanque de Sugiton<\/a>, apr\u00e8s une marche ais\u00e9e depuis Luminy, s\u2019av\u00e8re id\u00e9ale t\u00f4t le matin pour capter la transparence de l\u2019eau. Un objectif grand angle aide \u00e0 montrer l\u2019\u00e9tendue des paysages. Sormiou et Morgiou, accessibles \u00e0 certaines p\u00e9riodes, r\u00e9v\u00e8lent des panoramas diff\u00e9rents. Un objectif polyvalent permet de varier entre plans larges et d\u00e9tails de la roche.<\/p>\n<p>L\u2019utilisation d\u2019un filtre polarisant permet d\u2019att\u00e9nuer les reflets qui masquent l\u2019eau claire et d\u2019obtenir une couleur bleue plus profonde au niveau de la mer. Ce filtre s\u2019utilise en le tournant pour viser la bonne intensit\u00e9 : il agit en bloquant une partie des reflets qui se forment \u00e0 la surface de l\u2019eau ou sur les rochers. Cette m\u00e9thode fonctionne parfaitement lors des journ\u00e9es lumineuses sur les calanques, o\u00f9 les surfaces r\u00e9fl\u00e9chissantes peuvent fausser les couleurs ou occulter certains d\u00e9tails.<\/p>\n<p><strong>Le MuCEM et l\u2019architecture contemporaine<\/strong><\/p>\n<p>Le Mus\u00e9e des Civilisations de l\u2019Europe et de la M\u00e9diterran\u00e9e (MuCEM) attire par son architecture moderne et sa c\u00e9l\u00e8bre r\u00e9sille de b\u00e9ton. Depuis l\u2019esplanade du J4, le b\u00e2timent attire l\u2019attention avec la M\u00e9diterran\u00e9e en fond. Un grand angle met en valeur les lignes graphiques et la perspective.<\/p>\n<p>La passerelle reliant le MuCEM au Fort Saint-Jean donne la possibilit\u00e9 de faire des compositions \u00e9pur\u00e9es, surtout lorsque le soleil projette des ombres g\u00e9om\u00e9triques \u00e0 travers la structure. Le quai du Port compose une image compl\u00e8te associant MuCEM, Fort Saint-Jean et la Cath\u00e9drale de la Major, contraste int\u00e9ressant entre modernit\u00e9 et patrimoine.<\/p>\n<p><strong>Conclusion<\/strong><\/p>\n<p>Marseille propose des sujets tr\u00e8s vari\u00e9s, entre nature spectaculaire et ambiance urbaine authentique. Saison apr\u00e8s saison, la lumi\u00e8re et la couleur de la ville inspirent diff\u00e9rentes approches photographiques. Les quartiers moins connus, comme l\u2019Estaque ou la Corniche Kennedy, ouvrent la porte \u00e0 des atmosph\u00e8res originales pour travailler le cadrage et jouer avec la lumi\u00e8re locale.<\/p>\n<p>En participant \u00e0 des \u00e9v\u00e9nements photo ou \u00e0 des expositions, il devient simple de progresser et d\u2019\u00e9changer avec d\u2019autres passionn\u00e9s. Marseille, gr\u00e2ce \u00e0 son \u00e9nergie et sa lumi\u00e8re, continue d\u2019\u00eatre une source d\u2019inspiration permanente pour tout photographe.<\/p>\n<p><img loading=\"lazy\" decoding=\"async\" alt=\"\" src=\"data:image\/svg+xml,%3Csvg%20xmlns=\" http:=\"\" data-lazy- class=\"avatar avatar-150 photo\" height=\"150\" width=\"150\" itemprop=\"image\" data-lazy-src=\"https:\/\/www.europesays.com\/fr\/wp-content\/uploads\/2025\/06\/b210a0a7d39fbe9c3d4aa6f241da392a\"\/><\/p>\n<p>Partagez l&rsquo;article ou suivez nous !<\/p>\n<p>\n\tNos images sont \u00e0 but illustratif et peuvent ne pas repr\u00e9senter la r\u00e9alit\u00e9<\/p>\n","protected":false},"excerpt":{"rendered":"Marseille attire de nombreux photographes gr\u00e2ce \u00e0 ses calanques, son Vieux-Port tr\u00e8s vivant et sa lumi\u00e8re m\u00e9diterran\u00e9enne unique.&hellip;\n","protected":false},"author":2,"featured_media":203220,"comment_status":"","ping_status":"","sticky":false,"template":"","format":"standard","meta":{"footnotes":""},"categories":[2814],"tags":[34245,25025,1111,11,1777,674,1011,27,34246,884,12,34247,882,25],"class_list":{"0":"post-203219","1":"post","2":"type-post","3":"status-publish","4":"format-standard","5":"has-post-thumbnail","7":"category-marseille","8":"tag-acces-aux-activites-culturelles","9":"tag-accueil-chaleureux","10":"tag-actu","11":"tag-actualites","12":"tag-eu","13":"tag-europe","14":"tag-fr","15":"tag-france","16":"tag-gestion-de-la-lumiere","17":"tag-marseille","18":"tag-news","19":"tag-photographie-urbaine","20":"tag-provence-alpes-cote-dazur","21":"tag-republique-francaise"},"share_on_mastodon":{"url":"https:\/\/pubeurope.com\/@fr\/114744042884065164","error":""},"_links":{"self":[{"href":"https:\/\/www.europesays.com\/fr\/wp-json\/wp\/v2\/posts\/203219","targetHints":{"allow":["GET"]}}],"collection":[{"href":"https:\/\/www.europesays.com\/fr\/wp-json\/wp\/v2\/posts"}],"about":[{"href":"https:\/\/www.europesays.com\/fr\/wp-json\/wp\/v2\/types\/post"}],"author":[{"embeddable":true,"href":"https:\/\/www.europesays.com\/fr\/wp-json\/wp\/v2\/users\/2"}],"replies":[{"embeddable":true,"href":"https:\/\/www.europesays.com\/fr\/wp-json\/wp\/v2\/comments?post=203219"}],"version-history":[{"count":0,"href":"https:\/\/www.europesays.com\/fr\/wp-json\/wp\/v2\/posts\/203219\/revisions"}],"wp:featuredmedia":[{"embeddable":true,"href":"https:\/\/www.europesays.com\/fr\/wp-json\/wp\/v2\/media\/203220"}],"wp:attachment":[{"href":"https:\/\/www.europesays.com\/fr\/wp-json\/wp\/v2\/media?parent=203219"}],"wp:term":[{"taxonomy":"category","embeddable":true,"href":"https:\/\/www.europesays.com\/fr\/wp-json\/wp\/v2\/categories?post=203219"},{"taxonomy":"post_tag","embeddable":true,"href":"https:\/\/www.europesays.com\/fr\/wp-json\/wp\/v2\/tags?post=203219"}],"curies":[{"name":"wp","href":"https:\/\/api.w.org\/{rel}","templated":true}]}}