{"id":203244,"date":"2025-06-25T12:50:11","date_gmt":"2025-06-25T12:50:11","guid":{"rendered":"https:\/\/www.europesays.com\/fr\/203244\/"},"modified":"2025-06-25T12:50:11","modified_gmt":"2025-06-25T12:50:11","slug":"bkw-investit-dans-une-installation-de-batteries-en-allemagne-2","status":"publish","type":"post","link":"https:\/\/www.europesays.com\/fr\/203244\/","title":{"rendered":"BKW investit dans une installation de batteries en Allemagne"},"content":{"rendered":"<p class=\"wysiwyg-h2\">L&rsquo;\u00e9nerg\u00e9ticien bernois BKW a annonc\u00e9 mercredi se lancer dans le d\u00e9veloppement d&rsquo;une installation de batterie d&rsquo;une puissance de 300 m\u00e9gawatts (MW) et d&rsquo;une capacit\u00e9 de stockage de 600 MW en Allemagne. Les co\u00fbts s&rsquo;\u00e9l\u00e8vent \u00e0 plus de 200 millions d&rsquo;euros.<\/p>\n<p>&lsquo;Cette installation, construite sur un ancien site industriel, servira au stockage interm\u00e9diaire d&rsquo;\u00e9lectricit\u00e9 issue de la production renouvelable&rsquo;, indique un communiqu\u00e9. Les travaux devraient d\u00e9buter en 2026 et la mise en service en 2028.<\/p>\n<p>Par ailleurs, BKW participe avec deux autres partenaires \u00e0 l&rsquo;entreprise Trianel Batteriepark Waltrop, qui encadre le parc de batteries de Waltrop d&rsquo;une puissance de 900 MW et d&rsquo;une capacit\u00e9 de stockage de 1&rsquo;800 MWh dans la premi\u00e8re phase d&rsquo;expansion. <\/p>\n<p>Le projet doit encore \u00eatre approuv\u00e9 par l&rsquo;Office f\u00e9d\u00e9ral allemand de lutte contre les cartels.<\/p>\n<p> \/ATS<\/p>\n","protected":false},"excerpt":{"rendered":"L&rsquo;\u00e9nerg\u00e9ticien bernois BKW a annonc\u00e9 mercredi se lancer dans le d\u00e9veloppement d&rsquo;une installation de batterie d&rsquo;une puissance de&hellip;\n","protected":false},"author":2,"featured_media":203245,"comment_status":"","ping_status":"","sticky":false,"template":"","format":"standard","meta":{"footnotes":""},"categories":[1587],"tags":[11,1829,672,1832,1836,1804,1805,1827,1803,1777,674,1830,1831,1801,1826,1844,1840,1839,1841,1838,12,1843,1828,1834,1825,1833,1802,1822,1823,1824,1837,1835,1842],"class_list":{"0":"post-203244","1":"post","2":"type-post","3":"status-publish","4":"format-standard","5":"has-post-thumbnail","7":"category-allemagne","8":"tag-actualites","9":"tag-ajoie","10":"tag-allemagne","11":"tag-animation","12":"tag-bienne","13":"tag-bundesrepublik-deutschland","14":"tag-de","15":"tag-delemont","16":"tag-deutschland","17":"tag-eu","18":"tag-europe","19":"tag-franches-montagnes","20":"tag-frequence","21":"tag-germany","22":"tag-jura","23":"tag-jura-bernois","24":"tag-la-chaux-de-fonds","25":"tag-moutier","26":"tag-neuchatel","27":"tag-neuveville","28":"tag-news","29":"tag-payerne","30":"tag-porrentruy","31":"tag-publicite","32":"tag-radio","33":"tag-redaction","34":"tag-republique-federale-dallemagne","35":"tag-rfj","36":"tag-rjb","37":"tag-rtn","38":"tag-tavannes","39":"tag-vallon-de-st-imier","40":"tag-yverdon"},"share_on_mastodon":{"url":"https:\/\/pubeurope.com\/@fr\/114744093917077623","error":""},"_links":{"self":[{"href":"https:\/\/www.europesays.com\/fr\/wp-json\/wp\/v2\/posts\/203244","targetHints":{"allow":["GET"]}}],"collection":[{"href":"https:\/\/www.europesays.com\/fr\/wp-json\/wp\/v2\/posts"}],"about":[{"href":"https:\/\/www.europesays.com\/fr\/wp-json\/wp\/v2\/types\/post"}],"author":[{"embeddable":true,"href":"https:\/\/www.europesays.com\/fr\/wp-json\/wp\/v2\/users\/2"}],"replies":[{"embeddable":true,"href":"https:\/\/www.europesays.com\/fr\/wp-json\/wp\/v2\/comments?post=203244"}],"version-history":[{"count":0,"href":"https:\/\/www.europesays.com\/fr\/wp-json\/wp\/v2\/posts\/203244\/revisions"}],"wp:featuredmedia":[{"embeddable":true,"href":"https:\/\/www.europesays.com\/fr\/wp-json\/wp\/v2\/media\/203245"}],"wp:attachment":[{"href":"https:\/\/www.europesays.com\/fr\/wp-json\/wp\/v2\/media?parent=203244"}],"wp:term":[{"taxonomy":"category","embeddable":true,"href":"https:\/\/www.europesays.com\/fr\/wp-json\/wp\/v2\/categories?post=203244"},{"taxonomy":"post_tag","embeddable":true,"href":"https:\/\/www.europesays.com\/fr\/wp-json\/wp\/v2\/tags?post=203244"}],"curies":[{"name":"wp","href":"https:\/\/api.w.org\/{rel}","templated":true}]}}