{"id":203258,"date":"2025-06-25T13:01:16","date_gmt":"2025-06-25T13:01:16","guid":{"rendered":"https:\/\/www.europesays.com\/fr\/203258\/"},"modified":"2025-06-25T13:01:16","modified_gmt":"2025-06-25T13:01:16","slug":"comment-les-blesses-ont-ils-vecu-le-week-end-du-mugello","status":"publish","type":"post","link":"https:\/\/www.europesays.com\/fr\/203258\/","title":{"rendered":"Comment les bless\u00e9s ont-ils v\u00e9cu le week-end du Mugello\u00a0?"},"content":{"rendered":"<p>Les hautes vitesses du Mugello ont fait des d\u00e9g\u00e2ts dans le peloton MotoGP. Les chutes n&rsquo;ont pas \u00e9t\u00e9 particuli\u00e8rement nombreuses, seulement 11 sur l&rsquo;ensemble du week-end, mais certaines d&rsquo;entre elles se sont r\u00e9v\u00e9l\u00e9es douloureuses pour les malheureux pilotes concern\u00e9s.<\/p>\n<p>L&rsquo;image la plus forte restera certainement celle de <a href=\"https:\/\/fr.motorsport.com\/driver\/fabio-quartararo\/109400\/\" target=\"_blank\" rel=\"noopener\">Fabio Quartararo<\/a> manipul\u00e9 par un commissaire dans les graviers, vendredi apr\u00e8s-midi. Le Fran\u00e7ais a heureusement \u00e9chapp\u00e9 \u00e0 toute blessure importante, son \u00e9paule ayant souffert d&rsquo;une l\u00e9g\u00e8re luxation sans se d\u00e9bo\u00eeter compl\u00e8tement. Le pilote a \u00e9t\u00e9 pris en charge par l&rsquo;ost\u00e9opathe de Yamaha et son \u00e9tat lui a permis de poursuivre le week-end, n\u00e9anmoins la douleur s&rsquo;est r\u00e9v\u00e9l\u00e9e forte au point de grandement le g\u00eaner en course malgr\u00e9 une performance sur un tour encore une fois \u00e9patante.<\/p>\n<p>Lire aussi :<\/p>\n<p>Il y eut d&rsquo;autres \u00e9pisodes surprenants, \u00e0 l&rsquo;image de cette chute de <a href=\"https:\/\/fr.motorsport.com\/driver\/jack-miller\/96423\/\" target=\"_blank\" rel=\"noopener\">Jack Miller<\/a> le premier jour, dans Bucine, aux cons\u00e9quences inattendues&#8230; \u00ab\u00a0J&rsquo;ai un peu mal au cul. Je ne sais pas ce que j&rsquo;ai tap\u00e9 parce que j&rsquo;ai plut\u00f4t atterri sur le visage mais mon cul a pris. J&rsquo;ai d\u00fb \u00eatre heurt\u00e9 par quelque chose, je ne sais pas\u00a0\u00bb, d\u00e9crivait l&rsquo;Australien vendredi soir. Comprenne qui pourra.<\/p>\n<p>Plus inqui\u00e9tant en revanche \u00e9tait le cas de <a href=\"https:\/\/fr.motorsport.com\/driver\/somkiat-chantra\/823104\/\" target=\"_blank\" rel=\"noopener\">Somkiat Chantra<\/a>, accident\u00e9 le m\u00eame jour dans le long droite de Correntaio. \u00ab\u00a0J&rsquo;\u00e9tais un peu \u00e9tourdi apr\u00e8s la chute, parce que j&rsquo;ai touch\u00e9 le mur avec la t\u00eate\u00a0\u00bb, a en effet expliqu\u00e9 le Tha\u00eflandais. \u00ab\u00a0Quand je me suis relev\u00e9, j&rsquo;\u00e9tais un peu \u00e9tourdi mais \u00e7a s&rsquo;est am\u00e9lior\u00e9 par la suite. J&rsquo;ai fait des soins et \u00e7a allait mieux.\u00a0\u00bb<\/p>\n<p>   <img decoding=\"async\" draggable=\"false\" src=\"https:\/\/www.europesays.com\/fr\/wp-content\/uploads\/2025\/06\/1750856475_305_raul-fernandez-trackhouse-raci.jpg\" alt=\"Ra\u00fal Fern\u00e1ndez (Trackhouse Racing) s'est fait mal au bras vendredi.\" width=\"1200\" height=\"800\" loading=\"lazy\"\/> <\/p>\n<p class=\"title\">Ra\u00fal Fern\u00e1ndez (Trackhouse Racing) s&rsquo;est fait mal au bras vendredi.<\/p>\n<p class=\"photographer\">Photo de: Gold and Goose Photography \/ LAT Images \/ via Getty Images<\/p>\n<p><a href=\"https:\/\/fr.motorsport.com\/driver\/raul-fernandez\/443094\/\" target=\"_blank\" rel=\"noopener\">Ra\u00fal Fern\u00e1ndez<\/a> est quant \u00e0 lui tomb\u00e9 \u00ab\u00a0sur les gaz\u00a0\u00bb dans Arrabbiata 1 d\u00e8s vendredi matin. Il en a \u00e9t\u00e9 quitte pour faire le week-end avec des douleurs au bras droit. \u00ab\u00a0J&rsquo;ai mal, mon bras est tr\u00e8s sensible\u00a0\u00bb, expliquait-il ce jour-l\u00e0. Et la situation n&rsquo;est pas all\u00e9e en s&rsquo;am\u00e9liorant. \u00ab\u00a0J&rsquo;ai super mal\u00a0\u00bb, avouait-il le lendemain, \u00ab\u00a0mon coude est tr\u00e8s douloureux. Mais on a un super physio ici, et d&rsquo;une s\u00e9ance \u00e0 l&rsquo;autre je peux faire des soins avec de la glace et \u00e7a m&rsquo;aide beaucoup.\u00a0\u00bb<\/p>\n<p>L&rsquo;Espagnol, qui b\u00e9n\u00e9ficiait d&rsquo;\u00e9volutions sur son Aprilia, a termin\u00e9 le week-end satisfait de son ressenti mais certain que ce bras douloureux l&rsquo;a emp\u00each\u00e9 d&rsquo;en profiter pleinement. \u00ab\u00a0Apr\u00e8s ma chute de vendredi, mon bras \u00e9tait \u00e9trange et les dix derniers tours ont \u00e9t\u00e9 assez difficiles \u00e0 g\u00e9rer pour moi. J&rsquo;ai essay\u00e9 de sauver le r\u00e9sultat, mais je pense que sans la douleur, j&rsquo;avais le rythme pour me battre avec Franco [Morbidelli] pour le top 6.\u00a0\u00bb<\/p>\n<p>Ogura et Aldeguer ont p\u00e2ti de leur manque d&rsquo;entra\u00eenement<\/p>\n<p>Les rangs du MotoGP comptaient aussi deux pilotes qui revenaient de blessure \u00e0 l&rsquo;occasion de ce Grand Prix. <a href=\"https:\/\/fr.motorsport.com\/driver\/ai-ogura\/471489\/\" target=\"_blank\" rel=\"noopener\">Ai Ogura<\/a>, qui s&rsquo;est fractur\u00e9 le tibia il y a un mois, avouait apr\u00e8s la journ\u00e9e de reprise qu&rsquo;il n&rsquo;allait \u00ab\u00a0pas vraiment\u00a0\u00bb bien, pourtant il a tenu bon jusqu&rsquo;au bout du week-end. S&rsquo;il a assur\u00e9 ne pas avoir de douleurs, c&rsquo;est surtout sa rigidit\u00e9 sur la moto qui l&rsquo;a g\u00ean\u00e9, notamment face aux nombreux changements de direction rapides du circuit.<\/p>\n<p>\u00ab\u00a0S&rsquo;il y a 20 tours, je ferai 20 tours\u00a0!\u00a0Je ne sais pas quelle sera ma vitesse, mais je verrai le drapeau \u00e0 damier\u00a0\u00bb, annon\u00e7ait malgr\u00e9 tout le pilote Trackhouse vendredi. Et Ogura, qui s&rsquo;est rendu au Mugello juste apr\u00e8s avoir re\u00e7u le feu vert des m\u00e9decins, s&rsquo;est senti mieux au fil du week-end. \u00ab\u00a0Je suis beaucoup moins fatigu\u00e9 aujourd&rsquo;hui. Hier, j&rsquo;\u00e9tais compl\u00e8tement \u00e9clat\u00e9\u00a0!\u00a0Cette fois, \u00e7a allait \u00e0 peu pr\u00e8s\u00a0\u00bb, constatait-il d\u00e9j\u00e0 samedi.<\/p>\n<p>   <img decoding=\"async\" draggable=\"false\" src=\"https:\/\/www.europesays.com\/fr\/wp-content\/uploads\/2025\/06\/1750856476_395_fermin-aldeguer-gresini-racing.jpg\" alt=\"Fermin Aldeguer (Gresini Racing)\" width=\"1200\" height=\"800\" loading=\"lazy\"\/> <\/p>\n<p class=\"title\">Ferm\u00edn Aldeguer (Gresini Racing)<\/p>\n<p class=\"photographer\">Photo de: Gold and Goose Photography \/ LAT Images \/ via Getty Images<\/p>\n<p>Sa condition n&rsquo;est toutefois pas normale : \u00ab\u00a0Ma jambe droite est beaucoup plus &lsquo;petite&rsquo; que la gauche, c&rsquo;est certain, mais \u00e7a va. \u00c7a n&rsquo;est pas mon principal probl\u00e8me.\u00a0\u00bb Le Japonais n&rsquo;a pas \u00e9pilogu\u00e9 sur sa forme malgr\u00e9 un week-end de toute \u00e9vidence assez compliqu\u00e9, et il esp\u00e9rait surtout pouvoir reprendre un entra\u00eenement classique apr\u00e8s le Grand Prix\u00a0:\u00a0\u00ab\u00a0Mon genou va assez bien, donc peut-\u00eatre que je vais pouvoir recommencer \u00e0 courir ou faire du v\u00e9lo.\u00a0\u00bb<\/p>\n<p>Quant \u00e0 <a href=\"https:\/\/fr.motorsport.com\/driver\/fermin-aldeguer\/945314\/\" target=\"_blank\" rel=\"noopener\">Ferm\u00edn Aldeguer<\/a>, il a imm\u00e9diatement ressenti les bienfaits de son op\u00e9ration \u00e0 l&rsquo;avant-bras, pratiqu\u00e9e la semaine pr\u00e9c\u00e9dant le Grand Prix. Le revers de la m\u00e9daille est qu&rsquo;il a lui aussi p\u00e2ti de l&rsquo;arr\u00eat de son entra\u00eenement durant quelques jours et doit maintenant retrouver toute sa force.<\/p>\n<p>\u00ab\u00a0Je pense que ces EL1 ont \u00e9t\u00e9 mes meilleurs de toute la saison par rapport \u00e0 l&rsquo;arm-pump, et c&rsquo;est positif\u00a0\u00bb, constatait-il en reprenant le guidon de la Ducati. \u00ab\u00a0Mais maintenant j&rsquo;ai des probl\u00e8mes \u00e0 l&rsquo;\u00e9paule, dans l&rsquo;autre bras. Je ne me suis entra\u00een\u00e9 que lundi, au niveau des jambes, mais j&rsquo;ai \u00e9t\u00e9 arr\u00eat\u00e9 alors c&rsquo;est normal.\u00a0\u00bb<\/p>\n<p>Tous vont d\u00e9sormais devoir encha\u00eener avec un autre Grand Prix, sans avoir eu le temps de beaucoup reposer ce corps meurtri. Ils seront en piste d\u00e8s vendredi, \u00e0 Assen.<\/p>\n<p>Lire aussi :<\/p>\n<p>Dans cet article<\/p>\n<p>Soyez le premier inform\u00e9 et souscrivez aux alertes mails pour recevoir les infos en temps r\u00e9el<\/p>\n<p>    S&rsquo;abonner aux alertes de news<\/p>\n","protected":false},"excerpt":{"rendered":"Les hautes vitesses du Mugello ont fait des d\u00e9g\u00e2ts dans le peloton MotoGP. Les chutes n&rsquo;ont pas \u00e9t\u00e9&hellip;\n","protected":false},"author":2,"featured_media":203259,"comment_status":"","ping_status":"","sticky":false,"template":"","format":"standard","meta":{"footnotes":""},"categories":[1413],"tags":[1011,27,31123,1457,1456,1458,31124,60],"class_list":{"0":"post-203258","1":"post","2":"type-post","3":"status-publish","4":"format-standard","5":"has-post-thumbnail","7":"category-moto","8":"tag-fr","9":"tag-france","10":"tag-gp-ditalie","11":"tag-moto","12":"tag-motocycle","13":"tag-motogp","14":"tag-mugello","15":"tag-sports"},"share_on_mastodon":{"url":"https:\/\/pubeurope.com\/@fr\/114744137131026868","error":""},"_links":{"self":[{"href":"https:\/\/www.europesays.com\/fr\/wp-json\/wp\/v2\/posts\/203258","targetHints":{"allow":["GET"]}}],"collection":[{"href":"https:\/\/www.europesays.com\/fr\/wp-json\/wp\/v2\/posts"}],"about":[{"href":"https:\/\/www.europesays.com\/fr\/wp-json\/wp\/v2\/types\/post"}],"author":[{"embeddable":true,"href":"https:\/\/www.europesays.com\/fr\/wp-json\/wp\/v2\/users\/2"}],"replies":[{"embeddable":true,"href":"https:\/\/www.europesays.com\/fr\/wp-json\/wp\/v2\/comments?post=203258"}],"version-history":[{"count":0,"href":"https:\/\/www.europesays.com\/fr\/wp-json\/wp\/v2\/posts\/203258\/revisions"}],"wp:featuredmedia":[{"embeddable":true,"href":"https:\/\/www.europesays.com\/fr\/wp-json\/wp\/v2\/media\/203259"}],"wp:attachment":[{"href":"https:\/\/www.europesays.com\/fr\/wp-json\/wp\/v2\/media?parent=203258"}],"wp:term":[{"taxonomy":"category","embeddable":true,"href":"https:\/\/www.europesays.com\/fr\/wp-json\/wp\/v2\/categories?post=203258"},{"taxonomy":"post_tag","embeddable":true,"href":"https:\/\/www.europesays.com\/fr\/wp-json\/wp\/v2\/tags?post=203258"}],"curies":[{"name":"wp","href":"https:\/\/api.w.org\/{rel}","templated":true}]}}