{"id":203260,"date":"2025-06-25T13:02:10","date_gmt":"2025-06-25T13:02:10","guid":{"rendered":"https:\/\/www.europesays.com\/fr\/203260\/"},"modified":"2025-06-25T13:02:10","modified_gmt":"2025-06-25T13:02:10","slug":"qui-est-tj-shorts-le-meneur-americain-qui-a-place-paris-au-sommet-du-basket-francais","status":"publish","type":"post","link":"https:\/\/www.europesays.com\/fr\/203260\/","title":{"rendered":"qui est TJ Shorts, le meneur am\u00e9ricain qui a plac\u00e9 Paris au sommet du basket fran\u00e7ais ?"},"content":{"rendered":"<p><strong>PORTRAIT \u2013 <\/strong>Avant de relever d\u2019autres d\u00e9fis, en Gr\u00e8ce a priori, le meneur du Paris Basketball aura \u00e9clabouss\u00e9 de son talent le championnat de France. Un exemple. Une l\u00e9gende.<\/p>\n<p class=\"fig-paragraph\">\u00abTJ Shorts d\u00e9barque en France avec une ambition forte\u00a0: aider le Paris Basketball \u00e0 changer de dimension\u00bb. Voil\u00e0 ce qu\u2019annon\u00e7ait le Paris Basketball lors de la signature du meneur am\u00e9ricain, en 2023. Promesse tenue. Du haut de son m\u00e8tre 75, le natif d\u2019Irvine s\u2019est \u00e9lev\u00e9 au rang de l\u00e9gende du jeune club parisien,\u00a0<a href=\"http:\/\/www.lefigaro.fr\/sports\/basket\/basket-le-jour-de-gloire-pour-paris-sacre-champion-de-france-pour-la-premiere-fois-20250624\" data-fig-type=\"NewsFlash\" data-gtm-custom-categorie=\"navigation\" data-gtm-custom-action=\"crossclick\" data-gtm-custom-label=\"Contextuel\" data-gtm-event=\"customEventSPE\" data-fig-domain=\"LEFIGARO\" target=\"_blank\" rel=\"noopener\">sacr\u00e9 champion de France pour la premi\u00e8re fois mardi, contre Monaco<\/a>, mais aussi du championnat de France. Certains vont jusqu\u2019\u00e0 se demander si nous n\u2019avions pas sous nos yeux le meilleur joueur \u00e9tranger de l\u2019histoire de l\u2019\u00e9lite fran\u00e7aise. Au vu de ses performances pendant deux ans et encore davantage cette saison, avec une folle campagne en saison r\u00e9guli\u00e8re (MVP) comme en play-offs et une finale incroyable contre les doubles tenants du titre mon\u00e9gasques (MVP de la finale), sans parler de ses performances en Euroligue (troisi\u00e8me dans les votes du MVP), la question peut se poser.<\/p>\n<p class=\"fig-paragraph\">Une chose est s\u00fbre\u00a0: comme l\u2019a dit Tiago Splitter, coach br\u00e9silien du Paris Basketball, il y\u2026<\/p>\n<p class=\"fig-premium-paywall__infos\">\n        Cet article est r\u00e9serv\u00e9 aux abonn\u00e9s.        Il vous reste 88% \u00e0 d\u00e9couvrir.\n    <\/p>\n<p>                <img  data- alt=\"Le Figaro\" class=\"fig-img--complete fig-img\"\/><\/p>\n<p class=\"fig-premium-paywall__title\">Vente Flash<\/p>\n<p class=\"fig-premium-paywall__subtitle\">3,99\u20ac par mois pendant 12 mois. Sans engagement.<\/p>\n<p class=\"fig-premium-paywall__connect\">\n                D\u00e9j\u00e0 abonn\u00e9\u00a0?                <a class=\"fig-premium-paywall__connect-link\" href=\"https:\/\/connect.lefigaro.fr\/login?client=horizon_web&amp;type=main&amp;redirect_uri=https%3A%2F%2Fwww.lefigaro.fr%2Fsports%2Fbasket%2Foubliez-sa-taille-d-1-75m-c-est-un-geant-qui-est-tj-shorts-le-meneur-americain-qui-a-place-paris-au-sommet-du-basket-francais-20250625\" data-js-gtm=\"{&quot;customCategorie&quot;: &quot;conversion&quot;, &quot;customAction&quot;: &quot;before_Landing_Connexion_paywall_auto&quot;, &quot;customLabel&quot;: &quot;bGVmaWdhcm8uZnJfXzFmMDRlYmQ3LTI5ODktNjExMC04NjY0LTc5MTg0NzJmNmE3Ml9fTmV3c0ZsYXNo_\u00abOubliez sa taille d\u20191,75m, c\u2019est un g\u00e9ant\u00bb: qui est TJ Shorts, le meneur am\u00e9ricain qui a plac\u00e9 Paris au sommet du basket fran\u00e7ais\u00a0?_97&quot;, &quot;customIDSPE&quot;: &quot;bGVmaWdhcm8uZnJfXzFmMDRlYmQ3LTI5ODktNjExMC04NjY0LTc5MTg0NzJmNmE3Ml9fTmV3c0ZsYXNo&quot;, &quot;event&quot;: &quot;customEventSPE&quot;}\" target=\"_blank\" rel=\"noopener\"><br \/>\n                    Connectez-vous<br \/>\n                <\/a>\n            <\/p>\n","protected":false},"excerpt":{"rendered":"PORTRAIT \u2013 Avant de relever d\u2019autres d\u00e9fis, en Gr\u00e8ce a priori, le meneur du Paris Basketball aura \u00e9clabouss\u00e9&hellip;\n","protected":false},"author":2,"featured_media":203261,"comment_status":"","ping_status":"","sticky":false,"template":"","format":"standard","meta":{"footnotes":""},"categories":[1412],"tags":[7540,2190,1465,1464,3146,2180,2192,814,64,450,2183,1451,1452,1453,1454,1455,1011,27,2191,2193,820,2181,2182,2179,2189,2186,2184,2185,1980,60,2188,2187],"class_list":{"0":"post-203260","1":"post","2":"type-post","3":"status-publish","4":"format-standard","5":"has-post-thumbnail","7":"category-f1","8":"tag-as-monaco-basket","9":"tag-asvel","10":"tag-basket","11":"tag-basketball","12":"tag-betclic-elite","13":"tag-championnats-deurope","14":"tag-cholet","15":"tag-direct","16":"tag-equipe-de-france","17":"tag-euro","18":"tag-euroligue","19":"tag-f1","20":"tag-formula-1","21":"tag-formula1","22":"tag-formule-1","23":"tag-formule1","24":"tag-fr","25":"tag-france","26":"tag-le-mans","27":"tag-limoges","28":"tag-live","29":"tag-mondial","30":"tag-nba","31":"tag-paris-basketball","32":"tag-photos","33":"tag-play-offs","34":"tag-pro-a","35":"tag-pro-b","36":"tag-resultats","37":"tag-sports","38":"tag-statistiques","39":"tag-stats"},"share_on_mastodon":{"url":"https:\/\/pubeurope.com\/@fr\/114744140984116942","error":""},"_links":{"self":[{"href":"https:\/\/www.europesays.com\/fr\/wp-json\/wp\/v2\/posts\/203260","targetHints":{"allow":["GET"]}}],"collection":[{"href":"https:\/\/www.europesays.com\/fr\/wp-json\/wp\/v2\/posts"}],"about":[{"href":"https:\/\/www.europesays.com\/fr\/wp-json\/wp\/v2\/types\/post"}],"author":[{"embeddable":true,"href":"https:\/\/www.europesays.com\/fr\/wp-json\/wp\/v2\/users\/2"}],"replies":[{"embeddable":true,"href":"https:\/\/www.europesays.com\/fr\/wp-json\/wp\/v2\/comments?post=203260"}],"version-history":[{"count":0,"href":"https:\/\/www.europesays.com\/fr\/wp-json\/wp\/v2\/posts\/203260\/revisions"}],"wp:featuredmedia":[{"embeddable":true,"href":"https:\/\/www.europesays.com\/fr\/wp-json\/wp\/v2\/media\/203261"}],"wp:attachment":[{"href":"https:\/\/www.europesays.com\/fr\/wp-json\/wp\/v2\/media?parent=203260"}],"wp:term":[{"taxonomy":"category","embeddable":true,"href":"https:\/\/www.europesays.com\/fr\/wp-json\/wp\/v2\/categories?post=203260"},{"taxonomy":"post_tag","embeddable":true,"href":"https:\/\/www.europesays.com\/fr\/wp-json\/wp\/v2\/tags?post=203260"}],"curies":[{"name":"wp","href":"https:\/\/api.w.org\/{rel}","templated":true}]}}