{"id":203264,"date":"2025-06-25T13:04:09","date_gmt":"2025-06-25T13:04:09","guid":{"rendered":"https:\/\/www.europesays.com\/fr\/203264\/"},"modified":"2025-06-25T13:04:09","modified_gmt":"2025-06-25T13:04:09","slug":"lucas-hernandez-quitte-temporairement-le-groupe-du-psg","status":"publish","type":"post","link":"https:\/\/www.europesays.com\/fr\/203264\/","title":{"rendered":"Lucas Hernandez quitte temporairement le groupe du PSG"},"content":{"rendered":"<p><img width=\"704\" height=\"396\" src=\"https:\/\/www.europesays.com\/fr\/wp-content\/uploads\/2025\/06\/33d4326205c0ab2072881be611265e18edd05d0bc46697f1b6c2f89795e6fb1d.webp.webp\" class=\"attachment-jannah-image-post size-jannah-image-post wp-post-image\" alt=\"Lucas Hernandez\" is_main_img=\"1\" decoding=\"async\" fetchpriority=\"high\"  \/><br \/>\n Image : Franck Fife \/<br \/>\nAFP<\/p>\n<p>Quelques heures apr\u00e8s l\u2019arriv\u00e9e du PSG \u00e0 Atlanta pour<br \/>\npr\u00e9parer le huiti\u00e8me de finale de Coupe du monde des clubs, Lucas<br \/>\nHernandez a \u00e9t\u00e9 autoris\u00e9 \u00e0 quitter le groupe pour la naissance de<br \/>\nsa fille.<\/p>\n<p>Arriv\u00e9 \u00e0 <strong>Atlanta<\/strong> avec le groupe du<br \/>\n<strong>PSG<\/strong> lundi, <strong><a href=\"https:\/\/canal-supporters.com\/lucas-hernandez-le-psg-jai-dit-oui-tout-de-suite\/\" title=\"\" target=\"_blank\" rel=\"noopener\">Lucas Hernandez<\/a><\/strong> a quitt\u00e9 ses partenaires<br \/>\ntemporairement pour une belle raison. En effet, via son<br \/>\n<strong><a href=\"https:\/\/x.com\/PSG_inside\" target=\"_blank\" rel=\"noopener\" title=\"\">compte X<\/a><\/strong>, le club de la<br \/>\ncapitale a annonc\u00e9 que l\u2019international fran\u00e7ais a eu l\u2019autorisation<br \/>\nde la direction sportive et du staff technique pour quitter le<br \/>\ngroupe dans la journ\u00e9e de mardi. Et pour cause, le d\u00e9fenseur de 29<br \/>\nans a \u00e9t\u00e9 autoris\u00e9 \u00e0 rejoindre sa femme \u00e0 <strong>Miami<\/strong><br \/>\npour assister \u00e0 la naissance de sa fille. Pour rappel, le num\u00e9ro 21<br \/>\ndes Rouge &amp; Bleu avait r\u00e9alis\u00e9 le \u00ab\u00a0gender reveal\u00a0\u00bb de<br \/>\nson enfant sur la pelouse du <strong><a href=\"https:\/\/canal-supporters.com\/insolite-quand-lucas-hernandez-apprend-le-sexe-de-son-enfant-au-parc-des-princes\/\" title=\"\" target=\"_blank\" rel=\"noopener\">Parc des Princes<\/a><\/strong> en f\u00e9vrier dernier. Avec la<br \/>\njourn\u00e9e de repos accord\u00e9e par le staff parisien ce mercredi, il<br \/>\npourra profiter de ce beau moment avec sa femme.<\/p>\n<blockquote class=\"twitter-tweet\">\n<p lang=\"fr\" dir=\"ltr\">En accord avec la direction sportive et le<br \/>\nstaff technique, Lucas Hernandez a \u00e9t\u00e9 autoris\u00e9 \u00e0 quitter le groupe<br \/>\nen fin de journ\u00e9e, afin de rejoindre sa compagne \u00e0 Miami, pour la<br \/>\nnaissance de leur fille.<\/p>\n<p>\u2014 Paris Saint-Germain (@PSG_inside) <a href=\"https:\/\/twitter.com\/PSG_inside\/status\/1937662940984783062?ref_src=twsrc%5Etfw\" target=\"_blank\" rel=\"noopener\"><br \/>\nJune 25, 2025<\/a><\/p><\/blockquote>\n<p>Youtube :<br \/>\n<strong><a href=\"https:\/\/www.youtube.com\/@CanalSupportersParis\" target=\"_blank\" rel=\"noopener\" title=\"\">Canal Supporters<br \/>\nParis<\/a><\/strong><\/p>\n<p><script async src=\"https:\/\/platform.twitter.com\/widgets.js\" charset=\"utf-8\"><\/script><\/p>\n","protected":false},"excerpt":{"rendered":"Image : Franck Fife \/ AFP Quelques heures apr\u00e8s l\u2019arriv\u00e9e du PSG \u00e0 Atlanta pour pr\u00e9parer le huiti\u00e8me&hellip;\n","protected":false},"author":2,"featured_media":203265,"comment_status":"","ping_status":"","sticky":false,"template":"","format":"standard","meta":{"footnotes":""},"categories":[1410],"tags":[7151,73,63,1011,27,34248,17477,91,92,93,60,96],"class_list":{"0":"post-203264","1":"post","2":"type-post","3":"status-publish","4":"format-standard","5":"has-post-thumbnail","7":"category-football","8":"tag-coupe-du-monde-des-clubs","9":"tag-etats-unis","10":"tag-football","11":"tag-fr","12":"tag-france","13":"tag-hernandez-psg","14":"tag-lucas-hernandez","15":"tag-paris-saint-germain","16":"tag-paris-sg","17":"tag-psg","18":"tag-sports","19":"tag-une"},"share_on_mastodon":{"url":"https:\/\/pubeurope.com\/@fr\/114744148955872820","error":""},"_links":{"self":[{"href":"https:\/\/www.europesays.com\/fr\/wp-json\/wp\/v2\/posts\/203264","targetHints":{"allow":["GET"]}}],"collection":[{"href":"https:\/\/www.europesays.com\/fr\/wp-json\/wp\/v2\/posts"}],"about":[{"href":"https:\/\/www.europesays.com\/fr\/wp-json\/wp\/v2\/types\/post"}],"author":[{"embeddable":true,"href":"https:\/\/www.europesays.com\/fr\/wp-json\/wp\/v2\/users\/2"}],"replies":[{"embeddable":true,"href":"https:\/\/www.europesays.com\/fr\/wp-json\/wp\/v2\/comments?post=203264"}],"version-history":[{"count":0,"href":"https:\/\/www.europesays.com\/fr\/wp-json\/wp\/v2\/posts\/203264\/revisions"}],"wp:featuredmedia":[{"embeddable":true,"href":"https:\/\/www.europesays.com\/fr\/wp-json\/wp\/v2\/media\/203265"}],"wp:attachment":[{"href":"https:\/\/www.europesays.com\/fr\/wp-json\/wp\/v2\/media?parent=203264"}],"wp:term":[{"taxonomy":"category","embeddable":true,"href":"https:\/\/www.europesays.com\/fr\/wp-json\/wp\/v2\/categories?post=203264"},{"taxonomy":"post_tag","embeddable":true,"href":"https:\/\/www.europesays.com\/fr\/wp-json\/wp\/v2\/tags?post=203264"}],"curies":[{"name":"wp","href":"https:\/\/api.w.org\/{rel}","templated":true}]}}