{"id":203268,"date":"2025-06-25T13:06:29","date_gmt":"2025-06-25T13:06:29","guid":{"rendered":"https:\/\/www.europesays.com\/fr\/203268\/"},"modified":"2025-06-25T13:06:29","modified_gmt":"2025-06-25T13:06:29","slug":"saint-jeures-camino-des-portraits-de-pelerins-de-jean-marc-vidal-a-apprecier-dans-la-grange-boue-rault","status":"publish","type":"post","link":"https:\/\/www.europesays.com\/fr\/203268\/","title":{"rendered":"Saint-Jeures : \u00ab\u00a0Camino\u00a0\u00bb des portraits de p\u00e8lerins de Jean-Marc Vidal \u00e0 appr\u00e9cier dans la grange Bou\u00e9-Rault"},"content":{"rendered":"<p>\t\t\t\t\t\t\t\t\t\t\t\t\t\t\t\t\t\t\t\t\t\t\t\t\t\t\t\t\t\t\t\t\t\t\t\t\t\t\t\t\t\t\t\t\t\t<img decoding=\"async\" src=\"https:\/\/www.europesays.com\/fr\/wp-content\/uploads\/2025\/06\/rural2025-4.gif\" alt=\"Tence Rural Master juin 2025\"\/><\/p>\n<p>\t\t\t\t\t\t\t\t\t\t\t\t\t\t\t\t\t\t\t\t\t\t\t\t\t\t\t\t\t\t\t\t\t\t\t\t\t\t\t\t\t\t\t\t\t\t\t\t\t\t\t\t\t\t\t\t\t\t\t\t\t\t\t<a href=\"https:\/\/www.lacommere43.fr\/component\/banners\/click\/1786.html\" target=\"_blank\" title=\"Village auto juin 2025\" rel=\"noopener\"><br \/>\n\t\t\t\t\t\t\t<img decoding=\"async\" src=\"https:\/\/www.europesays.com\/fr\/wp-content\/uploads\/2025\/06\/1750768036_354_La_Commre_43_Pav__H600_x_L600_px_AUTO.jpg\" alt=\"Village auto juin 2025\"\/><br \/>\n\t\t\t\t\t\t<\/a><\/p>\n<p><strong>Jean-Marc Vidal pr\u00e9sente \u00ab\u00a0Camino\u00a0\u00bb, une s\u00e9rie de portraits grands formats de p\u00e8lerins de Compostelle, dans la grange Bou\u00e9-Rault, rue du Sabotier, au bord du GR 65 qui traverse le bourg de Saint-Jeures.\u00a0\u00a0\u00a0<\/strong>\u00a0\u00a0\u00a0\u00a0\u00a0\u00a0\u00a0\u00a0\u00a0\u00a0\u00a0\u00a0\u00a0\u00a0\u00a0\u00a0\u00a0\u00a0\u00a0<\/p>\n<p>C&rsquo;est un travail, en noir et blanc, remontant \u00e0 une quinzaine d&rsquo;ann\u00e9es, qui n&rsquo;a rien perdu de sa force et de sa pertinence, que le photographe de Tence pr\u00e9sente cet \u00e9t\u00e9 dans ce chaleureux espace d&rsquo;exposition priv\u00e9 situ\u00e9 dans le bourg de Saint-Jeures, l\u00e0 o\u00f9 justement, les ma\u00eetres des lieux tr\u00e8s engag\u00e9s dans la vie culturelle du territoire, Mich\u00e8le Bou\u00e9 et Didier Rault, font de l&rsquo;accueil de p\u00e8lerins.<\/p>\n<p><strong>La richesse des rencontres<\/strong><\/p>\n<p>C&rsquo;est dans son studio alors positionn\u00e9 au c\u0153ur de Tence, un village-\u00e9tape du chemin de Compostelle sur le GR 65 reliant Gen\u00e8ve au Puy-en-Velay, que Jean-Marc Vidal voyait passer des centaines de marcheurs chaque ann\u00e9e. Alors, une id\u00e9e avait germ\u00e9 : leur proposer une s\u00e9ance photos et la r\u00e9daction d\u2019un petit texte en t\u00e9moignage. Pour r\u00e9ussir son projet, il avait plac\u00e9 une information dans les g\u00eetes d\u2019\u00e9tape en amont. Cette exp\u00e9rience jalonn\u00e9e de rencontres improbables, \u00e9mouvantes, toutes singuli\u00e8res, s&rsquo;est r\u00e9v\u00e9l\u00e9e naturellement enrichissante pour le photographe humaniste<strong>. <\/strong>Il la fait partager \u00e0 nouveau cet \u00e9t\u00e9.<br \/><strong><br \/>Le plus : des t\u00e9moignages de p\u00e8lerins<\/strong><\/p>\n<p>Apr\u00e8s la prise de vue, Jean-Marc Vidal tendait aux marcheurs une feuille, un stylo, pour qu&rsquo;en quelques mots ou davantage, ils relatent leur p\u00e9riple. En plongeant dans ces textes, on per\u00e7oit alors que la raison principale pour enquiller autant de kilom\u00e8tres n\u2019est donc plus essentiellement religieuse, mais plut\u00f4t une qu\u00eate humaine, on recherche un d\u00e9passement personnel, on satisfait au besoin de faire une coupure dans une existence \u00e9touffante, on s&rsquo;oxyg\u00e8ne sur un chemin d\u00fbment balis\u00e9&#8230; Et cela avec le sentiment d&#8217;embo\u00eeter le pas \u00e0 des milliers d&rsquo;autres avant soi.<\/p>\n<p>Bien s\u00fbr, il faut aimer la marche, car de Tence \u00e0 Santiago de Compostela (Saint-Jacques de Compostelle), il y a 1 500\u00a0km !<\/p>\n<p><strong>Infos pratiques<\/strong><\/p>\n<p>Exposition visible rue du Sabotier \u00e0 Saint-Jeures vendredi de 15 heures \u00e0 21 heures (profitez-en lors des march\u00e9s anim\u00e9s Nuits Saint-Jeures) et le samedi de 15 heures \u00e0 18 heures.<\/p>\n<p>Sur rendez-vous en appelant le 06 08 35 33 77\u00a0<\/p>\n<p><strong>Et aussi si vous aimez la photo ne manquez pas,<a href=\"https:\/\/www.lacommere43.fr\/haut-lignon\/item\/75063-derniere-ligne-droite-avant-l-ouverture-du-5e-parcours-photographique-du-haut-lignon-6x6-ici-au-loin.html\" target=\"_blank\" rel=\"noopener\"> le 6X6<\/a><\/strong><\/p>\n","protected":false},"excerpt":{"rendered":"Jean-Marc Vidal pr\u00e9sente \u00ab\u00a0Camino\u00a0\u00bb, une s\u00e9rie de portraits grands formats de p\u00e8lerins de Compostelle, dans la grange Bou\u00e9-Rault,&hellip;\n","protected":false},"author":2,"featured_media":203269,"comment_status":"","ping_status":"","sticky":false,"template":"","format":"standard","meta":{"footnotes":""},"categories":[1358],"tags":[2281,1348,1384,1385,1386,58,59,2282,1011,27,2280,2284,2285,2283],"class_list":{"0":"post-203268","1":"post","2":"type-post","3":"status-publish","4":"format-standard","5":"has-post-thumbnail","7":"category-arts-et-design","8":"tag-actualite-43","9":"tag-arts","10":"tag-arts-and-design","11":"tag-arts-et-design","12":"tag-design","13":"tag-divertissement","14":"tag-entertainment","15":"tag-faits-divers-auvergne","16":"tag-fr","17":"tag-france","18":"tag-information-haute-loire","19":"tag-infos-43","20":"tag-journal-haute-loire","21":"tag-la-commere-43"},"share_on_mastodon":{"url":"https:\/\/pubeurope.com\/@fr\/114744157050948590","error":""},"_links":{"self":[{"href":"https:\/\/www.europesays.com\/fr\/wp-json\/wp\/v2\/posts\/203268","targetHints":{"allow":["GET"]}}],"collection":[{"href":"https:\/\/www.europesays.com\/fr\/wp-json\/wp\/v2\/posts"}],"about":[{"href":"https:\/\/www.europesays.com\/fr\/wp-json\/wp\/v2\/types\/post"}],"author":[{"embeddable":true,"href":"https:\/\/www.europesays.com\/fr\/wp-json\/wp\/v2\/users\/2"}],"replies":[{"embeddable":true,"href":"https:\/\/www.europesays.com\/fr\/wp-json\/wp\/v2\/comments?post=203268"}],"version-history":[{"count":0,"href":"https:\/\/www.europesays.com\/fr\/wp-json\/wp\/v2\/posts\/203268\/revisions"}],"wp:featuredmedia":[{"embeddable":true,"href":"https:\/\/www.europesays.com\/fr\/wp-json\/wp\/v2\/media\/203269"}],"wp:attachment":[{"href":"https:\/\/www.europesays.com\/fr\/wp-json\/wp\/v2\/media?parent=203268"}],"wp:term":[{"taxonomy":"category","embeddable":true,"href":"https:\/\/www.europesays.com\/fr\/wp-json\/wp\/v2\/categories?post=203268"},{"taxonomy":"post_tag","embeddable":true,"href":"https:\/\/www.europesays.com\/fr\/wp-json\/wp\/v2\/tags?post=203268"}],"curies":[{"name":"wp","href":"https:\/\/api.w.org\/{rel}","templated":true}]}}