{"id":203288,"date":"2025-06-25T13:17:14","date_gmt":"2025-06-25T13:17:14","guid":{"rendered":"https:\/\/www.europesays.com\/fr\/203288\/"},"modified":"2025-06-25T13:17:14","modified_gmt":"2025-06-25T13:17:14","slug":"la-sncf-suspend-la-circulation-des-trains-ce-mercredi-soir-les-lignes-concernees","status":"publish","type":"post","link":"https:\/\/www.europesays.com\/fr\/203288\/","title":{"rendered":"la SNCF suspend la circulation des trains ce mercredi soir, les lignes concern\u00e9es"},"content":{"rendered":"<p>            Par<br \/>\n        <strong><br \/>\n            <a href=\"https:\/\/actu.fr\/auteur\/eaube\" title=\"Consulter tous les articles de Elo\u00efse Aub\u00e9\" target=\"_blank\" rel=\"noopener\">Elo\u00efse Aub\u00e9<\/a><br \/>\n        <\/strong><\/p>\n<p>        Publi\u00e9 le<\/p>\n<p>            25 juin 2025 \u00e0 12h49        <\/p>\n<p>En pr\u00e9vision de la <a href=\"https:\/\/actu.fr\/societe\/grele-rafales-de-puissants-orages-attendus-en-seine-maritime-on-vous-dit-quand_62818463.html\" target=\"_blank\" rel=\"noopener\">vigilance orange aux orages<\/a>, active ce mercredi 25\u00a0juin 2025 d\u00e8s 21\u00a0heures en Seine-Maritime, la SNCF a pris les devants pour \u00e9viter \u00ab\u2009l\u2019arr\u00eat des trains en pleine voie\u2009\u00bb.<\/p>\n<p class=\" wall-content\">De fait,<strong> la circulation des trains est interrompue entre Paris et la Normandie<\/strong> d\u00e8s ce soir et notamment sur la ligne Paris-Rouen-Le\u00a0Havre. Voici les num\u00e9ros de trains\u2009:<\/p>\n<ul class=\" wall-content\">\n<li>N\u00b0\u00a013151<\/li>\n<li>N\u00b0\u00a03131<\/li>\n<li>N\u00b0\u00a013153<\/li>\n<li>N\u00b0\u00a03133<\/li>\n<li>N\u00b0\u00a013157<\/li>\n<li>N\u00b0\u00a03130<\/li>\n<li>N\u00b013160<\/li>\n<li>N\u00b0\u00a03132<\/li>\n<\/ul>\n<p class=\" wall-content\">Si les conditions m\u00e9t\u00e9orologiques le permettent, le <strong>trafic ferroviaire<\/strong> devrait pouvoir reprendre jeudi 26\u00a0juin au matin.<\/p>\n<p class=\" wall-content\">\n<p class=\" wall-content\">Il est d\u2019ores et d\u00e9j\u00e0 possible de demander l\u2019\u00e9change ou le remboursement de son billet <a href=\"https:\/\/www.ter.sncf.com\/normandie\/tarifs-cartes\/bypass\" target=\"_blank\" rel=\"noopener\">ici<\/a> (sous conditions).<\/p>\n<p>Rafales et gr\u00eale<\/p>\n<p class=\" wall-content\">Cet \u00e9pisode orageux <strong>s\u2019annonce particuli\u00e8rement intense<\/strong> \u00e0 l\u2019instar de ce qu\u2019a connu la Seine-Maritime<a href=\"https:\/\/actu.fr\/societe\/incendies-trains-stoppes-facade-effondree-les-orages-ont-fait-des-degats-en-seine-maritime_62773245.html\" target=\"_blank\" rel=\"noopener\"> le 13\u00a0juin dernier<\/a><\/p>\n<p>Vid\u00e9os : en ce moment sur Actu<\/p>\n<p class=\" wall-content\">Des rafales \u00e0 pr\u00e8s de 110\u00a0km\/h sont attendues dans le d\u00e9partement, accompagn\u00e9es par endroits, de gr\u00eale.<\/p>\n<p class=\" wall-content\">La pr\u00e9fecture invite les habitants \u00e0 rentrer le mat\u00e9riel qui pourrait s\u2019envoler et \u00e0 limiter les d\u00e9placements.<\/p>\n<p>Suivez l\u2019actualit\u00e9 de Rouen\u00a0sur notre <a href=\"https:\/\/www.whatsapp.com\/channel\/0029VaKfnf99hXF2ddApFB1D\" target=\"_blank\" rel=\"noopener\">cha\u00eene WhatsApp<\/a> et du\u00a0Havre sur notre <a href=\"https:\/\/www.whatsapp.com\/channel\/0029VaFqJYE8aKvLBwVrEe0o\" target=\"_blank\" rel=\"noopener\">cha\u00eene WhatsApp<\/a> ainsi que sur notre <a href=\"https:\/\/www.tiktok.com\/@76actu.fr?lang=fr\" target=\"_blank\" rel=\"noopener\">compte TikTok<\/a><\/p>\n<p class=\" wall-content\">Suivez toute l\u2019actualit\u00e9 de vos villes et m\u00e9dias favoris en vous inscrivant \u00e0 <a href=\"https:\/\/moncompte.actu.fr\" title=\"D\u00e9couvez Mon Actu\" rel=\"nofollow noopener\" data-trk=\"{&quot;cta&quot;:{&quot;action&quot;:&quot;https:\\\/\\\/moncompte.actu.fr&quot;,&quot;category&quot;:&quot;mon compte&quot;,&quot;from&quot;:&quot;article footer&quot;,&quot;name&quot;:&quot;Mon actu&quot;,&quot;type&quot;:&quot;cta&quot;}}\" target=\"_blank\">Mon Actu<\/a>.<\/p>\n<p>                    <script async src=\"\/\/www.tiktok.com\/embed.js\"><\/script><\/p>\n","protected":false},"excerpt":{"rendered":"Par Elo\u00efse Aub\u00e9 Publi\u00e9 le 25 juin 2025 \u00e0 12h49 En pr\u00e9vision de la vigilance orange aux orages,&hellip;\n","protected":false},"author":2,"featured_media":203289,"comment_status":"","ping_status":"","sticky":false,"template":"","format":"standard","meta":{"footnotes":""},"categories":[4],"tags":[11,1011,27,3059,2487,2357,12,25,2215],"class_list":{"0":"post-203288","1":"post","2":"type-post","3":"status-publish","4":"format-standard","5":"has-post-thumbnail","7":"category-france","8":"tag-actualites","9":"tag-fr","10":"tag-france","11":"tag-intemperies","12":"tag-meteo","13":"tag-meteo-france","14":"tag-news","15":"tag-republique-francaise","16":"tag-sncf"},"share_on_mastodon":{"url":"https:\/\/pubeurope.com\/@fr\/114744199991369778","error":""},"_links":{"self":[{"href":"https:\/\/www.europesays.com\/fr\/wp-json\/wp\/v2\/posts\/203288","targetHints":{"allow":["GET"]}}],"collection":[{"href":"https:\/\/www.europesays.com\/fr\/wp-json\/wp\/v2\/posts"}],"about":[{"href":"https:\/\/www.europesays.com\/fr\/wp-json\/wp\/v2\/types\/post"}],"author":[{"embeddable":true,"href":"https:\/\/www.europesays.com\/fr\/wp-json\/wp\/v2\/users\/2"}],"replies":[{"embeddable":true,"href":"https:\/\/www.europesays.com\/fr\/wp-json\/wp\/v2\/comments?post=203288"}],"version-history":[{"count":0,"href":"https:\/\/www.europesays.com\/fr\/wp-json\/wp\/v2\/posts\/203288\/revisions"}],"wp:featuredmedia":[{"embeddable":true,"href":"https:\/\/www.europesays.com\/fr\/wp-json\/wp\/v2\/media\/203289"}],"wp:attachment":[{"href":"https:\/\/www.europesays.com\/fr\/wp-json\/wp\/v2\/media?parent=203288"}],"wp:term":[{"taxonomy":"category","embeddable":true,"href":"https:\/\/www.europesays.com\/fr\/wp-json\/wp\/v2\/categories?post=203288"},{"taxonomy":"post_tag","embeddable":true,"href":"https:\/\/www.europesays.com\/fr\/wp-json\/wp\/v2\/tags?post=203288"}],"curies":[{"name":"wp","href":"https:\/\/api.w.org\/{rel}","templated":true}]}}