{"id":203290,"date":"2025-06-25T13:18:10","date_gmt":"2025-06-25T13:18:10","guid":{"rendered":"https:\/\/www.europesays.com\/fr\/203290\/"},"modified":"2025-06-25T13:18:10","modified_gmt":"2025-06-25T13:18:10","slug":"marine-le-pen-a-demande-a-jordan-bardella-de-se-preparer","status":"publish","type":"post","link":"https:\/\/www.europesays.com\/fr\/203290\/","title":{"rendered":"Marine Le\u00a0Pen \u00ab\u00a0a demand\u00e9\u00a0\u00bb \u00e0 Jordan Bardella \u00ab\u00a0de se pr\u00e9parer\u00a0\u00bb"},"content":{"rendered":"<p>Le Rassemblement national veut se tenir pr\u00eat. Emp\u00eatr\u00e9 dans <a href=\"https:\/\/www.20minutes.fr\/justice\/4146256-20250331-proces-rn-marine-pen-condamnee-ineligible-23-autres-personnes-condamnees\" class=\"color-ultramarine c-link\" target=\"_blank\" rel=\"noopener\">ses affaires de d\u00e9tournement de fonds publics<\/a>, le parti d\u2019extr\u00eame droite pourrait \u00eatre priv\u00e9 de sa meilleure candidate pour la pr\u00e9sidentielle de\u00a02027. Condamn\u00e9e <a href=\"https:\/\/www.20minutes.fr\/politique\/4146352-20250401-condamnation-marine-pen-quand-reclamait-ineligibilite-vie-detournements-fonds-publics\" class=\"color-ultramarine c-link\" target=\"_blank\" rel=\"noopener\">\u00e0 une peine d\u2019in\u00e9ligibilit\u00e9 de cinq ans<\/a>, Marine Le\u00a0Pen est suspendue \u00e0 un proc\u00e8s en appel qui devrait se tenir avant la fin du mandat d\u2019Emmanuel Macron. Mais dans l\u2019hypoth\u00e8se o\u00f9 sa peine serait confirm\u00e9e, la fille du fondateur du FN <a href=\"https:\/\/www.20minutes.fr\/justice\/4153899-20250516-rn-vise-nouvelle-enquete-financiere-jordan-bardella-plaint-harcelement\" class=\"color-ultramarine c-link\" target=\"_blank\" rel=\"noopener\">pourrait faire appel \u00e0 Jordan Bardella<\/a>. C\u2019est en tout cas ce que Marine Le\u00a0Pen a fait savoir, dans un entretien paru <a href=\"https:\/\/www.valeursactuelles.com\/clubvaleurs\/politique\/marine-le-pen-emmanuel-macron-cherche-a-echapper-a-sa-culpabilite\" rel=\"nofollow noopener\" target=\"_blank\" class=\"color-ultramarine c-link\">ce mercredi dans Valeurs actuelles<\/a>.<\/p>\n<p>\u00ab\u00a0J\u2019ai int\u00e9gr\u00e9 l\u2019hypoth\u00e8se que je ne puisse pas me pr\u00e9senter. Jordan a int\u00e9gr\u00e9 la possibilit\u00e9 qu\u2019il doive reprendre le flambeau. Je lui ai moi-m\u00eame demand\u00e9 de r\u00e9fl\u00e9chir et de se pr\u00e9parer \u00e0 cette \u00e9ventualit\u00e9\u00a0\u00bb, assure la d\u00e9put\u00e9e du Pas-de-Calais. Fin mars, elle avait \u00e9cop\u00e9 d\u2019une peine d\u2019in\u00e9ligibilit\u00e9 de cinq ans avec effet imm\u00e9diat<a href=\"https:\/\/www.20minutes.fr\/politique\/4146225-20250331-proces-assistants-rn-cabale-judiciaire-reactions-condamnation-marine-pen\" class=\"color-ultramarine c-link\" target=\"_blank\" rel=\"noopener\"> et \u00e0 quatre ans d\u2019emprisonnement dont deux ferme<\/a>. La justice l\u2019a reconnue coupable d\u2019avoir orchestr\u00e9 \u00ab\u00a0un syst\u00e8me\u00a0\u00bb permettant \u00e0 son parti de payer des salari\u00e9s du RN avec l\u2019argent du Parlement europ\u00e9en entre\u00a02004 et\u00a02016. Montant de la fraude\u00a0: 4,4\u00a0millions d\u2019euros.<\/p>\n<\/p>\n<p>Un deuxi\u00e8me proc\u00e8s doit se tenir <a href=\"https:\/\/www.20minutes.fr\/justice\/4146633-20250402-condamnation-marine-pen-beneficie-traitement-faveur-obtenant-proces-appel-rapidement\" class=\"color-ultramarine c-link\" target=\"_blank\" rel=\"noopener\">dans les prochains mois devant la Cour d\u2019appel de Paris<\/a>, qui rendra sa d\u00e9cision \u00ab\u00a0\u00e0 l\u2019\u00e9t\u00e9\u00a02026\u00a0\u00bb. \u00ab\u00a0D\u2019ici l\u00e0, je continue \u00e0 me battre. Bien s\u00fbr que la situation n\u2019est pas id\u00e9ale. Mais que me sugg\u00e9rez-vous d\u2019autre\u00a0? Que je me suicide avant d\u2019\u00eatre assassin\u00e9e\u00a0?\u00a0\u00bb, interroge Marine Le\u00a0Pen dans le magazine proche de l\u2019extr\u00eame droite.<\/p>\n<p>Quelques \u00e9tincelles ces derniers mois<\/p>\n<p>La triple candidate malheureuse \u00e0 la pr\u00e9sidentielle avait jusqu\u2019alors renvoy\u00e9 une candidature Bardella \u00e0 l\u2019Elys\u00e9e en\u00a02027 \u00e0 une possibilit\u00e9 purement th\u00e9orique, \u00e0 la limite de l\u2019incongruit\u00e9. Marine Le\u00a0Pen avait <a href=\"https:\/\/www.lemonde.fr\/politique\/article\/2025\/05\/29\/marine-le-pen-en-visite-en-nouvelle-caledonie-recadre-jordan-bardella-sur-sa-connaissance-de-l-archipel-et-reaffirme-son-statut-de-candidate-a-la-presidentielle_6609126_823448.html\" rel=\"nofollow noopener\" target=\"_blank\" class=\"color-ultramarine c-link\">m\u00eame trahi son agacement, le mois dernier,<\/a> en se disant \u00ab\u00a0pas s\u00fbre que Jordan, pour le coup, connaisse tr\u00e8s bien les probl\u00e8mes de la Nouvelle-Cal\u00e9donie\u00a0\u00bb, lors d\u2019un d\u00e9placement \u00e0 Noum\u00e9a. Depuis Paris, l\u2019int\u00e9ress\u00e9 avait voulu minimiser dans la foul\u00e9e, y voyant une r\u00e9flexion selon lui \u00ab\u00a0sortie de son contexte\u00a0\u00bb\u2026 tout en assurant \u00ab\u00a0tr\u00e8s bien\u00a0\u00bb conna\u00eetre, lui aussi, le dossier des Outre-mer.<\/p>\n","protected":false},"excerpt":{"rendered":"Le Rassemblement national veut se tenir pr\u00eat. Emp\u00eatr\u00e9 dans ses affaires de d\u00e9tournement de fonds publics, le parti&hellip;\n","protected":false},"author":2,"featured_media":203291,"comment_status":"","ping_status":"","sticky":false,"template":"","format":"standard","meta":{"footnotes":""},"categories":[2],"tags":[47,11,1770,19650,3079,4527,1073,1076,1011,27,1077,303,430,12,8552,316,2556],"class_list":{"0":"post-203290","1":"post","2":"type-post","3":"status-publish","4":"format-standard","5":"has-post-thumbnail","7":"category-actualites","8":"tag-actualite","9":"tag-actualites","10":"tag-corruption","11":"tag-detournement-de-fonds-publics","12":"tag-election-presidentielle-2027","13":"tag-elysee","14":"tag-emmanuel-macron","15":"tag-extreme-droite","16":"tag-fr","17":"tag-france","18":"tag-jordan-bardella","19":"tag-justice","20":"tag-marine-le-pen","21":"tag-news","22":"tag-parlement-europeen","23":"tag-politique","24":"tag-rassemblement-national-rn"},"share_on_mastodon":{"url":"https:\/\/pubeurope.com\/@fr\/114744203900592974","error":""},"_links":{"self":[{"href":"https:\/\/www.europesays.com\/fr\/wp-json\/wp\/v2\/posts\/203290","targetHints":{"allow":["GET"]}}],"collection":[{"href":"https:\/\/www.europesays.com\/fr\/wp-json\/wp\/v2\/posts"}],"about":[{"href":"https:\/\/www.europesays.com\/fr\/wp-json\/wp\/v2\/types\/post"}],"author":[{"embeddable":true,"href":"https:\/\/www.europesays.com\/fr\/wp-json\/wp\/v2\/users\/2"}],"replies":[{"embeddable":true,"href":"https:\/\/www.europesays.com\/fr\/wp-json\/wp\/v2\/comments?post=203290"}],"version-history":[{"count":0,"href":"https:\/\/www.europesays.com\/fr\/wp-json\/wp\/v2\/posts\/203290\/revisions"}],"wp:featuredmedia":[{"embeddable":true,"href":"https:\/\/www.europesays.com\/fr\/wp-json\/wp\/v2\/media\/203291"}],"wp:attachment":[{"href":"https:\/\/www.europesays.com\/fr\/wp-json\/wp\/v2\/media?parent=203290"}],"wp:term":[{"taxonomy":"category","embeddable":true,"href":"https:\/\/www.europesays.com\/fr\/wp-json\/wp\/v2\/categories?post=203290"},{"taxonomy":"post_tag","embeddable":true,"href":"https:\/\/www.europesays.com\/fr\/wp-json\/wp\/v2\/tags?post=203290"}],"curies":[{"name":"wp","href":"https:\/\/api.w.org\/{rel}","templated":true}]}}