{"id":203292,"date":"2025-06-25T13:19:10","date_gmt":"2025-06-25T13:19:10","guid":{"rendered":"https:\/\/www.europesays.com\/fr\/203292\/"},"modified":"2025-06-25T13:19:10","modified_gmt":"2025-06-25T13:19:10","slug":"une-fermeture-de-classe-qui-entraine-colere-et-incomprehension","status":"publish","type":"post","link":"https:\/\/www.europesays.com\/fr\/203292\/","title":{"rendered":"une fermeture de classe qui entra\u00eene col\u00e8re et incompr\u00e9hension"},"content":{"rendered":"<p>Le coll\u00e8ge Jean Dast\u00e9, class\u00e9 en R\u00e9seau d\u2019\u00c9ducation Prioritaire (REP), accueille une population scolaire issue de milieux socio-\u00e9conomiques tr\u00e8s d\u00e9favoris\u00e9s. Son Indice de Position Sociale (IPS) de 72,7, extr\u00eamement bas, le place avant-avant-dernier des \u00e9tablissements. Il se situe m\u00eame derri\u00e8re des \u00e9tablissements class\u00e9s en REP \u00ab\u00a0renforc\u00e9\u00a0\u00bb qui, eux, b\u00e9n\u00e9ficient de seuils d\u2019\u00e9l\u00e8ves par classe bien plus favorables.<\/p>\n<p>Le quartier d\u2019implantation du coll\u00e8ge est marqu\u00e9 par une forte pr\u00e9sence de structures d\u2019accueil de migrants, ce qui se traduit par l\u2019arriv\u00e9e r\u00e9guli\u00e8re, en cours d\u2019ann\u00e9e, de nouveaux \u00e9l\u00e8ves, certains allophones (actuellement 27) qui viennent ainsi alourdir les effectifs.<\/p>\n<p>  Une suppression de classe lourde de cons\u00e9quences<\/p>\n<p>L\u2019annonce de la suppression d\u2019une classe de 5 e pour la prochaine rentr\u00e9e est particuli\u00e8rement pr\u00e9occupante. Les quatre classes actuelles de 6 e devront se r\u00e9partir dans seulement trois classes de 5e. \u00c0 ce jour, 88 \u00e9l\u00e8ves sont annonc\u00e9s en 5 e , dont 83 d\u00e9j\u00e0 inscrits et 5 en liste d\u2019attente. Cette d\u00e9cision entra\u00eenera des effectifs surcharg\u00e9s, avec 28 \u00e0 30 \u00e9l\u00e8ves par classe, alors que la norme REP est fix\u00e9e \u00e0 moins de 26 \u00e9l\u00e8ves et la moyenne nationale \u00e0 22 \u00e9l\u00e8ves par classe.<\/p>\n<p>  Des difficult\u00e9s p\u00e9dagogiques et mat\u00e9rielles aggrav\u00e9es<\/p>\n<p>Au-del\u00e0 des d\u00e9fis quotidiens li\u00e9s \u00e0 l\u2019enseignement en REP, ces effectifs pl\u00e9thoriques engendrent de nombreux probl\u00e8mes. En EPS et en natation notamment, seulement 36\u00a0% des \u00e9l\u00e8ves de 6e ont r\u00e9ussi le test \u00ab\u00a0savoir nager\u00a0\u00bb, un chiffre qui risque de ne pas s\u2019am\u00e9liorer avec des classes surcharg\u00e9es. Par ailleurs, \u00e0 la rentr\u00e9e prochaine, 10 \u00e9l\u00e8ves de 5 e exigeront un Accompagnement d\u2019\u00c9l\u00e8ves en Situation de Handicap (AESH), soulevant la question cruciale de la capacit\u00e9 d\u2019accueil des salles de classe.<\/p>\n<p>Cette situation met en p\u00e9ril les conditions d\u2019apprentissage des \u00e9l\u00e8ves les plus fragiles et alourdit consid\u00e9rablement la charge de travail des \u00e9quipes p\u00e9dagogiques.<\/p>\n","protected":false},"excerpt":{"rendered":"Le coll\u00e8ge Jean Dast\u00e9, class\u00e9 en R\u00e9seau d\u2019\u00c9ducation Prioritaire (REP), accueille une population scolaire issue de milieux socio-\u00e9conomiques&hellip;\n","protected":false},"author":2,"featured_media":203293,"comment_status":"","ping_status":"","sticky":false,"template":"","format":"standard","meta":{"footnotes":""},"categories":[9653],"tags":[1111,11,2430,7539,1057,1777,674,1011,27,12,25,4001,7538],"class_list":{"0":"post-203292","1":"post","2":"type-post","3":"status-publish","4":"format-standard","5":"has-post-thumbnail","7":"category-saint-etienne","8":"tag-actu","9":"tag-actualites","10":"tag-auvergne-rhone-alpes","11":"tag-edition-loire-sud","12":"tag-education","13":"tag-eu","14":"tag-europe","15":"tag-fr","16":"tag-france","17":"tag-news","18":"tag-republique-francaise","19":"tag-saint-etienne","20":"tag-saint-etienne-ville"},"share_on_mastodon":{"url":"https:\/\/pubeurope.com\/@fr\/114744207791579253","error":""},"_links":{"self":[{"href":"https:\/\/www.europesays.com\/fr\/wp-json\/wp\/v2\/posts\/203292","targetHints":{"allow":["GET"]}}],"collection":[{"href":"https:\/\/www.europesays.com\/fr\/wp-json\/wp\/v2\/posts"}],"about":[{"href":"https:\/\/www.europesays.com\/fr\/wp-json\/wp\/v2\/types\/post"}],"author":[{"embeddable":true,"href":"https:\/\/www.europesays.com\/fr\/wp-json\/wp\/v2\/users\/2"}],"replies":[{"embeddable":true,"href":"https:\/\/www.europesays.com\/fr\/wp-json\/wp\/v2\/comments?post=203292"}],"version-history":[{"count":0,"href":"https:\/\/www.europesays.com\/fr\/wp-json\/wp\/v2\/posts\/203292\/revisions"}],"wp:featuredmedia":[{"embeddable":true,"href":"https:\/\/www.europesays.com\/fr\/wp-json\/wp\/v2\/media\/203293"}],"wp:attachment":[{"href":"https:\/\/www.europesays.com\/fr\/wp-json\/wp\/v2\/media?parent=203292"}],"wp:term":[{"taxonomy":"category","embeddable":true,"href":"https:\/\/www.europesays.com\/fr\/wp-json\/wp\/v2\/categories?post=203292"},{"taxonomy":"post_tag","embeddable":true,"href":"https:\/\/www.europesays.com\/fr\/wp-json\/wp\/v2\/tags?post=203292"}],"curies":[{"name":"wp","href":"https:\/\/api.w.org\/{rel}","templated":true}]}}