{"id":203298,"date":"2025-06-25T13:22:42","date_gmt":"2025-06-25T13:22:42","guid":{"rendered":"https:\/\/www.europesays.com\/fr\/203298\/"},"modified":"2025-06-25T13:22:42","modified_gmt":"2025-06-25T13:22:42","slug":"nancy-les-eleves-daurelia-danse-en-spectacle-a-poirel-ce-samedi","status":"publish","type":"post","link":"https:\/\/www.europesays.com\/fr\/203298\/","title":{"rendered":"Nancy. Les \u00e9l\u00e8ves d\u2019Aur\u00e9lia Danse en spectacle \u00e0 Poirel ce samedi"},"content":{"rendered":"<p>Nouveau spectacle de l\u2019\u00e9cole de danse Aureliadanse avec tous les \u00e9l\u00e8ves. <\/p>\n<p>Aur\u00e9lia, le professeur, s\u2019est inspir\u00e9e de l\u2019\u0153uvre de Saint-Exup\u00e9ry \u00ab\u00a0Le petit prince\u00a0\u00bb pour pr\u00e9senter le travail de ses \u00e9l\u00e8ves avec cette nouvelle cr\u00e9ation de danse contemporaine, classique et modern\u2019jazz.<\/p>\n<p class=\"note\">Samedi 28\u00a0juin \u00e0 19\u00a0h salle Poirel. Tarifs\u00a0: de 18 \u00e0 25\u00a0\u20ac. Le spectacle dure 1\u00a0h\u00a045 sans entracte.<\/p>\n","protected":false},"excerpt":{"rendered":"Nouveau spectacle de l\u2019\u00e9cole de danse Aureliadanse avec tous les \u00e9l\u00e8ves. Aur\u00e9lia, le professeur, s\u2019est inspir\u00e9e de l\u2019\u0153uvre&hellip;\n","protected":false},"author":2,"featured_media":203299,"comment_status":"","ping_status":"","sticky":false,"template":"","format":"standard","meta":{"footnotes":""},"categories":[9635],"tags":[1111,11,1687,1704,1777,674,1011,27,775,1702,1703,12,25,3140],"class_list":{"0":"post-203298","1":"post","2":"type-post","3":"status-publish","4":"format-standard","5":"has-post-thumbnail","7":"category-nancy","8":"tag-actu","9":"tag-actualites","10":"tag-culture-loisirs","11":"tag-edition-nancy-et-agglomeration","12":"tag-eu","13":"tag-europe","14":"tag-fr","15":"tag-france","16":"tag-grand-est","17":"tag-nancy","18":"tag-nancy-ville-54b","19":"tag-news","20":"tag-republique-francaise","21":"tag-spectacle"},"share_on_mastodon":{"url":"https:\/\/pubeurope.com\/@fr\/114744219663270628","error":""},"_links":{"self":[{"href":"https:\/\/www.europesays.com\/fr\/wp-json\/wp\/v2\/posts\/203298","targetHints":{"allow":["GET"]}}],"collection":[{"href":"https:\/\/www.europesays.com\/fr\/wp-json\/wp\/v2\/posts"}],"about":[{"href":"https:\/\/www.europesays.com\/fr\/wp-json\/wp\/v2\/types\/post"}],"author":[{"embeddable":true,"href":"https:\/\/www.europesays.com\/fr\/wp-json\/wp\/v2\/users\/2"}],"replies":[{"embeddable":true,"href":"https:\/\/www.europesays.com\/fr\/wp-json\/wp\/v2\/comments?post=203298"}],"version-history":[{"count":0,"href":"https:\/\/www.europesays.com\/fr\/wp-json\/wp\/v2\/posts\/203298\/revisions"}],"wp:featuredmedia":[{"embeddable":true,"href":"https:\/\/www.europesays.com\/fr\/wp-json\/wp\/v2\/media\/203299"}],"wp:attachment":[{"href":"https:\/\/www.europesays.com\/fr\/wp-json\/wp\/v2\/media?parent=203298"}],"wp:term":[{"taxonomy":"category","embeddable":true,"href":"https:\/\/www.europesays.com\/fr\/wp-json\/wp\/v2\/categories?post=203298"},{"taxonomy":"post_tag","embeddable":true,"href":"https:\/\/www.europesays.com\/fr\/wp-json\/wp\/v2\/tags?post=203298"}],"curies":[{"name":"wp","href":"https:\/\/api.w.org\/{rel}","templated":true}]}}