{"id":203310,"date":"2025-06-25T13:29:17","date_gmt":"2025-06-25T13:29:17","guid":{"rendered":"https:\/\/www.europesays.com\/fr\/203310\/"},"modified":"2025-06-25T13:29:17","modified_gmt":"2025-06-25T13:29:17","slug":"le-ministre-de-lindustrie-marc-ferracci-attendu-a-grenoble-et-au-pont-de-claix-ce-jeudi","status":"publish","type":"post","link":"https:\/\/www.europesays.com\/fr\/203310\/","title":{"rendered":"le ministre de l&rsquo;Industrie Marc Ferracci attendu \u00e0 Grenoble et au Pont-de-Claix ce jeudi"},"content":{"rendered":"<p>Le ministre de l\u2019Industrie et de l\u2019\u00c9nergie <a href=\"https:\/\/www.ledauphine.com\/p\/marc-ferracci\" target=\"_blank\" rel=\"noopener\">Marc Ferracci<\/a> est attendu en Is\u00e8re ce jeudi. Il se rendra en premier lieu \u00e0 Grenoble, en pr\u00e9fecture, o\u00f9 il participera en milieu de matin\u00e9e \u00e0 un comit\u00e9 de pilotage (Copil) relatif \u00e0 la plateforme chimique du Pont-de-Claix et aux perspectives pour le territoire. La r\u00e9union, organis\u00e9e par la pr\u00e9f\u00e8te Catherine S\u00e9guin, se tiendra avec des \u00e9lus locaux (certains en visio) \u2013 dont les parlementaires et s\u00e9nateurs mais aussi le maire du Pont-de-Claix (et pr\u00e9sident de la M\u00e9tropole) <a href=\"https:\/\/www.ledauphine.com\/p\/christophe-ferrari\" target=\"_blank\" rel=\"noopener\">Christophe Ferrari<\/a> \u2013 et des services de l\u2019\u00c9tat.<\/p>\n<p>Ce contenu est bloqu\u00e9 car vous n&rsquo;avez pas accept\u00e9 les cookies et autres traceurs.<\/p>\n<p>En cliquant sur \u00ab J\u2019accepte \u00bb, les cookies et autres traceurs seront d\u00e9pos\u00e9s et vous pourrez visualiser les contenus  (<a href=\"\" class=\"consentModule_policy\" target=\"_blank\" title=\"Consulter la politique de protection des donn\u00e9es du fournisseur\">plus d&rsquo;informations<\/a>).<\/p>\n<p>En cliquant sur \u00ab J\u2019accepte tous les cookies \u00bb, vous autorisez des d\u00e9p\u00f4ts de cookies et autres traceurs pour le stockage de vos donn\u00e9es sur nos sites et applications \u00e0 des fins de personnalisation et de ciblage publicitaire.<\/p>\n<p class=\"consentModule_secondaryText\">Vous gardez la possibilit\u00e9 de retirer votre consentement \u00e0 tout moment en consultant notre <a href=\"https:\/\/www.ledauphine.com\/protection-des-donnees\" target=\"_blank\" title=\"Consulter notre politique de protection des donn\u00e9es\" rel=\"noopener\">politique de protection des donn\u00e9es<\/a>. <br \/>&#13;<br \/>\n            <a href=\"https:\/\/www.ledauphine.com\/politique\/2025\/06\/25\/javascript:Didomi.notice.show()\" class=\"consentModule_cmp\" target=\"_blank\" rel=\"noopener\">G\u00e9rer mes choix<\/a>&#13;\n        <\/p>\n<p>&#13;<br \/>\n                        J&rsquo;accepte&#13;<br \/>\n            J&rsquo;accepte tous les cookies&#13;\n        <\/p>\n<p>En marge de ce Copil, le ministre devrait \u00e9galement se rendre sur le site de la plateforme chimique en tout d\u00e9but d\u2019apr\u00e8s-midi pour rencontrer le repreneur de Vencorex \u2013 BorsodChem, du groupe chinois Wanhua \u2013 ainsi que les repr\u00e9sentants des salari\u00e9s.<\/p>\n<p>Le 10\u00a0avril dernier, jour o\u00f9 <a href=\"https:\/\/www.ledauphine.com\/economie\/2025\/04\/10\/isere-le-pont-de-claix-industrie-vencorex-va-passer-sous-pavillon-chinois-c-est-120-ans-d-histoire-qui-s-arretent-ici\" target=\"_blank\" rel=\"noopener\">le tribunal de commerce de Lyon avait statu\u00e9 en faveur de la reprise partielle chinoise<\/a> (et rejet\u00e9 le projet de Soci\u00e9t\u00e9 coop\u00e9rative port\u00e9 par les salari\u00e9s de Vencorex), le ministre avait d\u00e9clar\u00e9 : \u00ab Je me rendrai prochainement sur place, afin de r\u00e9it\u00e9rer l\u2019engagement de l\u2019\u00c9tat d\u2019\u00eatre aux c\u00f4t\u00e9s des \u00e9lus locaux et des collectivit\u00e9s pour pr\u00e9parer l\u2019avenir du site et \u0153uvrer au rebond du territoire \u00bb.<\/p>\n<p>Cette visite est tr\u00e8s attendue par le territoire. \u00ab Pour l\u2019heure, je n\u2019ai pas eu d\u2019\u00e9change sur le pacte territorial que le ministre avait promis. Nous esp\u00e9rons que sa venue sera l\u2019occasion d\u2019\u00e9voquer sa vision de la chimie fran\u00e7aise mais aussi l\u2019avenir des plateformes du Pont-de-Claix et de Jarrie\u00bb, selon Christophe Ferrari.\u00a0 Qui conclut: \u00ab Quoi qu\u2019il en soit, le territoire continue de travailler avec les porteurs du projet de SCIC et des industriels pour monter un projet sur le site pontois, hormis sur la partie appartenant \u00e0 BorsodChem. Nous sommes \u00e0 l\u2019\u0153uvre et d\u00e9termin\u00e9s. \u00bb\u00a0 \u00a0\u00a0<\/p>\n","protected":false},"excerpt":{"rendered":"Le ministre de l\u2019Industrie et de l\u2019\u00c9nergie Marc Ferracci est attendu en Is\u00e8re ce jeudi. Il se rendra&hellip;\n","protected":false},"author":2,"featured_media":203311,"comment_status":"","ping_status":"","sticky":false,"template":"","format":"standard","meta":{"footnotes":""},"categories":[9566],"tags":[1111,11,2430,33,112,113,1777,674,107,1011,27,2731,2732,693,108,3294,12,316,25,104],"class_list":{"0":"post-203310","1":"post","2":"type-post","3":"status-publish","4":"format-standard","5":"has-post-thumbnail","7":"category-grenoble","8":"tag-actu","9":"tag-actualites","10":"tag-auvergne-rhone-alpes","11":"tag-economie","12":"tag-edition-grenoble-agglomeration","13":"tag-edition-gresivaudan-oisans","14":"tag-eu","15":"tag-europe","16":"tag-fil-info","17":"tag-fr","18":"tag-france","19":"tag-grenoble","20":"tag-grenoble-bassin","21":"tag-industrie","22":"tag-isere","23":"tag-le-pont-de-claix","24":"tag-news","25":"tag-politique","26":"tag-republique-francaise","27":"tag-societe"},"share_on_mastodon":{"url":"https:\/\/pubeurope.com\/@fr\/114744247145039447","error":""},"_links":{"self":[{"href":"https:\/\/www.europesays.com\/fr\/wp-json\/wp\/v2\/posts\/203310","targetHints":{"allow":["GET"]}}],"collection":[{"href":"https:\/\/www.europesays.com\/fr\/wp-json\/wp\/v2\/posts"}],"about":[{"href":"https:\/\/www.europesays.com\/fr\/wp-json\/wp\/v2\/types\/post"}],"author":[{"embeddable":true,"href":"https:\/\/www.europesays.com\/fr\/wp-json\/wp\/v2\/users\/2"}],"replies":[{"embeddable":true,"href":"https:\/\/www.europesays.com\/fr\/wp-json\/wp\/v2\/comments?post=203310"}],"version-history":[{"count":0,"href":"https:\/\/www.europesays.com\/fr\/wp-json\/wp\/v2\/posts\/203310\/revisions"}],"wp:featuredmedia":[{"embeddable":true,"href":"https:\/\/www.europesays.com\/fr\/wp-json\/wp\/v2\/media\/203311"}],"wp:attachment":[{"href":"https:\/\/www.europesays.com\/fr\/wp-json\/wp\/v2\/media?parent=203310"}],"wp:term":[{"taxonomy":"category","embeddable":true,"href":"https:\/\/www.europesays.com\/fr\/wp-json\/wp\/v2\/categories?post=203310"},{"taxonomy":"post_tag","embeddable":true,"href":"https:\/\/www.europesays.com\/fr\/wp-json\/wp\/v2\/tags?post=203310"}],"curies":[{"name":"wp","href":"https:\/\/api.w.org\/{rel}","templated":true}]}}