{"id":203312,"date":"2025-06-25T13:30:51","date_gmt":"2025-06-25T13:30:51","guid":{"rendered":"https:\/\/www.europesays.com\/fr\/203312\/"},"modified":"2025-06-25T13:30:51","modified_gmt":"2025-06-25T13:30:51","slug":"cest-dramatique-il-ny-a-plus-dame-a-grenoble","status":"publish","type":"post","link":"https:\/\/www.europesays.com\/fr\/203312\/","title":{"rendered":"\u00ab\u00a0C\u2019est dramatique, il n\u2019y a plus d\u2019\u00e2me \u00e0 Grenoble\u00a0\u00bb"},"content":{"rendered":"<p>Ce matin-l\u00e0, elle s\u2019est lev\u00e9e t\u00f4t pour faire les foins. Le corps plein de courbatures, elle a mal partout. Ses ch\u00e8vres nous accueillent dans son havre de Chartreuse, sous la montagne du N\u00e9ron, cern\u00e9 d\u2019hectares inconstructibles, le fief des sangliers. Plus l\u2019horloge tourne, plus <a href=\"https:\/\/www.ledauphine.com\/p\/jeannie-longo\" target=\"_blank\" rel=\"noopener\">Jeannie Longo<\/a> se sent pr\u00e8s de la nature. \u00ab\u00a0C\u2019est \u00e7a la vraie \u00e9cologie\u00a0\u00bb assure celle que Chirac et Sarkozy ont promue \u00e0 la L\u00e9gion d\u2019honneur. \u00c7a ne se fait pas de dire l\u2019\u00e2ge des dames. Mais chez celle qui porte beau ses 66 printemps, la long\u00e9vit\u00e9 signe la personnalit\u00e9. Statue vivante du sport mondial qui, \u00e0 53 ans,&#8230;<\/p>\n","protected":false},"excerpt":{"rendered":"Ce matin-l\u00e0, elle s\u2019est lev\u00e9e t\u00f4t pour faire les foins. Le corps plein de courbatures, elle a mal&hellip;\n","protected":false},"author":2,"featured_media":203313,"comment_status":"","ping_status":"","sticky":false,"template":"","format":"standard","meta":{"footnotes":""},"categories":[9566],"tags":[34254,1111,11,2430,207,112,9543,1777,674,107,1011,27,2731,2732,27867,12,973,25,34255,4604,273,104,517],"class_list":{"0":"post-203312","1":"post","2":"type-post","3":"status-publish","4":"format-standard","5":"has-post-thumbnail","7":"category-grenoble","8":"tag-80-ans-du-dauphine-libere","9":"tag-actu","10":"tag-actualites","11":"tag-auvergne-rhone-alpes","12":"tag-cyclisme","13":"tag-edition-grenoble-agglomeration","14":"tag-edition-mont-blanc-arve","15":"tag-eu","16":"tag-europe","17":"tag-fil-info","18":"tag-fr","19":"tag-france","20":"tag-grenoble","21":"tag-grenoble-bassin","22":"tag-mont-blanc","23":"tag-news","24":"tag-people","25":"tag-republique-francaise","26":"tag-saint-gervais-les-bains","27":"tag-selection-abonne","28":"tag-selection-de-la-redaction","29":"tag-societe","30":"tag-sport"},"share_on_mastodon":{"url":"https:\/\/pubeurope.com\/@fr\/114744255098282129","error":""},"_links":{"self":[{"href":"https:\/\/www.europesays.com\/fr\/wp-json\/wp\/v2\/posts\/203312","targetHints":{"allow":["GET"]}}],"collection":[{"href":"https:\/\/www.europesays.com\/fr\/wp-json\/wp\/v2\/posts"}],"about":[{"href":"https:\/\/www.europesays.com\/fr\/wp-json\/wp\/v2\/types\/post"}],"author":[{"embeddable":true,"href":"https:\/\/www.europesays.com\/fr\/wp-json\/wp\/v2\/users\/2"}],"replies":[{"embeddable":true,"href":"https:\/\/www.europesays.com\/fr\/wp-json\/wp\/v2\/comments?post=203312"}],"version-history":[{"count":0,"href":"https:\/\/www.europesays.com\/fr\/wp-json\/wp\/v2\/posts\/203312\/revisions"}],"wp:featuredmedia":[{"embeddable":true,"href":"https:\/\/www.europesays.com\/fr\/wp-json\/wp\/v2\/media\/203313"}],"wp:attachment":[{"href":"https:\/\/www.europesays.com\/fr\/wp-json\/wp\/v2\/media?parent=203312"}],"wp:term":[{"taxonomy":"category","embeddable":true,"href":"https:\/\/www.europesays.com\/fr\/wp-json\/wp\/v2\/categories?post=203312"},{"taxonomy":"post_tag","embeddable":true,"href":"https:\/\/www.europesays.com\/fr\/wp-json\/wp\/v2\/tags?post=203312"}],"curies":[{"name":"wp","href":"https:\/\/api.w.org\/{rel}","templated":true}]}}