{"id":203318,"date":"2025-06-25T13:33:15","date_gmt":"2025-06-25T13:33:15","guid":{"rendered":"https:\/\/www.europesays.com\/fr\/203318\/"},"modified":"2025-06-25T13:33:15","modified_gmt":"2025-06-25T13:33:15","slug":"alsace-dans-la-revue-eclat-distribuee-a-strasbourg-et-mulhouse-tout-le-talent-des-illustrateurs-de-la-hear","status":"publish","type":"post","link":"https:\/\/www.europesays.com\/fr\/203318\/","title":{"rendered":"Alsace. Dans la revue Eclat, distribu\u00e9e \u00e0 Strasbourg et Mulhouse, tout le talent des illustrateurs de la HEAR"},"content":{"rendered":"<p>Eclat,  revue annuelle de l\u2019atelier d\u2019illustration de la HEAR, r\u00e9unit les travaux des \u00e9tudiants. La publication, \u00e9dit\u00e9e par la HEAR, est largement diffus\u00e9e par les \u00c9ditions 2042. Le num\u00e9ro de l\u2019ann\u00e9e 2025 se pr\u00e9sente comme un ouvrage \u00ab\u00a0deux en un\u00a0\u00bb, avec deux livrets compl\u00e9mentaires, l\u2019un reli\u00e9 \u00e0 la fran\u00e7aise, le second \u00e0 l\u2019italienne. Ils peuvent se parcourir ind\u00e9pendamment l\u2019un de l\u2019autre, avec pour int\u00e9r\u00eat des techniques et partis pris diff\u00e9rents. Mais quand on les ouvre simultan\u00e9ment, les images et r\u00e9cits se compl\u00e8tent. C\u2019est magique\u00a0!<\/p>\n<p>Plus largement, l\u2019ensemble chapeaut\u00e9 par les professeurs de l\u2019atelier est une fen\u00eatre ouverte sur les questionnements plastiques du moment, comme la mani\u00e8re de travailler des \u00e9tudiants.<\/p>\n<p>C\u2019est le moment de retrouver l\u2019atelier d\u2019illustration mais pas uniquement \u00e0 l\u2019occasion du Festival des dipl\u00f4mes de la HEAR. L\u2019\u00e9v\u00e9nement \u00e0 ne pas manquer se tient \u00e0 Strasbourg, Mulhouse et Fribourg \u00e0 partir du 27\u00a0juin. Aux pr\u00e9sentations des travaux des dipl\u00f4m\u00e9s, s\u2019ajoute toute une programmation de concerts, projections, expositions, sur les diff\u00e9rents sites.<\/p>\n<p class=\"note\">Eclat, collectif, 16\u00a0\u20ac. www.editions2042.com. Festival des dipl\u00f4m\u00e9s de la HEAR du 27 au 29\u00a0juin \u00e0 Strasbourg, Mulhouse et Fribourg. Programme complet\u00a0: www.hear.fr<\/p>\n","protected":false},"excerpt":{"rendered":"Eclat, revue annuelle de l\u2019atelier d\u2019illustration de la HEAR, r\u00e9unit les travaux des \u00e9tudiants. La publication, \u00e9dit\u00e9e par&hellip;\n","protected":false},"author":2,"featured_media":203319,"comment_status":"","ping_status":"","sticky":false,"template":"","format":"standard","meta":{"footnotes":""},"categories":[2820],"tags":[1111,11,2389,1687,1777,674,107,1011,27,775,2410,12,25,640],"class_list":{"0":"post-203318","1":"post","2":"type-post","3":"status-publish","4":"format-standard","5":"has-post-thumbnail","7":"category-strasbourg","8":"tag-actu","9":"tag-actualites","10":"tag-alsace","11":"tag-culture-loisirs","12":"tag-eu","13":"tag-europe","14":"tag-fil-info","15":"tag-fr","16":"tag-france","17":"tag-grand-est","18":"tag-livres-bd","19":"tag-news","20":"tag-republique-francaise","21":"tag-strasbourg"},"share_on_mastodon":{"url":"https:\/\/pubeurope.com\/@fr\/114744262888941417","error":""},"_links":{"self":[{"href":"https:\/\/www.europesays.com\/fr\/wp-json\/wp\/v2\/posts\/203318","targetHints":{"allow":["GET"]}}],"collection":[{"href":"https:\/\/www.europesays.com\/fr\/wp-json\/wp\/v2\/posts"}],"about":[{"href":"https:\/\/www.europesays.com\/fr\/wp-json\/wp\/v2\/types\/post"}],"author":[{"embeddable":true,"href":"https:\/\/www.europesays.com\/fr\/wp-json\/wp\/v2\/users\/2"}],"replies":[{"embeddable":true,"href":"https:\/\/www.europesays.com\/fr\/wp-json\/wp\/v2\/comments?post=203318"}],"version-history":[{"count":0,"href":"https:\/\/www.europesays.com\/fr\/wp-json\/wp\/v2\/posts\/203318\/revisions"}],"wp:featuredmedia":[{"embeddable":true,"href":"https:\/\/www.europesays.com\/fr\/wp-json\/wp\/v2\/media\/203319"}],"wp:attachment":[{"href":"https:\/\/www.europesays.com\/fr\/wp-json\/wp\/v2\/media?parent=203318"}],"wp:term":[{"taxonomy":"category","embeddable":true,"href":"https:\/\/www.europesays.com\/fr\/wp-json\/wp\/v2\/categories?post=203318"},{"taxonomy":"post_tag","embeddable":true,"href":"https:\/\/www.europesays.com\/fr\/wp-json\/wp\/v2\/tags?post=203318"}],"curies":[{"name":"wp","href":"https:\/\/api.w.org\/{rel}","templated":true}]}}