{"id":203323,"date":"2025-06-25T13:36:21","date_gmt":"2025-06-25T13:36:21","guid":{"rendered":"https:\/\/www.europesays.com\/fr\/203323\/"},"modified":"2025-06-25T13:36:21","modified_gmt":"2025-06-25T13:36:21","slug":"nice-debut-des-travaux-de-la-premiere-gare-bioclimatique-deurope","status":"publish","type":"post","link":"https:\/\/www.europesays.com\/fr\/203323\/","title":{"rendered":"Nice : d\u00e9but des travaux de la premi\u00e8re gare bioclimatique d&rsquo;Europe"},"content":{"rendered":"<p><img loading=\"lazy\" decoding=\"async\" alt=\"\u00a9 F. Gardin - Les collectivit\u00e9s locales, ainsi que les partenaires du projet, r\u00e9unis pour le lancement de la construction de la gare bioclimatique Nice A\u00e9roport.\" data-zoom-src=\"https:\/\/www.europesays.com\/fr\/wp-content\/uploads\/2025\/06\/initial-inauguration-travaux-gare-nice.jpg\" data-zoomable=\"\" height=\"702\" src=\"https:\/\/www.europesays.com\/fr\/wp-content\/uploads\/2025\/06\/initial-inauguration-travaux-gare-nice.jpg\" width=\"1248\"\/>  <\/p>\n<p class=\"article-desc\">\u00a9 F. Gardin &#8211; Les collectivit\u00e9s locales, ainsi que les partenaires du projet, r\u00e9unis pour le lancement de la construction de la gare bioclimatique Nice A\u00e9roport. <\/p>\n<p>Lanc\u00e9 par les partenaires du projet de la Ligne Nouvelle Provence C\u00f4te d&rsquo;Azur (LNCPA), le chantier de la future gare de Nice A\u00e9roport, situ\u00e9 \u00e0 Nice Saint-Augustin a d\u00e9marr\u00e9 officiellement ce jeudi 19 juin. <\/p>\n<p>D&rsquo;ici 2030, la <strong>premi\u00e8re gare bioclimatique<\/strong> d&rsquo;Europe reliera le train aux transports en commun de la <a href=\"https:\/\/mesinfos.fr\/tpbm\/recherche-articles.html?search=m%C3%A9tropole+nice+c%C3%B4te+d%27azur&amp;honeypot=\" rel=\"noopener\" target=\"_blank\">M\u00e9tropole Nice C\u00f4te d&rsquo;Azur<\/a> (tramways et bus), \u00e0 la gare routi\u00e8re et \u00e0 l&rsquo;a\u00e9roport.\u00a0 <\/p>\n<p>Avec ses quatre voies \u00e0 quai (TGV et TER), un parking de 400 places pour les voitures et 520 pour les v\u00e9los, ainsi qu&rsquo;une <strong>accessibilit\u00e9 renforc\u00e9e<\/strong>, notamment pour les PMR, la gare ambitionne de devenir un mod\u00e8le europ\u00e9en de <strong>mobilit\u00e9 inclusive et durable<\/strong>. <\/p>\n<p>Une <strong>acc\u00e9l\u00e9ration du trafic<\/strong> est \u00e9galement pr\u00e9vue en passant d&rsquo;un TER toutes les quinze minutes, \u00e0 un TER toutes les dix minutes d\u00e8s 2032.<\/p>\n<p> Une gare bioclimatique et connect\u00e9e sur la C\u00f4te-d&rsquo;Azur <\/p>\n<p>La nouvelle gare int\u00e9grera les derni\u00e8res <strong>innovations <\/strong>en mati\u00e8re d&rsquo;<strong>\u00e9co-construction<\/strong> :\u00a0 <\/p>\n<ul>\n<li>une canop\u00e9e en bois <strong>recycl\u00e9 <\/strong>pour ombrager un jardin central de 4 200 m\u00b2, <\/li>\n<li>des <strong>panneaux photovolta\u00efques<\/strong> pour produire de l&rsquo;\u00e9nergie, <\/li>\n<li>un syst\u00e8me de r\u00e9cup\u00e9ration des eaux de pluie, <\/li>\n<li>et 3 000 m\u00b2 de surface b\u00e2tie, dont 1 500 m\u00b2 consacr\u00e9s \u00e0 des commerces et services.<\/li>\n<\/ul>\n<blockquote>\n<p>C\u2019est une fiert\u00e9 pour Nice d\u2019accueillir la premi\u00e8re gare bioclimatique d\u2019Europe. Sa canop\u00e9e de bois recycl\u00e9e est l\u2019illustration de l\u2019ambition \u00e9cologique de ce projet qui deviendra le premier p\u00f4le d\u2019\u00e9changes multimodaux d\u2019Europe dot\u00e9 d\u2019une intermodalit\u00e9 totale : l\u2019a\u00e9roport, la gare SNCF, le tramway, les bus m\u00e9tropolitains et r\u00e9gionaux, le r\u00e9seau cyclable se connectent pour faciliter tous les d\u00e9placements.  <\/p>\n<p>Cette synergie des modes de transport est une r\u00e9ponse concr\u00e8te aux d\u00e9fis \u00e9cologiques et \u00e0 la mobilit\u00e9 de demain, au c\u0153ur du Grand Ar\u00e9nas et de l\u2019\u00e9co-vall\u00e9e.\u00a0\u00bb &#8211;\u00a0<a href=\"https:\/\/mesinfos.fr\/tpbm\/recherche-articles.html?aut_id=1574&amp;search=christian+estrosi&amp;honeypot=\" rel=\"noopener\" target=\"_blank\">Christian Estrosi<\/a>, Maire de Nice, Pr\u00e9sident de la M\u00e9tropole Nice C\u00f4te d\u2019Azur et Pr\u00e9sident d\u00e9l\u00e9gu\u00e9 de la R\u00e9gion Provence-Alpes-C\u00f4te d\u2019Azur<\/p>\n<\/blockquote>\n<p>Avec un co\u00fbt total de <strong>271,2 millions d&rsquo;euros<\/strong>, le projet est cofinanc\u00e9 par <strong>l\u2019\u00c9tat<\/strong>, les collectivit\u00e9s locales, ainsi que par d&rsquo;autres intercommunalit\u00e9s partenaires, avec un appui de l&rsquo;<a href=\"https:\/\/mesinfos.fr\/tpbm\/recherche-articles.html?aut_id=1574&amp;search=union+europ%C3%A9enne&amp;honeypot=\" rel=\"noopener\" target=\"_blank\">Union Europ\u00e9enne<\/a>. <\/p>\n<p>Con\u00e7ue par <strong>SNCF Gares &amp; Connexions<\/strong> et l&rsquo;agence pluridisciplinaire <a href=\"https:\/\/mesinfos.fr\/tpbm\/recherche-articles.html?aut_id=1574&amp;search=arep&amp;honeypot=\" rel=\"noopener\" target=\"_blank\">AREP<\/a>, la future gare Nice A\u00e9roport devrait voir le jour en 2035.<\/p>\n","protected":false},"excerpt":{"rendered":"\u00a9 F. Gardin &#8211; Les collectivit\u00e9s locales, ainsi que les partenaires du projet, r\u00e9unis pour le lancement de&hellip;\n","protected":false},"author":2,"featured_media":203324,"comment_status":"","ping_status":"","sticky":false,"template":"","format":"standard","meta":{"footnotes":""},"categories":[2819],"tags":[1111,11,4476,1777,674,1011,27,24487,12,2401,882,25,926],"class_list":{"0":"post-203323","1":"post","2":"type-post","3":"status-publish","4":"format-standard","5":"has-post-thumbnail","7":"category-nice","8":"tag-actu","9":"tag-actualites","10":"tag-construction","11":"tag-eu","12":"tag-europe","13":"tag-fr","14":"tag-france","15":"tag-inaugurations","16":"tag-news","17":"tag-nice","18":"tag-provence-alpes-cote-dazur","19":"tag-republique-francaise","20":"tag-train"},"share_on_mastodon":{"url":"https:\/\/pubeurope.com\/@fr\/114744274642597031","error":""},"_links":{"self":[{"href":"https:\/\/www.europesays.com\/fr\/wp-json\/wp\/v2\/posts\/203323","targetHints":{"allow":["GET"]}}],"collection":[{"href":"https:\/\/www.europesays.com\/fr\/wp-json\/wp\/v2\/posts"}],"about":[{"href":"https:\/\/www.europesays.com\/fr\/wp-json\/wp\/v2\/types\/post"}],"author":[{"embeddable":true,"href":"https:\/\/www.europesays.com\/fr\/wp-json\/wp\/v2\/users\/2"}],"replies":[{"embeddable":true,"href":"https:\/\/www.europesays.com\/fr\/wp-json\/wp\/v2\/comments?post=203323"}],"version-history":[{"count":0,"href":"https:\/\/www.europesays.com\/fr\/wp-json\/wp\/v2\/posts\/203323\/revisions"}],"wp:featuredmedia":[{"embeddable":true,"href":"https:\/\/www.europesays.com\/fr\/wp-json\/wp\/v2\/media\/203324"}],"wp:attachment":[{"href":"https:\/\/www.europesays.com\/fr\/wp-json\/wp\/v2\/media?parent=203323"}],"wp:term":[{"taxonomy":"category","embeddable":true,"href":"https:\/\/www.europesays.com\/fr\/wp-json\/wp\/v2\/categories?post=203323"},{"taxonomy":"post_tag","embeddable":true,"href":"https:\/\/www.europesays.com\/fr\/wp-json\/wp\/v2\/tags?post=203323"}],"curies":[{"name":"wp","href":"https:\/\/api.w.org\/{rel}","templated":true}]}}