{"id":203327,"date":"2025-06-25T13:39:16","date_gmt":"2025-06-25T13:39:16","guid":{"rendered":"https:\/\/www.europesays.com\/fr\/203327\/"},"modified":"2025-06-25T13:39:16","modified_gmt":"2025-06-25T13:39:16","slug":"le-club-des-entrepreneurs-de-gironde-place-lhumain-avant-le-business","status":"publish","type":"post","link":"https:\/\/www.europesays.com\/fr\/203327\/","title":{"rendered":"Le club des entrepreneurs de Gironde place l\u2019humain avant le business"},"content":{"rendered":"<p>\n\t\t\t\t\t\t\t\t\tIl y a deux mois, le club a r\u00e9uni une centaine de personnes pour son grand d\u00eener annuel. Cr\u00e9dits : Club des entrepreneurs de Gironde\n\t\t\t\t\t\t\t\t<\/p>\n<p>Le club des entrepreneurs de Gironde, depuis 1999, met l\u2019accent sur les liens entre dirigeants plus que sur le business. Ici, il s\u2019agit avant tout de \u00ab rompre l\u2019isolement \u00bb.<\/p>\n<p>\u00ab La passion d\u2019entreprendre \u00bb. Depuis pr\u00e8s de 25 ans, le Club des entrepreneurs de Gironde) colle bien \u00e0 son slogan. \u00ab C\u2019est d\u2019ailleurs une particularit\u00e9 importante de notre structure, affirme d\u2019embl\u00e9e David Eym\u00e9, pr\u00e9sident de l\u2019association. Nos adh\u00e9rents sont des actionnaires significatifs de leur entreprise, il ne s\u2019agit pas d\u2019un club o\u00f9 l\u2019on va croiser des directeurs commerciaux, ce qui change pas mal de choses. \u00bb Fond\u00e9 \u00e0 l\u2019initiative de la CCI Bordeaux Gironde, il est avant tout d\u00e9di\u00e9 \u00e0 rompre l\u2019isolement des chefs d\u2019entreprise et compte une centaine d\u2019adh\u00e9rents, tous secteurs et toutes tailles confondues. \u00ab Lorsqu\u2019on va dans un club d\u2019entreprise, on cherche \u00e0 faire du business, on y est en repr\u00e9sentation. Et finalement il y a peu d\u2019endroits o\u00f9 l\u2019on peut se retrouver entre paires, en parlant de ses probl\u00e8mes qu\u2019il n\u2019est pas forc\u00e9ment simple de partager \u00bb, reprend David Eym\u00e9. \u00c9voluant toujours sous l\u2019\u00e9gide de la CCI, le club b\u00e9n\u00e9ficie de l\u2019appui de la chambre consulaire. Cette derni\u00e8re apporte son aide sur certains sujets, et \u00ab oriente un peu les entreprises vers les bonnes personnes dans l\u2019\u00e9cosyst\u00e8me girondin \u00bb. <\/p>\n<p>   Voir que l\u2019on n\u2019est pas seul <\/p>\n<p> Le club des entrepreneurs de Bordeaux s\u2019attache \u00e0 aborder des probl\u00e9matiques parlant au plus grand nombre. Et de difficult\u00e9s \u00ab assez classiques \u00bb v\u00e9cues par des dirigeants : autour des ressources humaines (recrutements, motivation ou fid\u00e9lisation), autour du financement, mais aussi de sujets d\u2019actualit\u00e9 comme l\u2019intelligence artificielle. Outre les diff\u00e9rents formats mensuels (repas, afterwork), l\u2019association compte trois commissions (RH et formation, communication, finance et optimisation de la vie administration). Les membres de chaque groupe, apr\u00e8s s\u2019\u00eatre r\u00e9unis, proposent une restitution des grands enjeux et des bonnes pratiques aupr\u00e8s des autres membres. \u00ab L\u2019id\u00e9e, c\u2019est de voir que l\u2019on n\u2019est pas seul, explique David Eym\u00e9. Et de comprendre comment, dans d\u2019autres secteurs d\u2019activit\u00e9, les adh\u00e9rents s\u2019emparent de tel ou tel sujet. \u00bb  <\/p>\n","protected":false},"excerpt":{"rendered":"Il y a deux mois, le club a r\u00e9uni une centaine de personnes pour son grand d\u00eener annuel.&hellip;\n","protected":false},"author":2,"featured_media":203328,"comment_status":"","ping_status":"","sticky":false,"template":"","format":"standard","meta":{"footnotes":""},"categories":[2817],"tags":[1111,11,1997,1777,674,1011,27,12,2219,5645,25],"class_list":{"0":"post-203327","1":"post","2":"type-post","3":"status-publish","4":"format-standard","5":"has-post-thumbnail","7":"category-bordeaux","8":"tag-actu","9":"tag-actualites","10":"tag-bordeaux","11":"tag-eu","12":"tag-europe","13":"tag-fr","14":"tag-france","15":"tag-news","16":"tag-nouvelle-aquitaine","17":"tag-placco-placeco","18":"tag-republique-francaise"},"share_on_mastodon":{"url":"https:\/\/pubeurope.com\/@fr\/114744286680140252","error":""},"_links":{"self":[{"href":"https:\/\/www.europesays.com\/fr\/wp-json\/wp\/v2\/posts\/203327","targetHints":{"allow":["GET"]}}],"collection":[{"href":"https:\/\/www.europesays.com\/fr\/wp-json\/wp\/v2\/posts"}],"about":[{"href":"https:\/\/www.europesays.com\/fr\/wp-json\/wp\/v2\/types\/post"}],"author":[{"embeddable":true,"href":"https:\/\/www.europesays.com\/fr\/wp-json\/wp\/v2\/users\/2"}],"replies":[{"embeddable":true,"href":"https:\/\/www.europesays.com\/fr\/wp-json\/wp\/v2\/comments?post=203327"}],"version-history":[{"count":0,"href":"https:\/\/www.europesays.com\/fr\/wp-json\/wp\/v2\/posts\/203327\/revisions"}],"wp:featuredmedia":[{"embeddable":true,"href":"https:\/\/www.europesays.com\/fr\/wp-json\/wp\/v2\/media\/203328"}],"wp:attachment":[{"href":"https:\/\/www.europesays.com\/fr\/wp-json\/wp\/v2\/media?parent=203327"}],"wp:term":[{"taxonomy":"category","embeddable":true,"href":"https:\/\/www.europesays.com\/fr\/wp-json\/wp\/v2\/categories?post=203327"},{"taxonomy":"post_tag","embeddable":true,"href":"https:\/\/www.europesays.com\/fr\/wp-json\/wp\/v2\/tags?post=203327"}],"curies":[{"name":"wp","href":"https:\/\/api.w.org\/{rel}","templated":true}]}}