{"id":20333,"date":"2025-04-12T18:47:09","date_gmt":"2025-04-12T18:47:09","guid":{"rendered":"https:\/\/www.europesays.com\/fr\/20333\/"},"modified":"2025-04-12T18:47:09","modified_gmt":"2025-04-12T18:47:09","slug":"volley-ball-battu-par-nantes-le-volley-mulhouse-alsace-a-laisse-passer-sa-chance-en-quarts-de-finale-des-play-offs-lalsace","status":"publish","type":"post","link":"https:\/\/www.europesays.com\/fr\/20333\/","title":{"rendered":"Volley-ball. Battu par Nantes, le Volley Mulhouse Alsace a laiss\u00e9 passer sa chance en quarts de finale des play-offs &#8211; L&#039;Alsace"},"content":{"rendered":"<ol>\n<li><a href=\"https:\/\/news.google.com\/rss\/articles\/CBMifEFVX3lxTFBfM3RqX2VMalhVRk4wdWoxMkNxN0pYeV9DbnFZeWVNN1RmR3BrX1ZJVTk1SVg5ZEptMlBUbkNOeDFmRU9aS2VBSDNEMHpLYVptNDVNWTNnUXpoS1FRd2NZaWFlbG02VUNlMkhzeGRNb3QzSzl2eC1vaVExelA?oc=5\" target=\"_blank\" rel=\"noopener\">Volley-ball. Battu par Nantes, le Volley Mulhouse Alsace a laiss\u00e9 passer sa chance en quarts de finale des play-offs<\/a>&nbsp;&nbsp;L&rsquo;Alsace<\/li>\n<li><a href=\"https:\/\/news.google.com\/rss\/articles\/CBMi6AFBVV95cUxQdktJS0x3X0R2RzNVN2JiSDFiaEN0N0NIQWdXM2NvUUFHX2xObVBQNTFGMUxXUGRPcU9Vdi1nQzBjaHYtbDZoNVBGRmJlM1BLMHZDTG9zdXFHXzJrSmIyX29wNHloM2hERF84Q0VRLUQ1a2hvZjhZSmtNZ2xLTlNqbDFybmVZeDJCbTNZN1dvdngzbGdKZlRBZlBLNmlVTFEyU21hWDAxTTRHcTB3X19qMHRsdWpNb1dhTkp3X1dUc01xaEwtSUEtdnhLWWxCbEJhNUtNaHdnWjBNQlB5RDdsNU5SNnk4UFl0?oc=5\" target=\"_blank\" rel=\"noopener\">Volley-ball. Ligue AF (1\/4) : les Nantaises reprennent l\u2019avantage face \u00e0 Mulhouse<\/a>&nbsp;&nbsp;Ouest-France<\/li>\n<li><a href=\"https:\/\/news.google.com\/rss\/articles\/CBMi_AFBVV95cUxPM3RSbWZYcVVaLTg2T1RHaVZRM3o3R1lHWVRybl9INVVYejV3cXRfN1d4dnZwZDJsZk5FVGZ5MjhndnhNT0tLbVpYcklOMHJsMG5xQ1hNd0ZzVnBSYUJPRlBUUE9HSDJLRGhYQTRpb1BwN3lCRk5YNXFSVkRvUHUzVWFnRXRtZVlvOTBxdWt4TW5kNlhLTmVPRmNwZHBKWUJZb1NYcHZFSmtvekRtQmRCMjVRbllfSU8wS3pXZlU0TDBFUWJVUTE0dnp5YkZMY1ZRRWJKTVVtSXJxeHdtSTQzT1U5X2w0Y0tLaEk5c2tUWkZXRWUwQjJna0N6MTk?oc=5\" target=\"_blank\" rel=\"noopener\">Volley-ball. Ligue AF : \u00ab On a montr\u00e9 notre capacit\u00e9 \u00e0 r\u00e9agir \u00bb, savoure C\u00e9sar Hernandez<\/a>&nbsp;&nbsp;Ouest-France<\/li>\n<li><a href=\"https:\/\/news.google.com\/rss\/articles\/CBMic0FVX3lxTE1oZUtpV1ZQQ2Fnd2NodUNLbkxIZ08wdFJRcHgwWkE0SXVmTWV6TWppbWNMaktVN3NxSXhEN2Y0Y0NLSFRXUTBxRG52NURfZ2dkS1JXWEVuNk5wNXBmT0l5WTRXaU1HVElLYTZWUFR3TnI1NVk?oc=5\" target=\"_blank\" rel=\"noopener\">Volley-ball. Ligue A f\u00e9minine (quart de finale): Mulhouse a laiss\u00e9 passer sa chance<\/a>&nbsp;&nbsp;les Derni\u00e8res Nouvelles d&rsquo;Alsace<\/li>\n<li><a href=\"https:\/\/news.google.com\/rss\/articles\/CBMivwFBVV95cUxOYmlWQzJhMXE0dk9xc1hkOW91aTlLcVRwSDg2SnNFUGNvdFVMb0J1VVRLeDFMVUxwUklKLVl1SDh4cG5NcktsdWtaWEFmZkdHd0VaMjBlQmVLb1p5cGpnYWxXaTFEM0xKZEd4Qm9ZMXhQNnpKdGFfVzdyRHlWaHpVRFByWnB3YnJpd1FFUzVIZ1cxYUVpN3ZuLTZfVUkzOWxMRnZlOVhaYjB4cnp6WXRGT3ktbE1qUmhNMGtTams0RQ?oc=5\" target=\"_blank\" rel=\"noopener\">Volley-ball. Le VMA s&rsquo;incline face \u00e0 Nantes et devra imp\u00e9rativement s&rsquo;imposer dimanche (17 h) pour ne pas \u00eatre \u00e9limin\u00e9<\/a>&nbsp;&nbsp;L&rsquo;Alsace<\/li>\n<\/ol>\n","protected":false},"excerpt":{"rendered":"Volley-ball. Battu par Nantes, le Volley Mulhouse Alsace a laiss\u00e9 passer sa chance en quarts de finale des&hellip;\n","protected":false},"author":2,"featured_media":20334,"comment_status":"","ping_status":"","sticky":false,"template":"","format":"standard","meta":{"footnotes":""},"categories":[1417],"tags":[1636,1011,27,1634,1635,4604,517,60,1470,1633,1632,1469],"class_list":{"0":"post-20333","1":"post","2":"type-post","3":"status-publish","4":"format-standard","5":"has-post-thumbnail","7":"category-volley","8":"tag-edition-mulhouse-thann","9":"tag-fr","10":"tag-france","11":"tag-mulhouse","12":"tag-secteur-de-mulhouse","13":"tag-selection-abonne","14":"tag-sport","15":"tag-sports","16":"tag-volley","17":"tag-volley-mulhouse-alsace","18":"tag-volley-ball","19":"tag-volleyball"},"share_on_mastodon":{"url":"https:\/\/pubeurope.com\/@fr\/114326487991352971","error":""},"_links":{"self":[{"href":"https:\/\/www.europesays.com\/fr\/wp-json\/wp\/v2\/posts\/20333","targetHints":{"allow":["GET"]}}],"collection":[{"href":"https:\/\/www.europesays.com\/fr\/wp-json\/wp\/v2\/posts"}],"about":[{"href":"https:\/\/www.europesays.com\/fr\/wp-json\/wp\/v2\/types\/post"}],"author":[{"embeddable":true,"href":"https:\/\/www.europesays.com\/fr\/wp-json\/wp\/v2\/users\/2"}],"replies":[{"embeddable":true,"href":"https:\/\/www.europesays.com\/fr\/wp-json\/wp\/v2\/comments?post=20333"}],"version-history":[{"count":0,"href":"https:\/\/www.europesays.com\/fr\/wp-json\/wp\/v2\/posts\/20333\/revisions"}],"wp:featuredmedia":[{"embeddable":true,"href":"https:\/\/www.europesays.com\/fr\/wp-json\/wp\/v2\/media\/20334"}],"wp:attachment":[{"href":"https:\/\/www.europesays.com\/fr\/wp-json\/wp\/v2\/media?parent=20333"}],"wp:term":[{"taxonomy":"category","embeddable":true,"href":"https:\/\/www.europesays.com\/fr\/wp-json\/wp\/v2\/categories?post=20333"},{"taxonomy":"post_tag","embeddable":true,"href":"https:\/\/www.europesays.com\/fr\/wp-json\/wp\/v2\/tags?post=20333"}],"curies":[{"name":"wp","href":"https:\/\/api.w.org\/{rel}","templated":true}]}}