{"id":203360,"date":"2025-06-25T13:56:17","date_gmt":"2025-06-25T13:56:17","guid":{"rendered":"https:\/\/www.europesays.com\/fr\/203360\/"},"modified":"2025-06-25T13:56:17","modified_gmt":"2025-06-25T13:56:17","slug":"volley-ball-vainqueurs-de-lukraine-les-bleus-lancent-parfaitement-leur-deuxieme-semaine-de-ligue-des-nations","status":"publish","type":"post","link":"https:\/\/www.europesays.com\/fr\/203360\/","title":{"rendered":"Volley-ball. Vainqueurs de l&rsquo;Ukraine, les Bleus lancent parfaitement leur deuxi\u00e8me semaine de Ligue des nations"},"content":{"rendered":"<p>Les Bleus, auteurs d&rsquo;une premi\u00e8re semaine au bilan \u00e9quilibr\u00e9 (deux victoires contre l&rsquo;Italie et le Canada, deux d\u00e9faites face \u00e0 l&rsquo;Argentine et l&rsquo;Allemagne), basculent dans le positif avec ce premier succ\u00e8s mercredi contre l&rsquo;Ukraine, o\u00f9 ils\u00a0n&rsquo;ont pas conc\u00e9d\u00e9 la moindre manche (25-23, 25-21 25-17).<\/p>\n<p>Ils auraient pu l\u00e2cher la premi\u00e8re mercredi, bouscul\u00e9s dans le secteur du contre notamment. Mais les Ukrainiens, qui disputent leur premi\u00e8re Ligue des nations, ont flanch\u00e9 en fin de manche, dans laquelle ils menaient 20 \u00e0 16.<\/p>\n<p>Les joueurs d&rsquo;Andrea Giani sont parvenus \u00e0 r\u00e9gler la mire sous l&rsquo;impulsion notamment de deux <a href=\"https:\/\/www.ledauphine.com\/jeux-olympiques\/2024\/08\/10\/volley-ball-la-deuxieme-tournee-des-patrons-francais\" target=\"_blank\" rel=\"nofollow noopener\">doubles champions olympiques<\/a> pr\u00e9sents d\u00e8s la premi\u00e8re semaine, Tr\u00e9vor Cl\u00e9venot (16 pts dont 2 aces) et Th\u00e9o Faure (18 pts au total dont 4 aces). Et de l&rsquo;entr\u00e9e d&rsquo;un autre, Antoine Brizard. Le passeur, qui a succ\u00e9d\u00e9 \u00e0 Cl\u00e9venot comme capitaine pour cette deuxi\u00e8me semaine, est \u00e9galement entr\u00e9 en jeu en fin de deuxi\u00e8me manche.<\/p>\n<p>Le Japon, prochain adversaire des Bleus<\/p>\n<p>Barth\u00e9l\u00e9my Chinenyeze, Jean Patry et Yacine Louati, les autres doubles m\u00e9daill\u00e9s d&rsquo;or olympique incorpor\u00e9s cette semaine, ont eux \u00e9t\u00e9 compl\u00e8tement m\u00e9nag\u00e9s. Ils ont regard\u00e9 des tribunes les jeunes Bleus Antoine Pothron (11 pts), Fran\u00e7ois Huetz (8 pts) ou encore le passeur Amir Tizi-Oualou (5 pts) d\u00e9rouler dans les deuxi\u00e8me et troisi\u00e8me set.<\/p>\n<p>L&rsquo;adversit\u00e9 montera d&rsquo;un cran jeudi (14 heures) avec le Japon, que les Bleus avaient battu en finale de Ligue des nations 2024. Les Japonais sont depuis entra\u00een\u00e9s par Laurent Tillie, qui avait men\u00e9 la France \u00e0 son premier titre olympique, en 2021 \u00e0 Tokyo.<\/p>\n","protected":false},"excerpt":{"rendered":"Les Bleus, auteurs d&rsquo;une premi\u00e8re semaine au bilan \u00e9quilibr\u00e9 (deux victoires contre l&rsquo;Italie et le Canada, deux d\u00e9faites&hellip;\n","protected":false},"author":2,"featured_media":203361,"comment_status":"","ping_status":"","sticky":false,"template":"","format":"standard","meta":{"footnotes":""},"categories":[1590],"tags":[11,1777,674,107,12,517,1947,220,1632],"class_list":{"0":"post-203360","1":"post","2":"type-post","3":"status-publish","4":"format-standard","5":"has-post-thumbnail","7":"category-ukraine","8":"tag-actualites","9":"tag-eu","10":"tag-europe","11":"tag-fil-info","12":"tag-news","13":"tag-sport","14":"tag-sport-national","15":"tag-ukraine","16":"tag-volley-ball"},"share_on_mastodon":{"url":"https:\/\/pubeurope.com\/@fr\/114744353335426656","error":""},"_links":{"self":[{"href":"https:\/\/www.europesays.com\/fr\/wp-json\/wp\/v2\/posts\/203360","targetHints":{"allow":["GET"]}}],"collection":[{"href":"https:\/\/www.europesays.com\/fr\/wp-json\/wp\/v2\/posts"}],"about":[{"href":"https:\/\/www.europesays.com\/fr\/wp-json\/wp\/v2\/types\/post"}],"author":[{"embeddable":true,"href":"https:\/\/www.europesays.com\/fr\/wp-json\/wp\/v2\/users\/2"}],"replies":[{"embeddable":true,"href":"https:\/\/www.europesays.com\/fr\/wp-json\/wp\/v2\/comments?post=203360"}],"version-history":[{"count":0,"href":"https:\/\/www.europesays.com\/fr\/wp-json\/wp\/v2\/posts\/203360\/revisions"}],"wp:featuredmedia":[{"embeddable":true,"href":"https:\/\/www.europesays.com\/fr\/wp-json\/wp\/v2\/media\/203361"}],"wp:attachment":[{"href":"https:\/\/www.europesays.com\/fr\/wp-json\/wp\/v2\/media?parent=203360"}],"wp:term":[{"taxonomy":"category","embeddable":true,"href":"https:\/\/www.europesays.com\/fr\/wp-json\/wp\/v2\/categories?post=203360"},{"taxonomy":"post_tag","embeddable":true,"href":"https:\/\/www.europesays.com\/fr\/wp-json\/wp\/v2\/tags?post=203360"}],"curies":[{"name":"wp","href":"https:\/\/api.w.org\/{rel}","templated":true}]}}