{"id":203381,"date":"2025-06-25T14:13:15","date_gmt":"2025-06-25T14:13:15","guid":{"rendered":"https:\/\/www.europesays.com\/fr\/203381\/"},"modified":"2025-06-25T14:13:15","modified_gmt":"2025-06-25T14:13:15","slug":"je-ne-suis-pas-la-pour-ca","status":"publish","type":"post","link":"https:\/\/www.europesays.com\/fr\/203381\/","title":{"rendered":"Je ne suis pas l\u00e0 pour \u00e7a"},"content":{"rendered":"<p>Les week-ends difficiles s&rsquo;encha\u00eenent pour <a href=\"https:\/\/fr.motorsport.com\/driver\/brad-binder\/109383\/\" target=\"_blank\" rel=\"noopener\">Brad Binder<\/a>. \u00c0 terre en France, loin du top 10 en Grande-Bretagne et de nouveau \u00e0 terre en Arag\u00f3n, le pilote KTM a certes pris une neuvi\u00e8me place plus satisfaisante en Italie, mais il \u00e9tait loin du niveau esp\u00e9r\u00e9, \u00e0 19&Prime;377 sur la ligne d&rsquo;arriv\u00e9e.<\/p>\n<p>La veille, il n&rsquo;\u00e9tait pas all\u00e9 plus loin que le premier virage dans le sprint mais il avait\u00a0<a href=\"https:\/\/fr.motorsport.com\/motogp\/news\/zarco-chute-instinct-pas-bon-mugello\/10734958\/\" target=\"_blank\" rel=\"noopener\">pris avec un certain d\u00e9tachement<\/a> le contact qui l&rsquo;avait envoy\u00e9 vers <a href=\"https:\/\/fr.motorsport.com\/driver\/johann-zarco\/96107\/\" target=\"_blank\" rel=\"noopener\">Johann Zarco<\/a>. Au terme de la course principale, Binder \u00e9tait surtout frustr\u00e9 par le sentiment de n&rsquo;avoir fait que de la figuration.<\/p>\n<p>\u00ab\u00a0C&rsquo;est sympa de voir l&rsquo;arriv\u00e9e mais je ne suis pas l\u00e0 pour \u00e7a\u00a0\u00bb, a-t-il r\u00e9sum\u00e9. \u00ab\u00a0La neuvi\u00e8me place n&rsquo;est pas ce que je veux, en aucun cas. Je sentais qu&rsquo;il fallait que je sois au moins en mesure de suivre certains devant moi, et je n&rsquo;avais rien pour le faire. C&rsquo;\u00e9tait difficile, tr\u00e8s, tr\u00e8s difficile.\u00a0\u00bb<\/p>\n<p>Brad Binder a pass\u00e9 une grande partie de sa course avec <a href=\"https:\/\/fr.motorsport.com\/driver\/pedro-acosta\/840236\/\" target=\"_blank\" rel=\"noopener\">Pedro Acosta<\/a>, dans son sillage puis devant lui, avant de c\u00e9der de nouveau dans la derni\u00e8re partie, pour finalement franchir la ligne d&rsquo;arriv\u00e9e 0&Prime;028 plus tard que son co\u00e9quipier. Il a constat\u00e9 que l&rsquo;Espagnol \u00e9tait lui aussi en difficult\u00e9 sur la KTM.<\/p>\n<p>\u00ab\u00a0En suivant Pedro, j&rsquo;ai vu qu&rsquo;il avait plus de mal que moi en \u00e9tant compl\u00e8tement sur l&rsquo;angle. Je voyais qu&rsquo;il essayait beaucoup de choses, parfois freiner plus tard, parfois essayer de rester sur l&rsquo;\u00e9lan&#8230; On se promenait ensemble, malheureusement, on n&rsquo;\u00e9tait pas aussi rapides que ce que l&rsquo;on aurait voulu. C&rsquo;\u00e9tait difficile en piste. C&rsquo;\u00e9tait une course longue, au cours de laquelle il fallait \u00eatre extr\u00eamement prudent parce que je sentais que l&rsquo;avant pouvait m&rsquo;\u00e9chapper \u00e0 tout moment.\u00a0\u00bb<\/p>\n<p>   <img decoding=\"async\" draggable=\"false\" src=\"https:\/\/www.europesays.com\/fr\/wp-content\/uploads\/2025\/06\/1750860795_651_brad-binder-red-bull-ktm-facto.jpg\" alt=\"Brad Binder, Red Bull KTM Factory Racing, Pedro Acosta, Red Bull KTM Factory Racing\" width=\"1200\" height=\"800\" loading=\"lazy\"\/> <\/p>\n<p class=\"title\">Brad Binder et Pedro Acosta<\/p>\n<p class=\"photographer\">Photo de: Rob Gray \/ Polarity Photo<\/p>\n<p>Ces probl\u00e8mes \u00e9taient d\u00e9j\u00e0 g\u00eanants en qualifications. Binder a d\u00fb composer avec un avant r\u00e9calcitrant, ce qui l&rsquo;a contraint \u00e0 une \u00e9limination en Q1 et \u00e0 une d\u00e9cevante 15e place sur la grille de d\u00e9part\u00a0: \u00ab\u00a0Je m&rsquo;attendais \u00e0 \u00eatre vraiment bon [en qualifications]. Au moment d&rsquo;attaquer, j&rsquo;ai eu un \u00e9norme chatter. J&rsquo;ai eu du sous-virage et un \u00e9norme chatter de l&rsquo;avant.\u00a0\u00bb<\/p>\n<p>\u00ab\u00a0Je pensais qu&rsquo;on avait trouv\u00e9 quelque chose pour y rem\u00e9dier [vendredi] mais c&rsquo;est comme si on avait une fen\u00eatre, et \u00e7a fonctionne super bien ou [pas du tout]. C&rsquo;est assez gros, on a d&rsquo;assez gros mouvements sur l&rsquo;avant. Il faut essayer d&rsquo;\u00e9largir un peu la fen\u00eatre. Sinon, tout le reste va bien.\u00a0\u00bb<\/p>\n<p>Surtout content d&rsquo;avoir vu l&rsquo;arriv\u00e9e<\/p>\n<p>Dimanche, Binder s&rsquo;est hiss\u00e9 au 11e rang dans le premier tour et a ensuite pu prendre l&rsquo;avantage sur <a href=\"https:\/\/fr.motorsport.com\/driver\/fermin-aldeguer\/945314\/\" target=\"_blank\" rel=\"noopener\">Ferm\u00edn Aldeguer<\/a> et <a href=\"https:\/\/fr.motorsport.com\/driver\/fabio-quartararo\/109400\/\" target=\"_blank\" rel=\"noopener\">Fabio Quartararo<\/a>, mais sa remont\u00e9e s&rsquo;est arr\u00eat\u00e9e l\u00e0, si ce n&rsquo;est les quatre petits tours pass\u00e9s devant Acosta. Ses difficult\u00e9s avec l&rsquo;avant de sa moto \u00e9taient encore tr\u00e8s g\u00eanantes.<\/p>\n<p>\u00ab\u00a0J&rsquo;ai vraiment, vraiment eu du mal avec l&rsquo;avant derni\u00e8rement. D\u00e8s que j&rsquo;essaie de piloter avec mes habitudes, je perds l&rsquo;avant. Il faut que je sois tr\u00e8s doux et \u00e7a joue vraiment contre mon pilotage normal. Je dois \u00eatre extr\u00eamement doux, freiner \u00e0 l&rsquo;entr\u00e9e sans glisser, parce que si on a quoi que ce soit qui fait que \u00e7a revient ou pousse l&rsquo;avant, je perds l&rsquo;adh\u00e9rence, donc c&rsquo;est quelque chose qui m&rsquo;a vraiment fait souffrir r\u00e9cemment. Je dois progresser.\u00a0\u00bb<\/p>\n<p>\u00ab\u00a0Sinc\u00e8rement, c&rsquo;\u00e9tait une course longue\u00a0\u00bb, a r\u00e9sum\u00e9 Binder. \u00ab\u00a0J&rsquo;en attendais vraiment plus de ma part en course. C&rsquo;\u00e9tait dur. Il n&rsquo;y avait pas de grip, ni \u00e0 l&rsquo;avant ni \u00e0 l&rsquo;arri\u00e8re. La course a \u00e9t\u00e9 tr\u00e8s lente par rapport \u00e0 mes attentes. Je pensais qu&rsquo;on pourrait au moins faire les chronos des EL1 mais le niveau d&rsquo;adh\u00e9rence \u00e9tait tellement faible qu&rsquo;il fallait rouler super calmement, super doucement&#8230; C&rsquo;\u00e9tait une course tr\u00e8s, tr\u00e8s difficile. J&rsquo;ai vraiment eu du mal dans cette course et je suis content d&rsquo;avoir vu l&rsquo;arriv\u00e9e.\u00a0\u00bb<\/p>\n<p>Lire aussi :<\/p>\n<p>Dans cet article<\/p>\n<p>    Vincent Lalanne-Sicaud\n<\/p>\n<p>    MotoGP\n<\/p>\n<p>    Brad Binder\n<\/p>\n<p>    Red Bull KTM Factory Racing\n<\/p>\n<p>Soyez le premier inform\u00e9 et souscrivez aux alertes mails pour recevoir les infos en temps r\u00e9el<\/p>\n<p>    S&rsquo;abonner aux alertes de news<\/p>\n","protected":false},"excerpt":{"rendered":"Les week-ends difficiles s&rsquo;encha\u00eenent pour Brad Binder. \u00c0 terre en France, loin du top 10 en Grande-Bretagne et&hellip;\n","protected":false},"author":2,"featured_media":203382,"comment_status":"","ping_status":"","sticky":false,"template":"","format":"standard","meta":{"footnotes":""},"categories":[1413],"tags":[3376,1011,27,31123,1457,1456,1458,31124,3068,60],"class_list":{"0":"post-203381","1":"post","2":"type-post","3":"status-publish","4":"format-standard","5":"has-post-thumbnail","7":"category-moto","8":"tag-brad-binder","9":"tag-fr","10":"tag-france","11":"tag-gp-ditalie","12":"tag-moto","13":"tag-motocycle","14":"tag-motogp","15":"tag-mugello","16":"tag-red-bull-ktm-factory-racing","17":"tag-sports"},"share_on_mastodon":{"url":"https:\/\/pubeurope.com\/@fr\/114744420205227176","error":""},"_links":{"self":[{"href":"https:\/\/www.europesays.com\/fr\/wp-json\/wp\/v2\/posts\/203381","targetHints":{"allow":["GET"]}}],"collection":[{"href":"https:\/\/www.europesays.com\/fr\/wp-json\/wp\/v2\/posts"}],"about":[{"href":"https:\/\/www.europesays.com\/fr\/wp-json\/wp\/v2\/types\/post"}],"author":[{"embeddable":true,"href":"https:\/\/www.europesays.com\/fr\/wp-json\/wp\/v2\/users\/2"}],"replies":[{"embeddable":true,"href":"https:\/\/www.europesays.com\/fr\/wp-json\/wp\/v2\/comments?post=203381"}],"version-history":[{"count":0,"href":"https:\/\/www.europesays.com\/fr\/wp-json\/wp\/v2\/posts\/203381\/revisions"}],"wp:featuredmedia":[{"embeddable":true,"href":"https:\/\/www.europesays.com\/fr\/wp-json\/wp\/v2\/media\/203382"}],"wp:attachment":[{"href":"https:\/\/www.europesays.com\/fr\/wp-json\/wp\/v2\/media?parent=203381"}],"wp:term":[{"taxonomy":"category","embeddable":true,"href":"https:\/\/www.europesays.com\/fr\/wp-json\/wp\/v2\/categories?post=203381"},{"taxonomy":"post_tag","embeddable":true,"href":"https:\/\/www.europesays.com\/fr\/wp-json\/wp\/v2\/tags?post=203381"}],"curies":[{"name":"wp","href":"https:\/\/api.w.org\/{rel}","templated":true}]}}