{"id":203391,"date":"2025-06-25T14:18:15","date_gmt":"2025-06-25T14:18:15","guid":{"rendered":"https:\/\/www.europesays.com\/fr\/203391\/"},"modified":"2025-06-25T14:18:15","modified_gmt":"2025-06-25T14:18:15","slug":"le-metier-darchitecte-a-ete-declasse-jean-nouvel","status":"publish","type":"post","link":"https:\/\/www.europesays.com\/fr\/203391\/","title":{"rendered":"\u00ab\u00a0Le m\u00e9tier d&rsquo;architecte a \u00e9t\u00e9 d\u00e9class\u00e9\u00a0\u00bb, Jean Nouvel"},"content":{"rendered":"<p>L&rsquo;un des plus grands architectes du monde \u00e9tait l&rsquo;invit\u00e9 ce 24 juin 2025 de la matinale de France Inter. Le Fran\u00e7ais Jean Nouvel est venu y pr\u00e9senter son livre Mes Convictions, publi\u00e9 le 18 juin chez Flammarion. Le laur\u00e9at du prix Pritzker en 2008 (l&rsquo;\u00e9quivalent du prix Nobel d&rsquo;architecture), auteur du mus\u00e9e du Quai Branly, de l&rsquo;Institut du monde arabe, de la <a title=\"D\u00e9couvrez nos articles sur le th\u00e8me PHILHARMONIE DE PARIS\" class=\"specialterms \" href=\"https:\/\/www.batiactu.com\/tag\/philharmonie-de-paris\" rel=\"nofollow noopener\" target=\"_blank\">Philharmonie de Paris<\/a> ou encore du Louvre Abou Dabi, y a aussi livr\u00e9 sa vision de l&rsquo;architecture. <\/p>\n<p class=\"para r3\">\u00a0<\/p>\n<p>Une affaire qui a fait grand bruit <\/p>\n<p class=\"para r3\">\u00a0<\/p>\n<p>Dans son ouvrage, il revient par ailleurs sur l&rsquo;affaire de d\u00e9tournements importants de fonds par d&rsquo;anciens salari\u00e9s des Ateliers Jean Nouvel (AJN), r\u00e9v\u00e9l\u00e9e par le journal <a href=\"https:\/\/www.liberation.fr\/societe\/jean-nouvel-enquete-sur-les-millions-deuros-envoles-de-lagence-du-starchitecte-20250224_RECBNSDG3NFKHDE6VMSHIUSPKU\/\" target=\"_blank\" rel=\"nofollow noopener\">Lib\u00e9ration<\/a> fin f\u00e9vrier. <\/p>\n<p class=\"para r3\">\u00a0<\/p>\n<p>Un des collaborateurs, ancien directeur administratif et financier des AJN, est soup\u00e7onn\u00e9 d&rsquo;avoir d\u00e9tourn\u00e9 plusieurs millions d&rsquo;euros gr\u00e2ce \u00e0 de fausses factures, montages financiers frauduleux ou encore contrats d&rsquo;assistance fictifs. Lib\u00e9ration \u00e9voque notamment une \u00ab\u00a0gestion pour le moins erratique\u00a0\u00bb et des \u00ab\u00a0frais divers\u00a0\u00bb servant \u00e0 \u00ab\u00a0financer [le] train de vie\u00a0\u00bb de l&rsquo;architecte lui-m\u00eame.<\/p>\n<p class=\"para r3\">\u00a0<\/p>\n<p>En mars, le parquet a requis un proc\u00e8s contre quatre anciens collaborateurs du \u00ab\u00a0starchitecte\u00a0\u00bb. Ils sont soup\u00e7onn\u00e9s de \u00ab\u00a0pr\u00e9sum\u00e9s d\u00e9tournements massifs de fonds, abus de biens sociaux et de confiance, faux et usage de faux\u00a0\u00bb, pour des faits commis entre 2007 et 2013, selon l&rsquo;AFP. <\/p>\n<p class=\"para r3\">\u00a0<\/p>\n<p>Jean Nouvel et sa soci\u00e9t\u00e9 se sont pr\u00e9sent\u00e9s comme victimes de la situation. L&rsquo;architecte a d&rsquo;ailleurs \u00e9t\u00e9 d\u00e9douan\u00e9 des accusations port\u00e9es contre lui. \u00ab\u00a0L&rsquo;information judiciaire n&rsquo;a pas permis de r\u00e9v\u00e9ler des charges suffisantes \u00e0 l&rsquo;encontre de Jean Nouvel\u00a0\u00bb, avait d\u00e9clar\u00e9 l&rsquo;AFP \u00e0 l&rsquo;\u00e9poque. L&rsquo;agence a indiqu\u00e9 avoir port\u00e9 plainte contre ses anciens dirigeants pour abus de biens sociaux. Elle a pr\u00e9cis\u00e9 dans un communiqu\u00e9 que \u00ab\u00a0les d\u00e9penses pr\u00e9sent\u00e9es comme somptuaires sont, en r\u00e9alit\u00e9, indispensables au d\u00e9veloppement commercial d&rsquo;une agence d&rsquo;architecture de ce niveau et n\u00e9cessaires aux relations avec des clients internationaux de premier rang\u00a0\u00bb.<\/p>\n<p class=\"para r3\">\u00a0<\/p>\n<p>\u00ab\u00a0Le monde est vicieux\u00a0\u00bb, \u00e9crit Jean Nouvel dans son nouvel ouvrage, \u00e9voquant le futur proc\u00e8s de ses collaborateurs. \u00ab\u00a0Je ne me suis jamais int\u00e9ress\u00e9 \u00e0 la gestion, je n&rsquo;ai jamais eu de responsabilit\u00e9s \u00e0 \u00e7a, se d\u00e9fend-t-il, au micro de la journaliste L\u00e9a Salam\u00e9. La fa\u00e7on dont cela a \u00e9t\u00e9 pr\u00e9sent\u00e9 donne l&rsquo;impression que c&rsquo;est moi qui ai fait les d\u00e9g\u00e2ts. C&rsquo;est mon argent qu&rsquo;on a piqu\u00e9, ce n&rsquo;est pas moi qui ai piqu\u00e9 le mien.\u00a0\u00bb <\/p>\n<p class=\"para r3\">\u00a0<\/p>\n<p>Une vision critique du secteur<\/p>\n<p class=\"para r3\">\u00a0<\/p>\n<p>L&rsquo;affaire n&rsquo;est \u00e9videmment pas le seul sujet abord\u00e9 dans Mes Convictions. Jean Nouvel critique un \u00ab\u00a0urbanisme triste et d\u00e9pressif, obs\u00e9d\u00e9 par l&rsquo;id\u00e9e que les constructions doivent s&rsquo;int\u00e9grer dans le paysage. On consid\u00e8re d\u00e9sormais le paysage comme une carte postale \u00e0 corriger. On reproduit partout des clones de bureaux, de <a title=\"D\u00e9couvrez nos articles sur le th\u00e8me LOGEMENT\" class=\"specialterms \" href=\"https:\/\/www.batiactu.com\/theme\/theme-logement.php\" rel=\"nofollow noopener\" target=\"_blank\">logements<\/a>, de supermarch\u00e9s. On met des pergolas sur les parkings des <a title=\"D\u00e9couvrez nos articles sur le th\u00e8me HLM\" class=\"specialterms \" href=\"https:\/\/www.batiactu.com\/tag\/hlm\" rel=\"nofollow noopener\" target=\"_blank\">HLM<\/a> ou encore du lierre au balcon. On pense que c&rsquo;est beau, alors que c&rsquo;est moche. On va vers une architecture laide, ordinaire et uniformis\u00e9e.\u00a0\u00bb <\/p>\n<p class=\"para r3\">\u00a0<\/p>\n<p>Toujours au micro de France Inter, l&rsquo;architecte se d\u00e9fend, se d\u00e9crivant comme d\u00e9j\u00e0 \u00ab\u00a0critique\u00a0\u00bb lorsqu&rsquo;il \u00e9tait \u00e0 l&rsquo;\u00c9cole des Beaux-Arts. \u00ab\u00a0L&rsquo;architecture est locale. Ce qui est arriv\u00e9 comme catastrophe, c&rsquo;est que, maintenant, il n&rsquo;y a plus d&rsquo;architecture locale mais une architecture g\u00e9n\u00e9rale. C&rsquo;est la m\u00eame dans le monde entier. Toutes les tours, les fa\u00e7ades, les murs rideaux. Je vous d\u00e9fie de me dire o\u00f9 vous \u00eates, sauf si c&rsquo;est un monument avec une identit\u00e9\u00a0\u00bb, affirme-t-il. <\/p>\n<p class=\"para r3\">\u00a0<\/p>\n<p>L&rsquo;architecte appelle \u00e0 \u00ab\u00a0oser\u00a0\u00bb, \u00e0 inventer, et \u00e0 ne pas, au contraire, \u00ab\u00a0reproduire des programmes et des tailles que l&rsquo;on conna\u00eet car elles sont faites par toutes les entreprises. L&rsquo;architecte a \u00e9t\u00e9 \u00e9limin\u00e9 de son r\u00f4le essentiel. C&rsquo;est lui qui devrait donner tous les \u00e9l\u00e9ments de composition pour tous les espaces, y compris pour les villes. Or, tout ce qui se passe autour est fait sans les architectes. Les villes ne sont plus faites par les architectes. Le m\u00e9tier d&rsquo;architecte a \u00e9t\u00e9 d\u00e9class\u00e9.\u00a0\u00bb <\/p>\n<p class=\"para r3\">\u00a0<\/p>\n<p>Jean Nouvel, 79 ans, ne compte, n\u00e9anmoins, pas s&rsquo;arr\u00eater l\u00e0. Son cabinet livrera prochainement les futurs espaces de la Fondation Cartier, place du Palais-Royal \u00e0 Paris, qui ouvriront le 25 octobre. \u00ab\u00a0On prend des b\u00e2timents haussmanniens et on cr\u00e9e un mus\u00e9e dedans, avec des perspectives et une utilisation, tr\u00e8s pr\u00e9cise, de l&rsquo;ouverture, explique-t-il. Il y a des verres ultra transparents et tr\u00e8s grands. On voit ce qu&rsquo;il se passe dedans, et on sera attir\u00e9 par l&rsquo;envie d&rsquo;y aller\u00a0\u00bb, promet-il.  <\/p>\n<p class=\"para r3\">\u00a0<\/p>\n<p class=\"para r3 for-lire-aussi\">\u00a0<\/p>\n<p class=\"para r3\">\u00a0<\/p>\n","protected":false},"excerpt":{"rendered":"L&rsquo;un des plus grands architectes du monde \u00e9tait l&rsquo;invit\u00e9 ce 24 juin 2025 de la matinale de France&hellip;\n","protected":false},"author":2,"featured_media":203392,"comment_status":"","ping_status":"","sticky":false,"template":"","format":"standard","meta":{"footnotes":""},"categories":[1358],"tags":[1348,1384,1385,1386,58,59,1011,27],"class_list":{"0":"post-203391","1":"post","2":"type-post","3":"status-publish","4":"format-standard","5":"has-post-thumbnail","7":"category-arts-et-design","8":"tag-arts","9":"tag-arts-and-design","10":"tag-arts-et-design","11":"tag-design","12":"tag-divertissement","13":"tag-entertainment","14":"tag-fr","15":"tag-france"},"share_on_mastodon":{"url":"https:\/\/pubeurope.com\/@fr\/114744439928169832","error":""},"_links":{"self":[{"href":"https:\/\/www.europesays.com\/fr\/wp-json\/wp\/v2\/posts\/203391","targetHints":{"allow":["GET"]}}],"collection":[{"href":"https:\/\/www.europesays.com\/fr\/wp-json\/wp\/v2\/posts"}],"about":[{"href":"https:\/\/www.europesays.com\/fr\/wp-json\/wp\/v2\/types\/post"}],"author":[{"embeddable":true,"href":"https:\/\/www.europesays.com\/fr\/wp-json\/wp\/v2\/users\/2"}],"replies":[{"embeddable":true,"href":"https:\/\/www.europesays.com\/fr\/wp-json\/wp\/v2\/comments?post=203391"}],"version-history":[{"count":0,"href":"https:\/\/www.europesays.com\/fr\/wp-json\/wp\/v2\/posts\/203391\/revisions"}],"wp:featuredmedia":[{"embeddable":true,"href":"https:\/\/www.europesays.com\/fr\/wp-json\/wp\/v2\/media\/203392"}],"wp:attachment":[{"href":"https:\/\/www.europesays.com\/fr\/wp-json\/wp\/v2\/media?parent=203391"}],"wp:term":[{"taxonomy":"category","embeddable":true,"href":"https:\/\/www.europesays.com\/fr\/wp-json\/wp\/v2\/categories?post=203391"},{"taxonomy":"post_tag","embeddable":true,"href":"https:\/\/www.europesays.com\/fr\/wp-json\/wp\/v2\/tags?post=203391"}],"curies":[{"name":"wp","href":"https:\/\/api.w.org\/{rel}","templated":true}]}}