{"id":203401,"date":"2025-06-25T14:23:10","date_gmt":"2025-06-25T14:23:10","guid":{"rendered":"https:\/\/www.europesays.com\/fr\/203401\/"},"modified":"2025-06-25T14:23:10","modified_gmt":"2025-06-25T14:23:10","slug":"un-septuagenaire-grievement-blesse-dans-un-accident-de-deux-roues-dans-le-var","status":"publish","type":"post","link":"https:\/\/www.europesays.com\/fr\/203401\/","title":{"rendered":"Un septuag\u00e9naire gri\u00e8vement bless\u00e9 dans un accident de deux-roues dans le Var"},"content":{"rendered":"<p>Un accident de la circulation impliquant un deux-roues a fait un bless\u00e9 grave ce mercredi matin, chemin du train des Pignes \u00e0 Bormes-les-Mimosas.<\/p>\n<p>Le deux-roues, seul impliqu\u00e9 dans l\u2019accident, transportait deux passagers, dont un homme de 70 ans gri\u00e8vement bless\u00e9 et transport\u00e9 sur le centre hospitalier de Hy\u00e8res, apr\u00e8s avoir \u00e9t\u00e9 m\u00e9dicalis\u00e9 sur place par le Smur.<\/p>\n<p>Une dizaine de sapeurs pompiers est intervenue sur cet accident.<\/p>\n","protected":false},"excerpt":{"rendered":"Un accident de la circulation impliquant un deux-roues a fait un bless\u00e9 grave ce mercredi matin, chemin du&hellip;\n","protected":false},"author":2,"featured_media":203402,"comment_status":"","ping_status":"","sticky":false,"template":"","format":"standard","meta":{"footnotes":""},"categories":[10],"tags":[1011,27,72,71,3366],"class_list":{"0":"post-203401","1":"post","2":"type-post","3":"status-publish","4":"format-standard","5":"has-post-thumbnail","7":"category-sante","8":"tag-fr","9":"tag-france","10":"tag-health","11":"tag-sante","12":"tag-vie-locale"},"share_on_mastodon":{"url":"https:\/\/pubeurope.com\/@fr\/114744459560629335","error":""},"_links":{"self":[{"href":"https:\/\/www.europesays.com\/fr\/wp-json\/wp\/v2\/posts\/203401","targetHints":{"allow":["GET"]}}],"collection":[{"href":"https:\/\/www.europesays.com\/fr\/wp-json\/wp\/v2\/posts"}],"about":[{"href":"https:\/\/www.europesays.com\/fr\/wp-json\/wp\/v2\/types\/post"}],"author":[{"embeddable":true,"href":"https:\/\/www.europesays.com\/fr\/wp-json\/wp\/v2\/users\/2"}],"replies":[{"embeddable":true,"href":"https:\/\/www.europesays.com\/fr\/wp-json\/wp\/v2\/comments?post=203401"}],"version-history":[{"count":0,"href":"https:\/\/www.europesays.com\/fr\/wp-json\/wp\/v2\/posts\/203401\/revisions"}],"wp:featuredmedia":[{"embeddable":true,"href":"https:\/\/www.europesays.com\/fr\/wp-json\/wp\/v2\/media\/203402"}],"wp:attachment":[{"href":"https:\/\/www.europesays.com\/fr\/wp-json\/wp\/v2\/media?parent=203401"}],"wp:term":[{"taxonomy":"category","embeddable":true,"href":"https:\/\/www.europesays.com\/fr\/wp-json\/wp\/v2\/categories?post=203401"},{"taxonomy":"post_tag","embeddable":true,"href":"https:\/\/www.europesays.com\/fr\/wp-json\/wp\/v2\/tags?post=203401"}],"curies":[{"name":"wp","href":"https:\/\/api.w.org\/{rel}","templated":true}]}}