{"id":203415,"date":"2025-06-25T14:30:11","date_gmt":"2025-06-25T14:30:11","guid":{"rendered":"https:\/\/www.europesays.com\/fr\/203415\/"},"modified":"2025-06-25T14:30:11","modified_gmt":"2025-06-25T14:30:11","slug":"la-viande-halal-a-t-elle-plus-de-risque-detre-contaminee","status":"publish","type":"post","link":"https:\/\/www.europesays.com\/fr\/203415\/","title":{"rendered":"la viande halal a-t-elle plus de risque d\u2019\u00eatre contamin\u00e9e ?"},"content":{"rendered":"<p><strong>D\u00c9CRYPTAGE &#8211;\u00a0<\/strong> La pr\u00e9fecture de l\u2019Aisne a ferm\u00e9 six boucheries dont cinq halal suite \u00e0 l\u2019intoxication de 21 personnes, dont une fille de 12 ans qui est d\u00e9c\u00e9d\u00e9e le 16 juin.<\/p>\n<p class=\"fig-paragraph\">Trois nouvelles personnes ont \u00e9t\u00e9 contamin\u00e9es\u00a0<a href=\"http:\/\/sante.lefigaro.fr\/medecine\/qu-est-ce-qu-escherichia-coli-la-bacterie-aux-deux-visages-20240716\" data-fig-type=\"Article\" data-gtm-custom-categorie=\"navigation\" data-gtm-custom-action=\"crossclick\" data-gtm-custom-label=\"Contextuel\" data-gtm-event=\"customEventSPE\" data-fig-domain=\"SANTE\" rel=\"nofollow noopener\" target=\"_blank\">\u00e0 la bact\u00e9rie Escherichia coli<\/a>, a annonc\u00e9 la pr\u00e9fecture de l\u2019Aisne ce mardi dans un communiqu\u00e9. Depuis l\u2019apparition des premiers cas d\u2019intoxication dans l\u2019agglom\u00e9ration de Saint-Quentin, la sous-pr\u00e9fecture du d\u00e9partement,\u00a0<a href=\"http:\/\/sante.lefigaro.fr\/aisne-trois-nouveaux-cas-d-intoxication-a-e-coli-dont-une-personne-agee-20250625\" data-fig-type=\"NewsFlash\" data-gtm-custom-categorie=\"navigation\" data-gtm-custom-action=\"crossclick\" data-gtm-custom-label=\"Contextuel\" data-gtm-event=\"customEventSPE\" data-fig-domain=\"SANTE\" rel=\"nofollow noopener\" target=\"_blank\">21 personnes ont donc \u00e9t\u00e9 touch\u00e9es<\/a>, presque uniquement des enfants, dont une petite fille de 12 ans qui est d\u00e9c\u00e9d\u00e9e le 16 juin dernier.<\/p>\n<p class=\"fig-paragraph\">Des investigations sont toujours en cours pour trouver l\u2019origine de ces contaminations. \u00ab\u00c0 ce stade, la cause la plus probable de la contamination est la consommation de viande\u00bb, a pr\u00e9cis\u00e9 la pr\u00e9fecture qui a ordonn\u00e9 la fermeture temporaire de quatre boucheries et deux rayons de supermarch\u00e9s. Sur ces six \u00e9tablissements, cinq vendent de la viande halal. \u00abIl n\u2019y a pas de ciblage en fonction des modalit\u00e9s d\u2019abattage\u00bb, pr\u00e9cise cependant la pr\u00e9fecture, contact\u00e9e par Le Figaro sur ce point, qui reste donc prudente pour le moment.<\/p>\n<p class=\"fig-paragraph\">Si l\u2019enqu\u00eate n\u2019a pas encore rendu ses r\u00e9sultats, et qu\u2019il est effectivement\u2026<\/p>\n<p class=\"fig-premium-paywall__infos\">\n        Cet article est r\u00e9serv\u00e9 aux abonn\u00e9s.        Il vous reste 81% \u00e0 d\u00e9couvrir.\n    <\/p>\n<p>                <img  data- alt=\"Le Figaro\" class=\"fig-img--complete fig-img\"\/><\/p>\n<p class=\"fig-premium-paywall__title\">Vente Flash<\/p>\n<p class=\"fig-premium-paywall__subtitle\">3,99\u20ac par mois pendant 12 mois. Sans engagement.<\/p>\n<p class=\"fig-premium-paywall__connect\">\n                D\u00e9j\u00e0 abonn\u00e9\u00a0?                <a class=\"fig-premium-paywall__connect-link\" href=\"https:\/\/connect.lefigaro.fr\/login?client=horizon_web&amp;type=main&amp;redirect_uri=https%3A%2F%2Fwww.lefigaro.fr%2Fsciences%2Fintoxications-alimentaires-la-viande-halal-a-t-elle-plus-de-risque-d-etre-contaminee-20250625\" data-js-gtm=\"{&quot;customCategorie&quot;: &quot;conversion&quot;, &quot;customAction&quot;: &quot;before_Landing_Connexion_paywall_auto&quot;, &quot;customLabel&quot;: &quot;bGVmaWdhcm8uZnJfXzFmMDUxOTAxLWExMTktNjBkNC1hNDU1LTIzMGY1NjNkN2M2Y19fQXJ0aWNsZQ==_Intoxications alimentaires dans l\u2019Aisne\u00a0: la viande halal a-t-elle plus de risque d\u2019\u00eatre contamin\u00e9e\u00a0?_68&quot;, &quot;customIDSPE&quot;: &quot;bGVmaWdhcm8uZnJfXzFmMDUxOTAxLWExMTktNjBkNC1hNDU1LTIzMGY1NjNkN2M2Y19fQXJ0aWNsZQ==&quot;, &quot;event&quot;: &quot;customEventSPE&quot;}\" rel=\"nofollow noopener\" target=\"_blank\"><br \/>\n                    Connectez-vous<br \/>\n                <\/a>\n            <\/p>\n","protected":false},"excerpt":{"rendered":"D\u00c9CRYPTAGE &#8211;\u00a0 La pr\u00e9fecture de l\u2019Aisne a ferm\u00e9 six boucheries dont cinq halal suite \u00e0 l\u2019intoxication de 21&hellip;\n","protected":false},"author":2,"featured_media":203416,"comment_status":"","ping_status":"","sticky":false,"template":"","format":"standard","meta":{"footnotes":""},"categories":[2],"tags":[47,49,11,48,51,54,1011,27,7376,12,52,41,50,53],"class_list":{"0":"post-203415","1":"post","2":"type-post","3":"status-publish","4":"format-standard","5":"has-post-thumbnail","7":"category-actualites","8":"tag-actualite","9":"tag-actualite-scientifique","10":"tag-actualites","11":"tag-astronomie","12":"tag-ecologie","13":"tag-faune-et-flore","14":"tag-fr","15":"tag-france","16":"tag-halal","17":"tag-news","18":"tag-planete","19":"tag-sciences","20":"tag-sciences-humaines","21":"tag-zoologie"},"share_on_mastodon":{"url":"https:\/\/pubeurope.com\/@fr\/114744487339076409","error":""},"_links":{"self":[{"href":"https:\/\/www.europesays.com\/fr\/wp-json\/wp\/v2\/posts\/203415","targetHints":{"allow":["GET"]}}],"collection":[{"href":"https:\/\/www.europesays.com\/fr\/wp-json\/wp\/v2\/posts"}],"about":[{"href":"https:\/\/www.europesays.com\/fr\/wp-json\/wp\/v2\/types\/post"}],"author":[{"embeddable":true,"href":"https:\/\/www.europesays.com\/fr\/wp-json\/wp\/v2\/users\/2"}],"replies":[{"embeddable":true,"href":"https:\/\/www.europesays.com\/fr\/wp-json\/wp\/v2\/comments?post=203415"}],"version-history":[{"count":0,"href":"https:\/\/www.europesays.com\/fr\/wp-json\/wp\/v2\/posts\/203415\/revisions"}],"wp:featuredmedia":[{"embeddable":true,"href":"https:\/\/www.europesays.com\/fr\/wp-json\/wp\/v2\/media\/203416"}],"wp:attachment":[{"href":"https:\/\/www.europesays.com\/fr\/wp-json\/wp\/v2\/media?parent=203415"}],"wp:term":[{"taxonomy":"category","embeddable":true,"href":"https:\/\/www.europesays.com\/fr\/wp-json\/wp\/v2\/categories?post=203415"},{"taxonomy":"post_tag","embeddable":true,"href":"https:\/\/www.europesays.com\/fr\/wp-json\/wp\/v2\/tags?post=203415"}],"curies":[{"name":"wp","href":"https:\/\/api.w.org\/{rel}","templated":true}]}}