{"id":203423,"date":"2025-06-25T14:34:17","date_gmt":"2025-06-25T14:34:17","guid":{"rendered":"https:\/\/www.europesays.com\/fr\/203423\/"},"modified":"2025-06-25T14:34:17","modified_gmt":"2025-06-25T14:34:17","slug":"vandoeuvre-les-nancy-aboutissement-dun-projet-pedagogique-autour-de-loral","status":"publish","type":"post","link":"https:\/\/www.europesays.com\/fr\/203423\/","title":{"rendered":"Vand\u0153uvre-l\u00e8s-Nancy. Aboutissement d\u2019un projet p\u00e9dagogique autour de l\u2019oral"},"content":{"rendered":"<p>Au Centre culturel Andr\u00e9-Malraux, pr\u00e8s de 150 \u00e9l\u00e8ves des \u00e9coles du Charmois, Paul-Bert et Jeanne-d\u2019Arc ont pr\u00e9sent\u00e9 lectures, po\u00e9sies et sayn\u00e8tes, pr\u00e9par\u00e9es tout au long de l\u2019ann\u00e9e. Ce projet, d\u00e9di\u00e9 \u00e0 l\u2019oral, a \u00e9t\u00e9 conduit \u00e0 Vand\u0153uvre-l\u00e8s-Nancy par Annabella Brandau, coordonnatrice du r\u00e9seau d\u2019\u00e9ducation prioritaire, avec le soutien de Manon Albizzati pour l\u2019accueil des scolaires. Les prestations ont \u00e9t\u00e9 mises en valeur par des conditions sc\u00e9niques professionnelles.<\/p>\n","protected":false},"excerpt":{"rendered":"Au Centre culturel Andr\u00e9-Malraux, pr\u00e8s de 150 \u00e9l\u00e8ves des \u00e9coles du Charmois, Paul-Bert et Jeanne-d\u2019Arc ont pr\u00e9sent\u00e9 lectures,&hellip;\n","protected":false},"author":2,"featured_media":203424,"comment_status":"","ping_status":"","sticky":false,"template":"","format":"standard","meta":{"footnotes":""},"categories":[9635],"tags":[1111,11,1704,1057,1777,674,1011,27,775,10425,6364,1702,12,25,5711],"class_list":{"0":"post-203423","1":"post","2":"type-post","3":"status-publish","4":"format-standard","5":"has-post-thumbnail","7":"category-nancy","8":"tag-actu","9":"tag-actualites","10":"tag-edition-nancy-et-agglomeration","11":"tag-education","12":"tag-eu","13":"tag-europe","14":"tag-fr","15":"tag-france","16":"tag-grand-est","17":"tag-maternelle-elementaire","18":"tag-metropole-du-grand-nancy-54b1","19":"tag-nancy","20":"tag-news","21":"tag-republique-francaise","22":"tag-vandoeuvre-les-nancy"},"share_on_mastodon":{"url":"https:\/\/pubeurope.com\/@fr\/114744502771973128","error":""},"_links":{"self":[{"href":"https:\/\/www.europesays.com\/fr\/wp-json\/wp\/v2\/posts\/203423","targetHints":{"allow":["GET"]}}],"collection":[{"href":"https:\/\/www.europesays.com\/fr\/wp-json\/wp\/v2\/posts"}],"about":[{"href":"https:\/\/www.europesays.com\/fr\/wp-json\/wp\/v2\/types\/post"}],"author":[{"embeddable":true,"href":"https:\/\/www.europesays.com\/fr\/wp-json\/wp\/v2\/users\/2"}],"replies":[{"embeddable":true,"href":"https:\/\/www.europesays.com\/fr\/wp-json\/wp\/v2\/comments?post=203423"}],"version-history":[{"count":0,"href":"https:\/\/www.europesays.com\/fr\/wp-json\/wp\/v2\/posts\/203423\/revisions"}],"wp:featuredmedia":[{"embeddable":true,"href":"https:\/\/www.europesays.com\/fr\/wp-json\/wp\/v2\/media\/203424"}],"wp:attachment":[{"href":"https:\/\/www.europesays.com\/fr\/wp-json\/wp\/v2\/media?parent=203423"}],"wp:term":[{"taxonomy":"category","embeddable":true,"href":"https:\/\/www.europesays.com\/fr\/wp-json\/wp\/v2\/categories?post=203423"},{"taxonomy":"post_tag","embeddable":true,"href":"https:\/\/www.europesays.com\/fr\/wp-json\/wp\/v2\/tags?post=203423"}],"curies":[{"name":"wp","href":"https:\/\/api.w.org\/{rel}","templated":true}]}}