{"id":20343,"date":"2025-04-12T18:53:10","date_gmt":"2025-04-12T18:53:10","guid":{"rendered":"https:\/\/www.europesays.com\/fr\/20343\/"},"modified":"2025-04-12T18:53:10","modified_gmt":"2025-04-12T18:53:10","slug":"tour-de-lorne-feminin-12-et-13-avril-2025-les-engagees","status":"publish","type":"post","link":"https:\/\/www.europesays.com\/fr\/20343\/","title":{"rendered":"Tour de l&rsquo;Orne F\u00e9minin 12 et 13 avril 2025 les engag\u00e9es"},"content":{"rendered":"<p>&#13;<br \/>\n&#13;<\/p>\n<p>actu30707.<\/p>\n<p>&#13;<br \/>\n<img decoding=\"async\" src=\"https:\/\/www.europesays.com\/fr\/wp-content\/uploads\/2025\/04\/tour-de-l-orne-femmes-12-et-13-avril-2025-affiche.jpg\" alt=\"Tour de l'Orne Femmes 12 et 13 avril 2025 affiche\"\/>&#13;<br \/>\n&#13;<\/p>\n<p>Liste des engag\u00e9es du Tour de l\u2019Orne F\u00e9minin 2025, course cycliste organis\u00e9e par le Comit\u00e9 d\u2019Organisation du Tour de l\u2019Orne en 3\u00e9tapes dont un contre la montre individuel les samedi et dimanche 12 et 13 avril 2025 pour les femmes Elite et Open1.2.3. Ce sera la 2\u00e8me manche de la Coupe De France Femmes N2.<\/p>\n<p>&#13;<br \/>\n&#13;<br \/>\n&#13;<br \/>\n&#13;<br \/>\n&#13;<br \/>\n&#13;<br \/>\n&#13;<br \/>\n&#13;<br \/>\n&#13;<br \/>\n&#13;<br \/>\n&#13;<br \/>\n&#13;<br \/>\n&#13;<br \/>\n&#13;<br \/>\n&#13;<br \/>\n&#13;<br \/>\n&#13;<br \/>\n&#13;<br \/>\nD&rsquo;autres Engag\u00e9s Route<img decoding=\"async\" src=\"https:\/\/www.europesays.com\/fr\/wp-content\/uploads\/2025\/04\/paris-roubaix-u19-13-avril-2025-guide-technique-01.jpg\" alt=\"Paris Roubaix U19 13 avril 2025 guide technique 01\"\/><\/p>\n<p>vendredi 11 avril 2025<\/p>\n<p>Paris Roubaix U19 13 avril 2025 les engag\u00e9s<img decoding=\"async\" src=\"https:\/\/www.europesays.com\/fr\/wp-content\/uploads\/2025\/04\/parisroubaixlogohidephoto.jpg\" alt=\"Paris Roubaix logo hidephoto\"\/><\/p>\n<p>vendredi 11 avril 2025<\/p>\n<p>Paris Roubaix hommes pro 13 avril 2025 les engag\u00e9s<img decoding=\"async\" src=\"https:\/\/www.europesays.com\/fr\/wp-content\/uploads\/2025\/04\/parisroubaixlogohidephoto.jpg\" alt=\"Paris Roubaix logo hidephoto\"\/><\/p>\n<p>jeudi 10 avril 2025<\/p>\n<p>Paris-Roubaix U23 13 avril 2025 les engag\u00e9s&#13;<br \/>\n&#13;<\/p>\n","protected":false},"excerpt":{"rendered":"&#13; &#13; actu30707. &#13; &#13; &#13; Liste des engag\u00e9es du Tour de l\u2019Orne F\u00e9minin 2025, course cycliste organis\u00e9e&hellip;\n","protected":false},"author":2,"featured_media":20344,"comment_status":"","ping_status":"","sticky":false,"template":"","format":"standard","meta":{"footnotes":""},"categories":[1411],"tags":[1154,207,1011,27,60],"class_list":{"0":"post-20343","1":"post","2":"type-post","3":"status-publish","4":"format-standard","5":"has-post-thumbnail","7":"category-cyclisme","8":"tag-cycling","9":"tag-cyclisme","10":"tag-fr","11":"tag-france","12":"tag-sports"},"share_on_mastodon":{"url":"https:\/\/pubeurope.com\/@fr\/114326510203131283","error":""},"_links":{"self":[{"href":"https:\/\/www.europesays.com\/fr\/wp-json\/wp\/v2\/posts\/20343","targetHints":{"allow":["GET"]}}],"collection":[{"href":"https:\/\/www.europesays.com\/fr\/wp-json\/wp\/v2\/posts"}],"about":[{"href":"https:\/\/www.europesays.com\/fr\/wp-json\/wp\/v2\/types\/post"}],"author":[{"embeddable":true,"href":"https:\/\/www.europesays.com\/fr\/wp-json\/wp\/v2\/users\/2"}],"replies":[{"embeddable":true,"href":"https:\/\/www.europesays.com\/fr\/wp-json\/wp\/v2\/comments?post=20343"}],"version-history":[{"count":0,"href":"https:\/\/www.europesays.com\/fr\/wp-json\/wp\/v2\/posts\/20343\/revisions"}],"wp:featuredmedia":[{"embeddable":true,"href":"https:\/\/www.europesays.com\/fr\/wp-json\/wp\/v2\/media\/20344"}],"wp:attachment":[{"href":"https:\/\/www.europesays.com\/fr\/wp-json\/wp\/v2\/media?parent=20343"}],"wp:term":[{"taxonomy":"category","embeddable":true,"href":"https:\/\/www.europesays.com\/fr\/wp-json\/wp\/v2\/categories?post=20343"},{"taxonomy":"post_tag","embeddable":true,"href":"https:\/\/www.europesays.com\/fr\/wp-json\/wp\/v2\/tags?post=20343"}],"curies":[{"name":"wp","href":"https:\/\/api.w.org\/{rel}","templated":true}]}}