{"id":203438,"date":"2025-06-25T14:42:09","date_gmt":"2025-06-25T14:42:09","guid":{"rendered":"https:\/\/www.europesays.com\/fr\/203438\/"},"modified":"2025-06-25T14:42:09","modified_gmt":"2025-06-25T14:42:09","slug":"une-femme-victime-de-piqure-decide-de-porter-plainte","status":"publish","type":"post","link":"https:\/\/www.europesays.com\/fr\/203438\/","title":{"rendered":"une femme victime de piq\u00fbre d\u00e9cide de porter plainte"},"content":{"rendered":"<p itemprop=\"description\"><strong>Sur les neuf victimes, une seule porte plainte apr\u00e8s avoir \u00e9t\u00e9 piqu\u00e9e lors de la F\u00eate de la musique \u00e0 Voiron.<\/strong><\/p>\n<p>La menace qui circulait sur les r\u00e9seaux sociaux \u00e9tait bien r\u00e9elle. La F\u00eate de la musique a donn\u00e9 lieu \u00e0 de nombreuses piq\u00fbres. A Grenoble et Voiron, neuf femmes ont affirm\u00e9 avoir ressenti une vive douleur, similaire \u00e0 celle d\u2019une piq\u00fbre. N\u00e9anmoins, aucune d\u2019entre elles ne semble avoir \u00e9t\u00e9 drogu\u00e9e.<\/p>\n<p>Une enqu\u00eate a \u00e9t\u00e9 ouverte par la police grenobloise afin d\u2019identifier les auteurs des piq\u00fbres. A Voiron o\u00f9 une femme a \u00e9t\u00e9 piqu\u00e9e, un homme a \u00e9t\u00e9 d\u00e9sign\u00e9 par la foule \u00e9tant le suspect. Cependant, l\u2019homme pris d\u2019assaut sur des accusations infond\u00e9es, a contraint la police \u00e0 intervenir.<\/p>\n<p>Selon les services de police, une seule des victimes a d\u00e9pos\u00e9 plainte. Celle-ci s\u2019\u00e9tait rendue au CHU Grenoble-Alpes, o\u00f9 elle est finalement ressortie sans avoir passer des examens de contr\u00f4le \u00e0 cause du temps d\u2019attente. A l\u2019issue de son d\u00e9p\u00f4t de plainte, une convocation \u00e0 l\u2019unit\u00e9 m\u00e9dico-judiciaire lui a \u00e9t\u00e9 d\u00e9livr\u00e9e.<\/p>\n<p>Les autres victimes n\u2019ont ni d\u00e9pos\u00e9 plainte, ni fait l\u2019objet d\u2019un examen m\u00e9dical plus pouss\u00e9.<\/p>\n","protected":false},"excerpt":{"rendered":"Sur les neuf victimes, une seule porte plainte apr\u00e8s avoir \u00e9t\u00e9 piqu\u00e9e lors de la F\u00eate de la&hellip;\n","protected":false},"author":2,"featured_media":203439,"comment_status":"","ping_status":"","sticky":false,"template":"","format":"standard","meta":{"footnotes":""},"categories":[9566],"tags":[1111,11,7733,8279,2430,7736,650,7734,2889,2263,1777,674,1011,27,2731,8280,6417,1114,108,4662,12,3725,1825,25,7737],"class_list":{"0":"post-203438","1":"post","2":"type-post","3":"status-publish","4":"format-standard","5":"has-post-thumbnail","7":"category-grenoble","8":"tag-actu","9":"tag-actualites","10":"tag-alpes","11":"tag-alpes1","12":"tag-auvergne-rhone-alpes","13":"tag-cds","14":"tag-cinema","15":"tag-ecoute","16":"tag-emission","17":"tag-equipe","18":"tag-eu","19":"tag-europe","20":"tag-fr","21":"tag-france","22":"tag-grenoble","23":"tag-haute","24":"tag-information","25":"tag-infos","26":"tag-isere","27":"tag-journal","28":"tag-news","29":"tag-podcast","30":"tag-radio","31":"tag-republique-francaise","32":"tag-winamp"},"share_on_mastodon":{"url":"https:\/\/pubeurope.com\/@fr\/114744534178674090","error":""},"_links":{"self":[{"href":"https:\/\/www.europesays.com\/fr\/wp-json\/wp\/v2\/posts\/203438","targetHints":{"allow":["GET"]}}],"collection":[{"href":"https:\/\/www.europesays.com\/fr\/wp-json\/wp\/v2\/posts"}],"about":[{"href":"https:\/\/www.europesays.com\/fr\/wp-json\/wp\/v2\/types\/post"}],"author":[{"embeddable":true,"href":"https:\/\/www.europesays.com\/fr\/wp-json\/wp\/v2\/users\/2"}],"replies":[{"embeddable":true,"href":"https:\/\/www.europesays.com\/fr\/wp-json\/wp\/v2\/comments?post=203438"}],"version-history":[{"count":0,"href":"https:\/\/www.europesays.com\/fr\/wp-json\/wp\/v2\/posts\/203438\/revisions"}],"wp:featuredmedia":[{"embeddable":true,"href":"https:\/\/www.europesays.com\/fr\/wp-json\/wp\/v2\/media\/203439"}],"wp:attachment":[{"href":"https:\/\/www.europesays.com\/fr\/wp-json\/wp\/v2\/media?parent=203438"}],"wp:term":[{"taxonomy":"category","embeddable":true,"href":"https:\/\/www.europesays.com\/fr\/wp-json\/wp\/v2\/categories?post=203438"},{"taxonomy":"post_tag","embeddable":true,"href":"https:\/\/www.europesays.com\/fr\/wp-json\/wp\/v2\/tags?post=203438"}],"curies":[{"name":"wp","href":"https:\/\/api.w.org\/{rel}","templated":true}]}}