{"id":203442,"date":"2025-06-25T14:44:19","date_gmt":"2025-06-25T14:44:19","guid":{"rendered":"https:\/\/www.europesays.com\/fr\/203442\/"},"modified":"2025-06-25T14:44:19","modified_gmt":"2025-06-25T14:44:19","slug":"les-6-000-tonnes-de-beton-du-parking-vilaine-voyageront-par-bateau","status":"publish","type":"post","link":"https:\/\/www.europesays.com\/fr\/203442\/","title":{"rendered":"Les 6.000 tonnes de b\u00e9ton du parking Vilaine voyageront par bateau"},"content":{"rendered":"<p>Voil\u00e0 soixante ans qu\u2019il \u00e9tait l\u00e0, solidement pos\u00e9 sur d\u2019imposantes poutres m\u00e9talliques qu\u2019il allait falloir remplacer. Plut\u00f4t que de retaper son parking Vilaine, la ville de Rennes<a href=\"https:\/\/www.20minutes.fr\/rennes\/3252587-20220315-rennes-suppression-parking-actee-quoi-ressembleront-quais-vilaine\" class=\"color-ultramarine c-link\" target=\"_blank\" rel=\"noopener\"> a choisi de le d\u00e9molir afin de red\u00e9couvrir son fleuve<\/a>. A partir du mois d\u2019octobre, un chantier d\u2019ampleur d\u00e9marrera <a href=\"https:\/\/www.20minutes.fr\/rennes\/4157359-20250606-rennes-va-casser-parking-retrouver-amour-vilaine\" class=\"color-ultramarine c-link\" target=\"_blank\" rel=\"noopener\">pour casser cette \u00e9paisse dalle surplombant l\u2019eau de la Vilaine<\/a>. Mais que faire de tous ces gravats\u00a0? Et comment \u00e9viter que les mat\u00e9riaux d\u00e9molis ne tombent dans l\u2019eau\u00a0?<\/p>\n<p>La solution a \u00e9t\u00e9 trouv\u00e9e avec l\u2019aide de l\u2019entreprise de travaux publics Charier. Cette derni\u00e8re va cr\u00e9er une ouverture pour y passer une pelle de cinquante tonnes, qui sera pos\u00e9e sur des caissons flottants. C\u2019est cette imposante machine qui viendra grignoter l\u2019\u00e9paisse dalle sur une longueur de 250 m\u00e8tres. Un chantier \u00e9norme qui n\u00e9cessitera l\u2019\u00e9vacuation d\u2019environ 6.000 tonnes de b\u00e9ton, pr\u00e9vient la ville dans un communiqu\u00e9. Plut\u00f4t que de l\u2019\u00e9vacuer par camion, la municipalit\u00e9 de Nathalie App\u00e9r\u00e9 a opt\u00e9 pour un transport sur l\u2019eau, gr\u00e2ce \u00e0 de multiples bateaux. Ces barges seront charg\u00e9es d\u2019\u00e9vacuer les gravats jusqu\u2019au site de traitement de Charier, situ\u00e9 \u00e0 quatre kilom\u00e8tres de l\u00e0. Des b\u00e9tons qui pourront \u00eatre recycl\u00e9s dans d\u2019autres chantiers.<\/p>\n<\/p>\n<p>Le choix d\u2019une \u00e9vacuation par la rivi\u00e8re devrait permettre de limiter les nuisances li\u00e9es aux allers-retours des camions et baisser l\u2019empreinte carbone de ce chantier. La d\u00e9construction devrait prendre sept mois et co\u00fbter un peu plus de deux millions d\u2019euros. Quant au chantier dans sa globalit\u00e9, il est \u00e9valu\u00e9 \u00e0 environ 29\u00a0millions d\u2019euros et devrait s\u2019\u00e9taler sur trois ans, <a href=\"https:\/\/www.20minutes.fr\/rennes\/4077122-20240219-rennes-arbres-eau-pontons-nouveau-visage-vert-place-republique-dessine\" class=\"color-ultramarine c-link\" target=\"_blank\" rel=\"noopener\">incluant la refonte totale de la place de la R\u00e9publique<\/a>. A noter <a href=\"https:\/\/www.20minutes.fr\/rennes\/3219171-20220119-rennes-ca-fait-23-ans-entends-parler-suppression-parking-vilaine-divise-toujours-population\" class=\"color-ultramarine c-link\" target=\"_blank\" rel=\"noopener\">que le parking de 249 places<\/a> fermera le 31\u00a0ao\u00fbt. La fin d\u2019une \u00e9poque.<\/p>\n","protected":false},"excerpt":{"rendered":"Voil\u00e0 soixante ans qu\u2019il \u00e9tait l\u00e0, solidement pos\u00e9 sur d\u2019imposantes poutres m\u00e9talliques qu\u2019il allait falloir remplacer. Plut\u00f4t que&hellip;\n","protected":false},"author":2,"featured_media":203443,"comment_status":"","ping_status":"","sticky":false,"template":"","format":"standard","meta":{"footnotes":""},"categories":[2821],"tags":[1111,11,5160,829,1771,3008,1777,674,1011,27,848,10736,12,16025,1306,584,25,6173,2086,1352],"class_list":{"0":"post-203442","1":"post","2":"type-post","3":"status-publish","4":"format-standard","5":"has-post-thumbnail","7":"category-rennes","8":"tag-actu","9":"tag-actualites","10":"tag-bateau","11":"tag-bretagne","12":"tag-btp","13":"tag-dechets","14":"tag-eu","15":"tag-europe","16":"tag-fr","17":"tag-france","18":"tag-ille-et-vilaine","19":"tag-nathalie-appere","20":"tag-news","21":"tag-parking","22":"tag-regions","23":"tag-rennes","24":"tag-republique-francaise","25":"tag-stationnement","26":"tag-travaux","27":"tag-urbanisme"},"share_on_mastodon":{"url":"https:\/\/pubeurope.com\/@fr\/114744542067844572","error":""},"_links":{"self":[{"href":"https:\/\/www.europesays.com\/fr\/wp-json\/wp\/v2\/posts\/203442","targetHints":{"allow":["GET"]}}],"collection":[{"href":"https:\/\/www.europesays.com\/fr\/wp-json\/wp\/v2\/posts"}],"about":[{"href":"https:\/\/www.europesays.com\/fr\/wp-json\/wp\/v2\/types\/post"}],"author":[{"embeddable":true,"href":"https:\/\/www.europesays.com\/fr\/wp-json\/wp\/v2\/users\/2"}],"replies":[{"embeddable":true,"href":"https:\/\/www.europesays.com\/fr\/wp-json\/wp\/v2\/comments?post=203442"}],"version-history":[{"count":0,"href":"https:\/\/www.europesays.com\/fr\/wp-json\/wp\/v2\/posts\/203442\/revisions"}],"wp:featuredmedia":[{"embeddable":true,"href":"https:\/\/www.europesays.com\/fr\/wp-json\/wp\/v2\/media\/203443"}],"wp:attachment":[{"href":"https:\/\/www.europesays.com\/fr\/wp-json\/wp\/v2\/media?parent=203442"}],"wp:term":[{"taxonomy":"category","embeddable":true,"href":"https:\/\/www.europesays.com\/fr\/wp-json\/wp\/v2\/categories?post=203442"},{"taxonomy":"post_tag","embeddable":true,"href":"https:\/\/www.europesays.com\/fr\/wp-json\/wp\/v2\/tags?post=203442"}],"curies":[{"name":"wp","href":"https:\/\/api.w.org\/{rel}","templated":true}]}}