{"id":203444,"date":"2025-06-25T14:45:18","date_gmt":"2025-06-25T14:45:18","guid":{"rendered":"https:\/\/www.europesays.com\/fr\/203444\/"},"modified":"2025-06-25T14:45:18","modified_gmt":"2025-06-25T14:45:18","slug":"nos-idees-de-sorties-a-strasbourg-2","status":"publish","type":"post","link":"https:\/\/www.europesays.com\/fr\/203444\/","title":{"rendered":"nos id\u00e9es de sorties \u00e0 Strasbourg"},"content":{"rendered":"<p class=\"insetTitle\">C\u00f4t\u00e9 cin\u00e9 : Mission Impossible, Final Reckoning<\/p>\n<p>On aura longtemps tra\u00een\u00e9 des pieds avant d&rsquo;aller \u00e0 la d\u00e9couverte de l&rsquo;ultime (\u00a0?) volet de la saga port\u00e9e \u00e0 bout de bras par Tom Cruise&#8230; et la surprise n&rsquo;en est que plus agr\u00e9able. L\u00e0 o\u00f9 l&rsquo;on craignait une succession indigeste de sc\u00e8nes d&rsquo;action en tout genre et une surench\u00e8re d&rsquo;effets visuels toujours plus spectaculaires, Mission Impossible The Final Reckoning fait au contraire le choix de se poser en film somme, sorte de syncr\u00e9tisme malin de toute la franchise &#8211; dans les replis de laquelle il trouve d&rsquo;ailleurs un fil d&rsquo;Ariane inesp\u00e9r\u00e9. La saga s&rsquo;y d\u00e9ploie au fil de flashbacks bien amen\u00e9s, avec un touchant app\u00e9tit pour ses moments les plus embl\u00e9matiques, touchants, heurtants, parfois tragiques.<\/p>\n<p>Le film de Christopher McQuarrie (dont on aime d\u00e9cid\u00e9ment le travail, depuis Jack Reacher) se paye \u00e9galement le luxe de distiller un message, mine de rien, pas si perch\u00e9 sur les nouvelles technologies, interrogeant la place des intelligences artificielles dans nos soci\u00e9t\u00e9s. Une belle occasion de jouer avec les psychoses civilisationnelles que leur av\u00e8nement fait monter, mais aussi de rappeler que le v\u00e9ritable ennemi reste toujours celui, tr\u00e8s humain, qui cherche \u00e0 les dominer. Le tout, \u00e9videmment, ponctu\u00e9 par quelques sc\u00e8nes redoutablement testost\u00e9ron\u00e9es, parmi les plus efficaces offertes par la franchise depuis pas mal d&rsquo;ann\u00e9es.<\/p>\n<p>A 62 ans, Tom Cruise impressionne, lui, par son physique et ses cascades, et boucle comme il se doit la saga. Un brin nostalgique, il d\u00e9ploie m\u00eame en douceur l&rsquo;image d&rsquo;un h\u00e9ros meurtri, qui aura tout donn\u00e9 \u00e0 sa cause, filant une th\u00e9matique perceptible dans la saga depuis l&rsquo;opus Fallout. Un rien am\u00e8re, voil\u00e0 en tout cas une jolie proposition de film d&rsquo;action\u00a0 ; qui tranche, a minima, avec d&rsquo;autres blockbusters nettement plus bas du front&#8230;<\/p>\n<p class=\"note\">Au Path\u00e9 Brumath et dans les salles du VOX et de l&rsquo;UGC Cin\u00e9-Cit\u00e9 \u00e0 Strasbourg<\/p>\n<p class=\"insetSignature\">N.B.<\/p>\n","protected":false},"excerpt":{"rendered":"C\u00f4t\u00e9 cin\u00e9 : Mission Impossible, Final Reckoning On aura longtemps tra\u00een\u00e9 des pieds avant d&rsquo;aller \u00e0 la d\u00e9couverte&hellip;\n","protected":false},"author":2,"featured_media":203445,"comment_status":"","ping_status":"","sticky":false,"template":"","format":"standard","meta":{"footnotes":""},"categories":[2820],"tags":[1111,11,1687,2880,1777,674,107,1011,27,775,873,12,25,104,3140,640,2879,1631],"class_list":{"0":"post-203444","1":"post","2":"type-post","3":"status-publish","4":"format-standard","5":"has-post-thumbnail","7":"category-strasbourg","8":"tag-actu","9":"tag-actualites","10":"tag-culture-loisirs","11":"tag-edition-strasbourg","12":"tag-eu","13":"tag-europe","14":"tag-fil-info","15":"tag-fr","16":"tag-france","17":"tag-grand-est","18":"tag-musique","19":"tag-news","20":"tag-republique-francaise","21":"tag-societe","22":"tag-spectacle","23":"tag-strasbourg","24":"tag-strasbourg-ville","25":"tag-vie-associative"},"share_on_mastodon":{"url":"https:\/\/pubeurope.com\/@fr\/114744546237102702","error":""},"_links":{"self":[{"href":"https:\/\/www.europesays.com\/fr\/wp-json\/wp\/v2\/posts\/203444","targetHints":{"allow":["GET"]}}],"collection":[{"href":"https:\/\/www.europesays.com\/fr\/wp-json\/wp\/v2\/posts"}],"about":[{"href":"https:\/\/www.europesays.com\/fr\/wp-json\/wp\/v2\/types\/post"}],"author":[{"embeddable":true,"href":"https:\/\/www.europesays.com\/fr\/wp-json\/wp\/v2\/users\/2"}],"replies":[{"embeddable":true,"href":"https:\/\/www.europesays.com\/fr\/wp-json\/wp\/v2\/comments?post=203444"}],"version-history":[{"count":0,"href":"https:\/\/www.europesays.com\/fr\/wp-json\/wp\/v2\/posts\/203444\/revisions"}],"wp:featuredmedia":[{"embeddable":true,"href":"https:\/\/www.europesays.com\/fr\/wp-json\/wp\/v2\/media\/203445"}],"wp:attachment":[{"href":"https:\/\/www.europesays.com\/fr\/wp-json\/wp\/v2\/media?parent=203444"}],"wp:term":[{"taxonomy":"category","embeddable":true,"href":"https:\/\/www.europesays.com\/fr\/wp-json\/wp\/v2\/categories?post=203444"},{"taxonomy":"post_tag","embeddable":true,"href":"https:\/\/www.europesays.com\/fr\/wp-json\/wp\/v2\/tags?post=203444"}],"curies":[{"name":"wp","href":"https:\/\/api.w.org\/{rel}","templated":true}]}}