{"id":203446,"date":"2025-06-25T14:46:11","date_gmt":"2025-06-25T14:46:11","guid":{"rendered":"https:\/\/www.europesays.com\/fr\/203446\/"},"modified":"2025-06-25T14:46:11","modified_gmt":"2025-06-25T14:46:11","slug":"guerre-en-ukraine-strasbourg-et-le-conseil-de-leurope-se-preparent-a-accueillir-volodymyr-zelensky","status":"publish","type":"post","link":"https:\/\/www.europesays.com\/fr\/203446\/","title":{"rendered":"Guerre en Ukraine . Strasbourg et le Conseil de l&rsquo;Europe se pr\u00e9parent \u00e0 accueillir Volodymyr Zelensky"},"content":{"rendered":"<p>Un invit\u00e9 de marque en Alsace. <a href=\"https:\/\/www.dna.fr\/p\/volodymyr-zelensky\" target=\"_blank\" rel=\"noopener\">Volodymyr Zelensky<\/a> <a href=\"https:\/\/www.dna.fr\/defense-guerre-conflit\/2025\/06\/25\/zelensky-attendu-a-strasbourg-pour-acter-la-creation-d-un-tribunal-special\" target=\"_blank\" rel=\"noopener\">est attendu \u00e0 Strasbourg en fin de journ\u00e9e<\/a>. Le pr\u00e9sident ukrainien doit arriver au Conseil de l\u2019Europe \u00e0 19h, pour y signer l\u2019acte de naissance d\u2019un tribunal sp\u00e9cial destin\u00e9 \u00e0 juger le crime d\u2019agression de la Russie contre l\u2019Ukraine. Ce tribunal sera plac\u00e9 sous l\u2019\u00e9gide du Conseil (46 Etats membres, distinct de l\u2019Union europ\u00e9enne), bas\u00e9 \u00e0 Strasbourg depuis sa cr\u00e9ation en 1949. Le chef d&rsquo;Etat\u00a0arrivera directement de La Haye, o\u00f9 il a particip\u00e9 \u00e0 des discussions en marge du sommet de l\u2019Otan, et rencontrait <a href=\"https:\/\/www.dna.fr\/p\/donald-trump\" target=\"_blank\" rel=\"noopener\">Donald Trump<\/a> en ce d\u00e9but d\u2019apr\u00e8s-midi.<\/p>\n<p>Un discours devant des parlementaires des\u00a0Etats membres<\/p>\n<p>A Strasbourg, apr\u00e8s avoir sign\u00e9 le protocole donnant naissance au tribunal sp\u00e9cial, Volodymyr Zelensky s\u2019adressera vers 20h40 \u00e0 l\u2019Assembl\u00e9e parlementaire du Conseil de l\u2019Europe, qui rassemble des parlementaires des 46 Etats membres. Il quittera ensuite la ville apr\u00e8s ce discours.<\/p>\n<p>  Un important dispositif de s\u00e9curit\u00e9<\/p>\n<p>Cette visite s&rsquo;effectue sous haute surveillance. Le Conseil de l\u2019Europe est habitu\u00e9 aux visites de pr\u00e9sidents et Premiers ministres, mais la guerre que m\u00e8ne la Russie contre l\u2019Ukraine justifie une vigilance bien plus importante pour entourer le pr\u00e9sident ukrainien. Une \u00e9quipe de s\u00e9curit\u00e9 ukrainienne \u00e9tait d\u2019ailleurs d\u00e9j\u00e0 pr\u00e9sente \u00e0 Strasbourg d\u00e8s ce mardi matin, et le Conseil fait appel \u00e0 des renforts pour son \u00e9quipe de s\u00e9curit\u00e9, ainsi qu\u2019un soutien des forces de l\u2019ordre fran\u00e7aises.<\/p>\n<p>Un <a href=\"https:\/\/www.dna.fr\/politique\/2025\/06\/25\/visite-de-volodymyr-zelensky-perimetre-securise-drones-et-fouilles-autour-du-conseil-de-l-europe\" target=\"_blank\" rel=\"noopener\">large dispositif de s\u00e9curit\u00e9<\/a> a donc \u00e9t\u00e9 mis en place autour du quartier\u00a0europ\u00e9en, sous cloche\u00a0de 16 h \u00e0 minuit. Un arr\u00eat\u00e9 a \u00e9t\u00e9 pris par la pr\u00e9fecture du Bas-Rhin pour instaurer un p\u00e9rim\u00e8tre de protection d\u00e9limit\u00e9 par les voies suivantes : avenue de l\u2019Europe, rue Charles-Bergmann, rue du g\u00e9n\u00e9ral Ulrich et quai du bassin de l\u2019Ill. Les personnes et v\u00e9hicules ne pourront y entrer que\u00a0par des points d\u2019acc\u00e8s d\u00e9finis. Des palpations de s\u00e9curit\u00e9 ainsi que des inspections visuelles et fouilles des bagages pourront aussi \u00eatre effectu\u00e9es.\u00a0Deux drones \u00e9quip\u00e9s de cam\u00e9ras seront aussi d\u00e9ploy\u00e9s par les forces de l&rsquo;ordre.\u00a0<\/p>\n","protected":false},"excerpt":{"rendered":"Un invit\u00e9 de marque en Alsace. Volodymyr Zelensky est attendu \u00e0 Strasbourg en fin de journ\u00e9e. Le pr\u00e9sident&hellip;\n","protected":false},"author":2,"featured_media":203447,"comment_status":"","ping_status":"","sticky":false,"template":"","format":"standard","meta":{"footnotes":""},"categories":[2820],"tags":[1111,11,2389,2649,1777,674,107,1011,27,329,775,12,316,25,640,220],"class_list":{"0":"post-203446","1":"post","2":"type-post","3":"status-publish","4":"format-standard","5":"has-post-thumbnail","7":"category-strasbourg","8":"tag-actu","9":"tag-actualites","10":"tag-alsace","11":"tag-bas-rhin","12":"tag-eu","13":"tag-europe","14":"tag-fil-info","15":"tag-fr","16":"tag-france","17":"tag-france-monde","18":"tag-grand-est","19":"tag-news","20":"tag-politique","21":"tag-republique-francaise","22":"tag-strasbourg","23":"tag-ukraine"},"share_on_mastodon":{"url":"https:\/\/pubeurope.com\/@fr\/114744550000751706","error":""},"_links":{"self":[{"href":"https:\/\/www.europesays.com\/fr\/wp-json\/wp\/v2\/posts\/203446","targetHints":{"allow":["GET"]}}],"collection":[{"href":"https:\/\/www.europesays.com\/fr\/wp-json\/wp\/v2\/posts"}],"about":[{"href":"https:\/\/www.europesays.com\/fr\/wp-json\/wp\/v2\/types\/post"}],"author":[{"embeddable":true,"href":"https:\/\/www.europesays.com\/fr\/wp-json\/wp\/v2\/users\/2"}],"replies":[{"embeddable":true,"href":"https:\/\/www.europesays.com\/fr\/wp-json\/wp\/v2\/comments?post=203446"}],"version-history":[{"count":0,"href":"https:\/\/www.europesays.com\/fr\/wp-json\/wp\/v2\/posts\/203446\/revisions"}],"wp:featuredmedia":[{"embeddable":true,"href":"https:\/\/www.europesays.com\/fr\/wp-json\/wp\/v2\/media\/203447"}],"wp:attachment":[{"href":"https:\/\/www.europesays.com\/fr\/wp-json\/wp\/v2\/media?parent=203446"}],"wp:term":[{"taxonomy":"category","embeddable":true,"href":"https:\/\/www.europesays.com\/fr\/wp-json\/wp\/v2\/categories?post=203446"},{"taxonomy":"post_tag","embeddable":true,"href":"https:\/\/www.europesays.com\/fr\/wp-json\/wp\/v2\/tags?post=203446"}],"curies":[{"name":"wp","href":"https:\/\/api.w.org\/{rel}","templated":true}]}}