{"id":203450,"date":"2025-06-25T14:48:10","date_gmt":"2025-06-25T14:48:10","guid":{"rendered":"https:\/\/www.europesays.com\/fr\/203450\/"},"modified":"2025-06-25T14:48:10","modified_gmt":"2025-06-25T14:48:10","slug":"sorties-saint-laurent-du-var-de-la8-fermees-ce-dimanche","status":"publish","type":"post","link":"https:\/\/www.europesays.com\/fr\/203450\/","title":{"rendered":"sorties Saint-Laurent-du-Var de l&rsquo;A8 ferm\u00e9es ce dimanche"},"content":{"rendered":"<p itemprop=\"description\">Nice s\u2019appr\u00eate \u00e0 vivre, le 29 juin prochain, une nouvelle \u00e9dition de l\u2019Ironman 70.3, l\u2019un des \u00e9v\u00e9nements de triathlon les plus embl\u00e9matiques du circuit international. Comme chaque ann\u00e9e, plusieurs milliers d\u2019athl\u00e8tes professionnels et amateurs sont attendus sur la Promenade des Anglais, pr\u00eats \u00e0 encha\u00eener 1,9\u00a0km de natation, 92\u00a0km de v\u00e9lo et 20,9\u00a0km de course \u00e0 pied.<br \/>&#13;<br \/>\nPour s\u00e9curiser le parcours, les sorties Saint-Laurent-du-Var (n\u00b049) de l&rsquo;A8 dans les 2 sens, seront ferm\u00e9es de 5h \u00e0 midi.<\/p>\n<p>        Ce dimanche 29 juin, Nice accueillera une nouvelle \u00e9dition de la c\u00e9l\u00e8bre comp\u00e9tition de triathlon Ironman. L\u2019\u00e9v\u00e9nement, connu pour son exigence physique et son cadre spectaculaire, entra\u00eenera des perturbations notables dans la circulation, notamment sur l\u2019autoroute A8.Fermeture de la sortie Saint-Laurent-du-Var<br \/>&#13;<\/p>\n<p>Afin d&rsquo;assurer la s\u00e9curit\u00e9 des participants, la bretelle de sortie de l&rsquo;\u00e9changeur de Saint-Laurent-du-Var (n\u00b049) sera ferm\u00e9e de 5h \u00e0 midi. Cette mesure vise \u00e0 s\u00e9curiser le parcours emprunt\u00e9 par les triathl\u00e8tes, en particulier lors de l\u2019\u00e9preuve cycliste.<br \/>&#13;<br \/>\nLes automobilistes devront suivre des itin\u00e9raires de d\u00e9viation. En direction de l\u2019Italie, il est recommand\u00e9 d\u2019utiliser la sortie Nice Ouest (n\u00b050), tandis qu\u2019en direction d\u2019Aix-en-Provence, la sortie de Cagnes-sur-Mer (n\u00b048) est conseill\u00e9e.<\/p>\n<p>Un parcours exigeant entre mer et montagne<br \/>&#13;<\/p>\n<p>L\u2019Ironman de Nice propose un trac\u00e9 qui fait la renomm\u00e9e de la comp\u00e9tition, avec un parcours v\u00e9lo de 90 kilom\u00e8tres. Cette boucle unique traverse plusieurs villages pittoresques et comporte l\u2019ascension du Col de Vence, une difficult\u00e9 notable pour les participants. En contrepartie, les sportifs profiteront de vues spectaculaires avant de rejoindre le littoral.<\/p>\n<p>L\u2019\u00e9preuve s\u2019ach\u00e8vera sur la Promenade des Anglais, un lieu embl\u00e9matique du triathlon en France, offrant un d\u00e9cor prestigieux pour la ligne d\u2019arriv\u00e9e.    <\/p>\n","protected":false},"excerpt":{"rendered":"Nice s\u2019appr\u00eate \u00e0 vivre, le 29 juin prochain, une nouvelle \u00e9dition de l\u2019Ironman 70.3, l\u2019un des \u00e9v\u00e9nements de&hellip;\n","protected":false},"author":2,"featured_media":203451,"comment_status":"","ping_status":"","sticky":false,"template":"","format":"standard","meta":{"footnotes":""},"categories":[2819],"tags":[1111,11,34260,6664,1777,674,12009,1011,27,34259,3687,12,2401,882,25,3912,1669,10997,3681],"class_list":{"0":"post-203450","1":"post","2":"type-post","3":"status-publish","4":"format-standard","5":"has-post-thumbnail","7":"category-nice","8":"tag-actu","9":"tag-actualites","10":"tag-apprete","11":"tag-dimanche","12":"tag-eu","13":"tag-europe","14":"tag-fermees","15":"tag-fr","16":"tag-france","17":"tag-ironman","18":"tag-juin","19":"tag-news","20":"tag-nice","21":"tag-provence-alpes-cote-dazur","22":"tag-republique-francaise","23":"tag-saint-laurent-du-var","24":"tag-sorties","25":"tag-triathlon","26":"tag-vivre"},"share_on_mastodon":{"url":"https:\/\/pubeurope.com\/@fr\/114744557825304034","error":""},"_links":{"self":[{"href":"https:\/\/www.europesays.com\/fr\/wp-json\/wp\/v2\/posts\/203450","targetHints":{"allow":["GET"]}}],"collection":[{"href":"https:\/\/www.europesays.com\/fr\/wp-json\/wp\/v2\/posts"}],"about":[{"href":"https:\/\/www.europesays.com\/fr\/wp-json\/wp\/v2\/types\/post"}],"author":[{"embeddable":true,"href":"https:\/\/www.europesays.com\/fr\/wp-json\/wp\/v2\/users\/2"}],"replies":[{"embeddable":true,"href":"https:\/\/www.europesays.com\/fr\/wp-json\/wp\/v2\/comments?post=203450"}],"version-history":[{"count":0,"href":"https:\/\/www.europesays.com\/fr\/wp-json\/wp\/v2\/posts\/203450\/revisions"}],"wp:featuredmedia":[{"embeddable":true,"href":"https:\/\/www.europesays.com\/fr\/wp-json\/wp\/v2\/media\/203451"}],"wp:attachment":[{"href":"https:\/\/www.europesays.com\/fr\/wp-json\/wp\/v2\/media?parent=203450"}],"wp:term":[{"taxonomy":"category","embeddable":true,"href":"https:\/\/www.europesays.com\/fr\/wp-json\/wp\/v2\/categories?post=203450"},{"taxonomy":"post_tag","embeddable":true,"href":"https:\/\/www.europesays.com\/fr\/wp-json\/wp\/v2\/tags?post=203450"}],"curies":[{"name":"wp","href":"https:\/\/api.w.org\/{rel}","templated":true}]}}