{"id":20347,"date":"2025-04-12T18:55:08","date_gmt":"2025-04-12T18:55:08","guid":{"rendered":"https:\/\/www.europesays.com\/fr\/20347\/"},"modified":"2025-04-12T18:55:08","modified_gmt":"2025-04-12T18:55:08","slug":"elle-sest-eteinte-dans-mes-bras-ce-matin-laurent-kerusore-de-plus-belle-la-vie-annonce-une-terrible-nouvelle","status":"publish","type":"post","link":"https:\/\/www.europesays.com\/fr\/20347\/","title":{"rendered":"\u00ab\u00a0Elle s&rsquo;est \u00e9teinte dans mes bras ce matin\u00a0\u00bb, Laurent K\u00e9rusor\u00e9 de Plus belle la vie annonce une terrible nouvelle"},"content":{"rendered":"<p>Ce matin, le c\u0153ur de Laurent K\u00e9rusor\u00e9, acteur embl\u00e9matique de Plus belle la vie, <strong>s\u2019est bris\u00e9<\/strong>. Dans un message bouleversant publi\u00e9 sur Instagram, il a partag\u00e9 la triste nouvelle de <strong>la perte de son chien<\/strong>, Denise.<\/p>\n<p>\u00ab\u00a0Elle s\u2019est doucement \u00e9teinte dans mes bras ce matin\u00a0\u00bb, \u00e9crit-il, exprimant <strong>la douleur immense qu\u2019il ressent<\/strong> face \u00e0 cette s\u00e9paration. Une annonce poignante qui a boulevers\u00e9 ses fans et r\u00e9v\u00e9l\u00e9 <strong>un lien profond<\/strong> entre l&rsquo;acteur et sa fid\u00e8le compagne \u00e0 quatre pattes.<\/p>\n<p>Laurent K\u00e9rusor\u00e9, un vide difficile \u00e0 accepter<\/p>\n<p>Laurent K\u00e9rusor\u00e9 <a href=\"https:\/\/www.public.fr\/laurent-kerusore-vit-les-48h-les-plus-difficiles-de-ma-vie-son-message-de-detresse-pour-denise\" target=\"_blank\" rel=\"noopener\">n\u2019a pas cach\u00e9 son chagrin<\/a>, soulignant <strong>l&rsquo;immense vide<\/strong> qu&rsquo;il ressent d\u00e9sormais autour de lui. \u00ab\u00a0Autour de moi, un vide inacceptable\u00a0\u00bb, confie-t-il, \u00e9voquant une douleur qui d\u00e9passe les simples mots. Denise, sa chienne, \u00e9tait bien plus qu&rsquo;un animal de compagnie, elle \u00e9tait <strong>une pr\u00e9sence constante dans sa vie<\/strong>, un v\u00e9ritable membre de la famille.<\/p>\n<p>Ensemble, ils ont partag\u00e9 des moments simples, mais remplis d\u2019amour et de complicit\u00e9. Les internautes ont \u00e9t\u00e9 nombreux \u00e0 lui adresser <strong>des messages de soutien<\/strong> apr\u00e8s l\u2019annonce de cette perte. Dans son post, l&rsquo;acteur poursuit en exprimant <strong>son sentiment de solitude<\/strong>, accompagn\u00e9 de son autre chien, Lucky.<\/p>\n<p>\u00ab\u00a0Je serai d\u00e9sormais orphelin d\u2019une merveilleuse patronne\u00a0\u00bb, \u00e9crit-il, \u00e9voquant Denise comme la \u00ab\u00a0patronne\u00a0\u00bb de son petit monde. Un hommage rempli de tendresse et de gratitude envers <strong>un \u00eatre qui a marqu\u00e9 sa vie<\/strong> de mani\u00e8re ind\u00e9l\u00e9bile.<\/p>\n<p>La sant\u00e9 de Denise se d\u00e9gradait<\/p>\n<p>Quelques semaines avant cette annonce d\u00e9vastatrice, Laurent K\u00e9rusor\u00e9 avait <strong>d\u00e9j\u00e0 inform\u00e9 ses fans des difficult\u00e9s de sant\u00e9<\/strong> de Denise. Sur Instagram, il avait partag\u00e9 des nouvelles inqui\u00e9tantes : \u00ab\u00a0Les nouvelles de Denise ne sont pas bonnes\u00a0\u00bb, confiait-il alors.<\/p>\n<p>Hospitalis\u00e9e en urgence \u00e0 Toulon, la chienne se battait contre <strong>une maladie<\/strong> <strong>grave<\/strong>, avec <strong>peu d&rsquo;espoir de survie.<\/strong> L&rsquo;acteur, tr\u00e8s attach\u00e9 \u00e0 elle, vivait alors des moments de grande inqui\u00e9tude, tout en gardant l\u2019espoir que la situation s&rsquo;am\u00e9liore. Malheureusement, le sort en a d\u00e9cid\u00e9 autrement.<\/p>\n<p>Les v\u00e9t\u00e9rinaires avaient tent\u00e9 <strong>un dernier traitement<\/strong> pour sauver Denise, mais, selon Laurent, \u00ab\u00a0il restait un tout petit pourcentage de chance de survie\u00a0\u00bb. Malgr\u00e9 tout, il est rest\u00e9 proche d\u2019elle <strong>jusqu\u2019au dernier souffle<\/strong>, lui offrant une fin paisible et remplie d\u2019amour, entour\u00e9e de ceux qu\u2019elle ch\u00e9rissait.<\/p>\n<p>Laurent K\u00e9rusor\u00e9, un hommage \u00e9mouvant \u00e0 une amie fid\u00e8le<\/p>\n<p>Dans son message final, Laurent K\u00e9rusor\u00e9 remercie chaleureusement Denise pour <strong>tous les moments qu\u2019ils ont partag\u00e9s<\/strong>. \u00ab\u00a0Merci tite Denise d\u2019avoir crois\u00e9 ma route et de m\u2019avoir rendu la vie toujours plus belle\u00a0\u00bb, \u00e9crit-il.<\/p>\n<p><a href=\"https:\/\/www.public.fr\/mort-michel-cordes-laurent-kerusore-rend-vibrant-hommage\" target=\"_blank\" rel=\"noopener\">Ce dernier hommage<\/a> illustre la place unique que Denise occupait dans son c\u0153ur. Malgr\u00e9 la douleur, l\u2019acteur semble <strong>trouver une forme de r\u00e9confort<\/strong> en se souvenant des instants pr\u00e9cieux pass\u00e9s ensemble.<\/p>\n<p>Son message se termine sur une promesse : \u00ab\u00a0Tu es ancr\u00e9e dans mon c\u0153ur \u00e0 jamais\u00a0\u00bb. Un adieu poignant, mais aussi <strong>un t\u00e9moignage de l\u2019amour inconditionnel <\/strong>qu\u2019un homme peut \u00e9prouver pour son compagnon \u00e0 quatre pattes.<\/p>\n<p>      Mentionn\u00e9s dans cet article<\/p>\n<p>\u00c0 lire aussi<\/p>\n","protected":false},"excerpt":{"rendered":"Ce matin, le c\u0153ur de Laurent K\u00e9rusor\u00e9, acteur embl\u00e9matique de Plus belle la vie, s\u2019est bris\u00e9. Dans un&hellip;\n","protected":false},"author":2,"featured_media":20348,"comment_status":"","ping_status":"","sticky":false,"template":"","format":"standard","meta":{"footnotes":""},"categories":[1359],"tags":[4850,1362,58,59,1011,27,7761,973,1368],"class_list":{"0":"post-20347","1":"post","2":"type-post","3":"status-publish","4":"format-standard","5":"has-post-thumbnail","7":"category-people","8":"tag-chien","9":"tag-deuil","10":"tag-divertissement","11":"tag-entertainment","12":"tag-fr","13":"tag-france","14":"tag-laurent-kerusore","15":"tag-people","16":"tag-plus-belle-la-vie"},"share_on_mastodon":{"url":"https:\/\/pubeurope.com\/@fr\/114326518055728000","error":""},"_links":{"self":[{"href":"https:\/\/www.europesays.com\/fr\/wp-json\/wp\/v2\/posts\/20347","targetHints":{"allow":["GET"]}}],"collection":[{"href":"https:\/\/www.europesays.com\/fr\/wp-json\/wp\/v2\/posts"}],"about":[{"href":"https:\/\/www.europesays.com\/fr\/wp-json\/wp\/v2\/types\/post"}],"author":[{"embeddable":true,"href":"https:\/\/www.europesays.com\/fr\/wp-json\/wp\/v2\/users\/2"}],"replies":[{"embeddable":true,"href":"https:\/\/www.europesays.com\/fr\/wp-json\/wp\/v2\/comments?post=20347"}],"version-history":[{"count":0,"href":"https:\/\/www.europesays.com\/fr\/wp-json\/wp\/v2\/posts\/20347\/revisions"}],"wp:featuredmedia":[{"embeddable":true,"href":"https:\/\/www.europesays.com\/fr\/wp-json\/wp\/v2\/media\/20348"}],"wp:attachment":[{"href":"https:\/\/www.europesays.com\/fr\/wp-json\/wp\/v2\/media?parent=20347"}],"wp:term":[{"taxonomy":"category","embeddable":true,"href":"https:\/\/www.europesays.com\/fr\/wp-json\/wp\/v2\/categories?post=20347"},{"taxonomy":"post_tag","embeddable":true,"href":"https:\/\/www.europesays.com\/fr\/wp-json\/wp\/v2\/tags?post=20347"}],"curies":[{"name":"wp","href":"https:\/\/api.w.org\/{rel}","templated":true}]}}