{"id":203476,"date":"2025-06-25T15:01:10","date_gmt":"2025-06-25T15:01:10","guid":{"rendered":"https:\/\/www.europesays.com\/fr\/203476\/"},"modified":"2025-06-25T15:01:10","modified_gmt":"2025-06-25T15:01:10","slug":"paris-et-lile-de-france-dans-le-top-3-des-regions-ou-les-automobilistes-conduisent-le-moins-bien","status":"publish","type":"post","link":"https:\/\/www.europesays.com\/fr\/203476\/","title":{"rendered":"Paris et l&rsquo;\u00cele-de-France dans le top 3 des r\u00e9gions o\u00f9 les automobilistes conduisent le moins bien"},"content":{"rendered":"<p>            Par<br \/>\n        <strong><br \/>\n            <a href=\"https:\/\/actu.fr\/auteur\/redaction-paris\" title=\"Consulter tous les articles de R\u00e9daction Paris\" rel=\"nofollow noopener\" target=\"_blank\">R\u00e9daction Paris<\/a><br \/>\n        <\/strong><\/p>\n<p>        Publi\u00e9 le<\/p>\n<p>            25 juin 2025 \u00e0 16h16        <\/p>\n<p>Cultivant leurs diff\u00e9rences dans bien des domaines, Parisiens et Marseillais semblent pourtant avoir la m\u00eame (mauvaise) r\u00e9putation quant \u00e0 leur mani\u00e8re de <strong>conduire<\/strong>.\u00a0\u00c0 en juger par le classement de L\u2019olivier assurance, le st\u00e9r\u00e9otype pourrait bien \u00eatre une r\u00e9alit\u00e9 pour les Parisiens et plus globalement les conducteurs d\u2019\u00cele-de-France.<\/p>\n<p>\u00ab\u2009Une fr\u00e9quence d\u2019accidents sup\u00e9rieure \u00e0 la moyenne nationale\u2009\u00bb<\/p>\n<p class=\" wall-content\">L\u2019entreprise a class\u00e9 les r\u00e9gions de France en fonction du comportement des automobilistes, des <strong>plus au moins prudents<\/strong>. Tout en haut du palmar\u00e8s\u2009: la Bretagne, le Limousin et la Bourgogne. \u00c0 l\u2019oppos\u00e9\u2009: le Nord-Pas-de-Calais, Provence-Alpes-C\u00f4te d\u2019Azur et l\u2019\u00cele-de-France, qui est donc la r\u00e9gion o\u00f9 les habitants conduisent le moins bien.<\/p>\n<p>    <img   decoding=\"async\" loading=\"lazy\" src=\"https:\/\/www.europesays.com\/fr\/wp-content\/uploads\/2025\/06\/sans-titre-3-960x640.png\" alt=\"Le classement de L'olivier assurance. \" width=\"960\" height=\"640\"\/><br \/>\n    Le classement de L\u2019olivier assurance. (\u00a9L\u2019olivier assurance)<\/p>\n<p class=\" wall-content\">\u00ab\u2009Entre\u00a02022 et\u00a02024, c\u2019est en Bretagne, dans le Limousin et en Bourgogne que les automobilistes ont enregistr\u00e9 le moins de sinistres, toutes responsabilit\u00e9s confondues. \u00c0 l\u2019inverse, <strong>l\u2019\u00cele-de-France<\/strong>, la r\u00e9gion PACA et le Nord-Pas-de-Calais ferment la marche, avec une fr\u00e9quence d\u2019accidents sup\u00e9rieure \u00e0 la moyenne nationale\u2009\u00bb, explique L\u2019olivier assurance.<\/p>\n<p class=\" wall-content\">Un classement bas\u00e9 sur des donn\u00e9es r\u00e9colt\u00e9es sur trois ans et qui tiennent compte \u00ab\u2009de l\u2019ensemble des sinistres d\u00e9clar\u00e9s, responsables ou non, hors bris de glace, incendie et vol.\u2009\u00bb Au total,<strong> 1,2\u00a0million de contrats<\/strong> ont \u00e9t\u00e9 analys\u00e9s.<\/p>\n<p>Vid\u00e9os : en ce moment sur Actu<\/p>\n<p class=\" wall-content\">Suivez toute l\u2019actualit\u00e9 de vos villes et m\u00e9dias favoris en vous inscrivant \u00e0 <a href=\"https:\/\/moncompte.actu.fr\" title=\"D\u00e9couvez Mon Actu\" rel=\"nofollow noopener\" data-trk=\"{&quot;cta&quot;:{&quot;action&quot;:&quot;https:\\\/\\\/moncompte.actu.fr&quot;,&quot;category&quot;:&quot;mon compte&quot;,&quot;from&quot;:&quot;article footer&quot;,&quot;name&quot;:&quot;Mon actu&quot;,&quot;type&quot;:&quot;cta&quot;}}\" target=\"_blank\">Mon Actu<\/a>.<\/p>\n","protected":false},"excerpt":{"rendered":"Par R\u00e9daction Paris Publi\u00e9 le 25 juin 2025 \u00e0 16h16 Cultivant leurs diff\u00e9rences dans bien des domaines, Parisiens&hellip;\n","protected":false},"author":2,"featured_media":203477,"comment_status":"","ping_status":"","sticky":false,"template":"","format":"standard","meta":{"footnotes":""},"categories":[1592],"tags":[119,1111,11,1117,1777,674,1011,27,662,12,626,25,104],"class_list":{"0":"post-203476","1":"post","2":"type-post","3":"status-publish","4":"format-standard","5":"has-post-thumbnail","7":"category-ile-de-france","8":"tag-accident","9":"tag-actu","10":"tag-actualites","11":"tag-assurance","12":"tag-eu","13":"tag-europe","14":"tag-fr","15":"tag-france","16":"tag-ile-de-france","17":"tag-news","18":"tag-paris","19":"tag-republique-francaise","20":"tag-societe"},"share_on_mastodon":{"url":"https:\/\/pubeurope.com\/@fr\/114744609032118778","error":""},"_links":{"self":[{"href":"https:\/\/www.europesays.com\/fr\/wp-json\/wp\/v2\/posts\/203476","targetHints":{"allow":["GET"]}}],"collection":[{"href":"https:\/\/www.europesays.com\/fr\/wp-json\/wp\/v2\/posts"}],"about":[{"href":"https:\/\/www.europesays.com\/fr\/wp-json\/wp\/v2\/types\/post"}],"author":[{"embeddable":true,"href":"https:\/\/www.europesays.com\/fr\/wp-json\/wp\/v2\/users\/2"}],"replies":[{"embeddable":true,"href":"https:\/\/www.europesays.com\/fr\/wp-json\/wp\/v2\/comments?post=203476"}],"version-history":[{"count":0,"href":"https:\/\/www.europesays.com\/fr\/wp-json\/wp\/v2\/posts\/203476\/revisions"}],"wp:featuredmedia":[{"embeddable":true,"href":"https:\/\/www.europesays.com\/fr\/wp-json\/wp\/v2\/media\/203477"}],"wp:attachment":[{"href":"https:\/\/www.europesays.com\/fr\/wp-json\/wp\/v2\/media?parent=203476"}],"wp:term":[{"taxonomy":"category","embeddable":true,"href":"https:\/\/www.europesays.com\/fr\/wp-json\/wp\/v2\/categories?post=203476"},{"taxonomy":"post_tag","embeddable":true,"href":"https:\/\/www.europesays.com\/fr\/wp-json\/wp\/v2\/tags?post=203476"}],"curies":[{"name":"wp","href":"https:\/\/api.w.org\/{rel}","templated":true}]}}