{"id":20349,"date":"2025-04-12T18:56:12","date_gmt":"2025-04-12T18:56:12","guid":{"rendered":"https:\/\/www.europesays.com\/fr\/20349\/"},"modified":"2025-04-12T18:56:12","modified_gmt":"2025-04-12T18:56:12","slug":"nancy-le-photographe-nanceien-johann-thomas-decroche-le-titre-de-portraitiste-de-france","status":"publish","type":"post","link":"https:\/\/www.europesays.com\/fr\/20349\/","title":{"rendered":"Nancy. Le photographe nanc\u00e9ien Johann Thomas d\u00e9croche le titre de Portraitiste de France"},"content":{"rendered":"<p>\u00ab\u00a0Depuis que je me suis install\u00e9 en tant que photographe professionnel, en 2011, j\u2019ai r\u00e9ussi \u00e0 gagner la confiance de mes clients mais il me manquait la reconnaissance de mes pairs\u2026\u00a0\u00bb<\/p>\n<p>Johann Thomas, \u00e0 la t\u00eate du studio de photographie Stan\u2019Photo, install\u00e9 1 bis rue du Four, est d\u00e9sormais un homme combl\u00e9. Le 23\u00a0mars dernier, au Congr\u00e8s des m\u00e9tiers de l\u2019image, \u00e0 Toulon, un jury compos\u00e9 de 17 personnes du monde de la photographie dont 6 UMOF (Un des meilleurs ouvriers de France) et 5 MQEP (Master qualified european photographer) lui a d\u00e9cern\u00e9 le titre de&#8230;<\/p>\n","protected":false},"excerpt":{"rendered":"\u00ab\u00a0Depuis que je me suis install\u00e9 en tant que photographe professionnel, en 2011, j\u2019ai r\u00e9ussi \u00e0 gagner la&hellip;\n","protected":false},"author":2,"featured_media":20350,"comment_status":"","ping_status":"","sticky":false,"template":"","format":"standard","meta":{"footnotes":""},"categories":[1358],"tags":[1348,1384,1385,4406,1386,58,33,1704,59,1011,27,1702,1703,3456],"class_list":{"0":"post-20349","1":"post","2":"type-post","3":"status-publish","4":"format-standard","5":"has-post-thumbnail","7":"category-arts-et-design","8":"tag-arts","9":"tag-arts-and-design","10":"tag-arts-et-design","11":"tag-commerce-et-services","12":"tag-design","13":"tag-divertissement","14":"tag-economie","15":"tag-edition-nancy-et-agglomeration","16":"tag-entertainment","17":"tag-fr","18":"tag-france","19":"tag-nancy","20":"tag-nancy-ville-54b","21":"tag-region-lorraine"},"share_on_mastodon":{"url":"https:\/\/pubeurope.com\/@fr\/114326522031474038","error":""},"_links":{"self":[{"href":"https:\/\/www.europesays.com\/fr\/wp-json\/wp\/v2\/posts\/20349","targetHints":{"allow":["GET"]}}],"collection":[{"href":"https:\/\/www.europesays.com\/fr\/wp-json\/wp\/v2\/posts"}],"about":[{"href":"https:\/\/www.europesays.com\/fr\/wp-json\/wp\/v2\/types\/post"}],"author":[{"embeddable":true,"href":"https:\/\/www.europesays.com\/fr\/wp-json\/wp\/v2\/users\/2"}],"replies":[{"embeddable":true,"href":"https:\/\/www.europesays.com\/fr\/wp-json\/wp\/v2\/comments?post=20349"}],"version-history":[{"count":0,"href":"https:\/\/www.europesays.com\/fr\/wp-json\/wp\/v2\/posts\/20349\/revisions"}],"wp:featuredmedia":[{"embeddable":true,"href":"https:\/\/www.europesays.com\/fr\/wp-json\/wp\/v2\/media\/20350"}],"wp:attachment":[{"href":"https:\/\/www.europesays.com\/fr\/wp-json\/wp\/v2\/media?parent=20349"}],"wp:term":[{"taxonomy":"category","embeddable":true,"href":"https:\/\/www.europesays.com\/fr\/wp-json\/wp\/v2\/categories?post=20349"},{"taxonomy":"post_tag","embeddable":true,"href":"https:\/\/www.europesays.com\/fr\/wp-json\/wp\/v2\/tags?post=20349"}],"curies":[{"name":"wp","href":"https:\/\/api.w.org\/{rel}","templated":true}]}}