{"id":203495,"date":"2025-06-25T15:12:10","date_gmt":"2025-06-25T15:12:10","guid":{"rendered":"https:\/\/www.europesays.com\/fr\/203495\/"},"modified":"2025-06-25T15:12:10","modified_gmt":"2025-06-25T15:12:10","slug":"ibrahimovic-retrouve-un-club-en-allemagne-allemagne-heidenheim","status":"publish","type":"post","link":"https:\/\/www.europesays.com\/fr\/203495\/","title":{"rendered":"Ibrahimovi\u0107 retrouve un club en Allemagne ! &#8211; Allemagne &#8211; Heidenheim"},"content":{"rendered":"<p>L\u2019autre Ibra.<\/p>\n<p>Espoir du Bayern Munich, <strong>Arijon Ibrahimovi\u0107 a \u00e9t\u00e9 pr\u00eat\u00e9 \u00e0 Heidenheim<\/strong>, maintenu en Bundesliga apr\u00e8s son succ\u00e8s contre Elversberg (2-2, 1-2), lors des barrages de promotion.<\/p>\n<p>Une collab\u2019 en vue entre les deux clubs<\/p>\n<p>Le jeune Allemand de 19 ans sort d\u2019un pr\u00eat compliqu\u00e9 \u00e0 la Lazio, o\u00f9 il n\u2019a jou\u00e9 que sept petites minutes en championnat, sans rien pouvoir faire de sp\u00e9cial. Plus int\u00e9ressant du c\u00f4t\u00e9 de Frosinone lors de l\u2019exercice 2023-2024, jouant sa quinzaine de matchs, l\u2019offensif du Bayern Munich doit encore acqu\u00e9rir de l\u2019exp\u00e9rience pour remplacer Leroy San\u00e9 dans le fond de l\u2019attaque.<\/p>\n<p>\u00ab\u202fAri\u2019 est un joueur offensif polyvalent qui, nous en sommes convaincus, franchira la prochaine \u00e9tape de sa carri\u00e8re la saison prochaine chez nous en Bundesliga\u202f, se satisfait Holger Sanwald, directeur g\u00e9n\u00e9ral d\u2019Heidenheim dans un communiqu\u00e9. Avec Niklas Dorsch et, plus r\u00e9cemment, Paul Wanner et Frans Kr\u00e4tzig, nous avons d\u00e9j\u00e0 fait de tr\u00e8s bonnes exp\u00e9riences avec de jeunes joueurs du FC Bayern chez nous par le pass\u00e9.\u202f\u00bb<strong> Ibrahimovi\u0107 <\/strong><strong>viendra remplacer num\u00e9riquement Paul Wanner,<\/strong> qui devrait retourner sous les ordres de Vincent Kompany \u00e0 la fin de son pr\u00eat.<\/p>\n<p>On attend son prochain pr\u00eat \u00e0 Gijon ?<\/p>\n<p>\t\t\t\t\t\t\t\t\t\t<a class=\"lien-connexe\" href=\"https:\/\/www.sofoot.com\/breves\/heidenheim-arrache-son-maintien-en-bundesliga-a-la-derniere-minute-contre-elversberg\" rel=\"nofollow noopener\" target=\"_blank\">Heidenheim arrache son maintien en Bundesliga \u00e0 la derni\u00e8re minute contre Elversberg<\/a>\t\t\t\t\t<\/p>\n","protected":false},"excerpt":{"rendered":"L\u2019autre Ibra. Espoir du Bayern Munich, Arijon Ibrahimovi\u0107 a \u00e9t\u00e9 pr\u00eat\u00e9 \u00e0 Heidenheim, maintenu en Bundesliga apr\u00e8s son&hellip;\n","protected":false},"author":2,"featured_media":203496,"comment_status":"","ping_status":"","sticky":false,"template":"","format":"standard","meta":{"footnotes":""},"categories":[1587],"tags":[47,11,61,672,69,1804,65,1805,1803,64,1777,674,63,1801,68,66,12,62,70,1802,67],"class_list":{"0":"post-203495","1":"post","2":"type-post","3":"status-publish","4":"format-standard","5":"has-post-thumbnail","7":"category-allemagne","8":"tag-actualite","9":"tag-actualites","10":"tag-actus-football","11":"tag-allemagne","12":"tag-bundesliga","13":"tag-bundesrepublik-deutschland","14":"tag-championnats-europeens","15":"tag-de","16":"tag-deutschland","17":"tag-equipe-de-france","18":"tag-eu","19":"tag-europe","20":"tag-football","21":"tag-germany","22":"tag-ligua","23":"tag-ligue-1","24":"tag-news","25":"tag-news-foot","26":"tag-premier-league","27":"tag-republique-federale-dallemagne","28":"tag-serie-a"},"share_on_mastodon":{"url":"https:\/\/pubeurope.com\/@fr\/114744652196938751","error":""},"_links":{"self":[{"href":"https:\/\/www.europesays.com\/fr\/wp-json\/wp\/v2\/posts\/203495","targetHints":{"allow":["GET"]}}],"collection":[{"href":"https:\/\/www.europesays.com\/fr\/wp-json\/wp\/v2\/posts"}],"about":[{"href":"https:\/\/www.europesays.com\/fr\/wp-json\/wp\/v2\/types\/post"}],"author":[{"embeddable":true,"href":"https:\/\/www.europesays.com\/fr\/wp-json\/wp\/v2\/users\/2"}],"replies":[{"embeddable":true,"href":"https:\/\/www.europesays.com\/fr\/wp-json\/wp\/v2\/comments?post=203495"}],"version-history":[{"count":0,"href":"https:\/\/www.europesays.com\/fr\/wp-json\/wp\/v2\/posts\/203495\/revisions"}],"wp:featuredmedia":[{"embeddable":true,"href":"https:\/\/www.europesays.com\/fr\/wp-json\/wp\/v2\/media\/203496"}],"wp:attachment":[{"href":"https:\/\/www.europesays.com\/fr\/wp-json\/wp\/v2\/media?parent=203495"}],"wp:term":[{"taxonomy":"category","embeddable":true,"href":"https:\/\/www.europesays.com\/fr\/wp-json\/wp\/v2\/categories?post=203495"},{"taxonomy":"post_tag","embeddable":true,"href":"https:\/\/www.europesays.com\/fr\/wp-json\/wp\/v2\/tags?post=203495"}],"curies":[{"name":"wp","href":"https:\/\/api.w.org\/{rel}","templated":true}]}}