{"id":203497,"date":"2025-06-25T15:13:11","date_gmt":"2025-06-25T15:13:11","guid":{"rendered":"https:\/\/www.europesays.com\/fr\/203497\/"},"modified":"2025-06-25T15:13:11","modified_gmt":"2025-06-25T15:13:11","slug":"tesla-nouvelle-chute-des-immatriculations-en-europe-en-mai-25-06-2025-a-1640","status":"publish","type":"post","link":"https:\/\/www.europesays.com\/fr\/203497\/","title":{"rendered":"Tesla: nouvelle chute des immatriculations en Europe en mai &#8211; 25\/06\/2025 \u00e0 16:40"},"content":{"rendered":"<p>                                                                (CercleFinance.com) &#8211;<br \/>\n<a href=\"https:\/\/www.boursorama.com\/cours\/TSLA\/\" rel=\"nofollow noopener\" target=\"_blank\"><br \/>\n Tesla<br \/>\n<\/a><br \/>\nl\u00e2che plus de 5% mercredi matin \u00e0 la Bourse de New York alors que ses immatriculations de voitures neuves ont chut\u00e9 d&rsquo;encore 28% en mai en Europe occidentale.<\/p>\n<p>Selon les chiffres de l&rsquo;Association des constructeurs europ\u00e9ens d&rsquo;automobiles (ACEA), seules 13.863 v\u00e9hicules neufs ont \u00e9t\u00e9 enregistr\u00e9s sur le Vieux Continent (Union europ\u00e9enne plus Suisse, Islande et Norv\u00e8ge) le mois pass\u00e9, contre 19.108 il y a un an.\n<\/p>\n<p>Alors que les v\u00e9hicules \u00e9lectriques repr\u00e9sentent d\u00e9sormais 17% du march\u00e9 europ\u00e9en, \u00e0 comparer \u00e0 14% en mai 2024, la part de march\u00e9 de Tesla a, elle, fondu de 1,8% \u00e0 1,2% d&rsquo;une ann\u00e9e sur l&rsquo;autre, d&rsquo;apr\u00e8s l&rsquo;ACEA.\n<\/p>\n<p>&lsquo;Il est possible que la perspective du lancement prochain de mod\u00e8les plus abordables ait jou\u00e9 sur la demande et p\u00e9nalis\u00e9 les chiffres de ventes&rsquo;, commentent les analystes de RBC.\n<\/p>\n<p>&lsquo;Comme Tesla l&rsquo;avait expliqu\u00e9 lors de la publication de ses r\u00e9sultats de premier trimestre, ces nouveaux v\u00e9hicules qui arriveront dans le courant du troisi\u00e8me trimestre pourraient permettre d&rsquo;inverser la tendance&rsquo;, rappelle le broker canadien.\n<\/p>\n<p>Tesla devrait publier ses chiffres de livraisons mondiaux pour le deuxi\u00e8me trimestre la semaine prochaine.<\/p>\n","protected":false},"excerpt":{"rendered":"(CercleFinance.com) &#8211; Tesla l\u00e2che plus de 5% mercredi matin \u00e0 la Bourse de New York alors que ses&hellip;\n","protected":false},"author":2,"featured_media":203498,"comment_status":"","ping_status":"","sticky":false,"template":"","format":"standard","meta":{"footnotes":""},"categories":[1586],"tags":[400,11,398,408,405,1777,674,1011,27,403,402,399,404,12,25,401,406,407],"class_list":{"0":"post-203497","1":"post","2":"type-post","3":"status-publish","4":"format-standard","5":"has-post-thumbnail","7":"category-europe","8":"tag-action-cac-40","9":"tag-actualites","10":"tag-bourse-de-paris","11":"tag-boursorama","12":"tag-cotations","13":"tag-eu","14":"tag-europe","15":"tag-fr","16":"tag-france","17":"tag-indices-devises","18":"tag-investir","19":"tag-investissement","20":"tag-marche-boursier","21":"tag-news","22":"tag-republique-francaise","23":"tag-sicav","24":"tag-trackers","25":"tag-warrants"},"share_on_mastodon":{"url":"https:\/\/pubeurope.com\/@fr\/114744656481754946","error":""},"_links":{"self":[{"href":"https:\/\/www.europesays.com\/fr\/wp-json\/wp\/v2\/posts\/203497","targetHints":{"allow":["GET"]}}],"collection":[{"href":"https:\/\/www.europesays.com\/fr\/wp-json\/wp\/v2\/posts"}],"about":[{"href":"https:\/\/www.europesays.com\/fr\/wp-json\/wp\/v2\/types\/post"}],"author":[{"embeddable":true,"href":"https:\/\/www.europesays.com\/fr\/wp-json\/wp\/v2\/users\/2"}],"replies":[{"embeddable":true,"href":"https:\/\/www.europesays.com\/fr\/wp-json\/wp\/v2\/comments?post=203497"}],"version-history":[{"count":0,"href":"https:\/\/www.europesays.com\/fr\/wp-json\/wp\/v2\/posts\/203497\/revisions"}],"wp:featuredmedia":[{"embeddable":true,"href":"https:\/\/www.europesays.com\/fr\/wp-json\/wp\/v2\/media\/203498"}],"wp:attachment":[{"href":"https:\/\/www.europesays.com\/fr\/wp-json\/wp\/v2\/media?parent=203497"}],"wp:term":[{"taxonomy":"category","embeddable":true,"href":"https:\/\/www.europesays.com\/fr\/wp-json\/wp\/v2\/categories?post=203497"},{"taxonomy":"post_tag","embeddable":true,"href":"https:\/\/www.europesays.com\/fr\/wp-json\/wp\/v2\/tags?post=203497"}],"curies":[{"name":"wp","href":"https:\/\/api.w.org\/{rel}","templated":true}]}}