{"id":20351,"date":"2025-04-12T18:57:21","date_gmt":"2025-04-12T18:57:21","guid":{"rendered":"https:\/\/www.europesays.com\/fr\/20351\/"},"modified":"2025-04-12T18:57:21","modified_gmt":"2025-04-12T18:57:21","slug":"bourse-aux-livres-ils-se-passionnent-pour-lhistoire-du-pays-de-paimpol","status":"publish","type":"post","link":"https:\/\/www.europesays.com\/fr\/20351\/","title":{"rendered":"Bourse aux livres\u00a0: ils se passionnent pour l\u2019histoire du pays de Paimpol"},"content":{"rendered":"<p>Les passionn\u00e9s d\u2019histoire et en particulier de celle du pays de Paimpol pouvaient trouver leur bonheur litt\u00e9raire \u00e0 petit prix lors de la Bourse aux livres du samedi 12 avril.<\/p>\n<p><img decoding=\"async\" src=\"https:\/\/www.europesays.com\/fr\/wp-content\/uploads\/2025\/04\/67fa7d325632eea32c0fb257.1.jpeg\" width=\"480\" height=\"300\" class=\"web_golden_m\" loading=\"lazy\" alt=\"\u00ab\u00a0Nous avons quelques livres rares comme celui du Chevalier de Fr\u00e9minville, \u00e9dit\u00e9 en 1837\u00a0\u00bb, souligne Annie-Claude Ballini, pr\u00e9sidente de l\u2019Association des amis de Beauport.\"\/>\u00ab\u00a0Nous avons quelques livres rares comme celui du Chevalier de Fr\u00e9minville, \u00e9dit\u00e9 en 1837\u00a0\u00bb, souligne Annie-Claude Ballini, pr\u00e9sidente de l\u2019Association des amis de Beauport. (Le T\u00e9l\u00e9gramme\/Claire Charpy)<\/p>\n<p>\u00ab\u00a0C\u2019est une premi\u00e8re dont l\u2019objectif principal est de d\u00e9stocker, explique <a href=\"https:\/\/www.letelegramme.fr\/cotes-d-armor\/paimpol-22500\/a-paimpol-les-nouveaux-cahiers-de-beauport-sont-disponibles-3922978.php\" target=\"_blank\" rel=\"nofollow noopener\">Annie-Claude Ballini, pr\u00e9sidente des Amis de Beauport<\/a>. Ce d\u00e9stockage devient indispensable car nos locaux situ\u00e9s dans les anciennes chambres de bonne de la <a href=\"https:\/\/www.letelegramme.fr\/cotes-d-armor\/paimpol-22500\/spanvilla-labennespan-une-maison-associative-et-une-nouvelle-vie-1762108.php\" target=\"_blank\" rel=\"nofollow noopener\">villa Labenne<\/a>, deviennent surcharg\u00e9s.\u00a0\u00bb L\u2019occasion d\u2019une digression historique pour la pr\u00e9sidente au sujet de cette villa datant du milieu du XIXe si\u00e8cle\u00a0: \u00ab\u00a0Labenne, qui \u00e9tait un fils naturel de Napol\u00e9on III, n\u2019a jamais habit\u00e9 ici mais il avait mont\u00e9 un projet de s\u00e9cherie \u00e0 morues, \u00e0 Paimpol. Il est mort jeune et sa veuve qui s\u2019\u00e9tait remari\u00e9e aussit\u00f4t avec un banquier parisien a achet\u00e9 cette maison qui a aussi abrit\u00e9 la gendarmerie.\u00a0\u00bb<\/p>\n<p><img decoding=\"async\" src=\"https:\/\/www.europesays.com\/fr\/wp-content\/uploads\/2025\/04\/67fa7d325632eea32c0fb256.1.jpeg\" width=\"480\" height=\"300\" class=\"web_golden_m\" loading=\"lazy\" alt=\"La bourse aux livres se tenait dans l\u2019une des salles d\u2019un b\u00e2timent charg\u00e9e d\u2019histoire \u00e0 Paimpol, la Villa Labenne qui abrite plusieurs associations dont celles des Amis de Beauport et la Sehag.\"\/>La bourse aux livres se tenait dans l\u2019une des salles d\u2019un b\u00e2timent charg\u00e9e d\u2019histoire \u00e0 Paimpol, la Villa Labenne qui abrite plusieurs associations dont celles des Amis de Beauport et la Sehag. (Le T\u00e9l\u00e9gramme\/Claire Charpy)Des passions aux racines familiales<\/p>\n<p>Cet int\u00e9r\u00eat pour l\u2019histoire, Rozen Le Co\u00ebnt, membre de la Sehag, et par ailleurs pr\u00e9sidente de l\u2019UTL Paimpol, le partage pleinement, gr\u00e2ce \u00e0 sa grand-m\u00e8re qui l\u2019a \u00e9lev\u00e9e. \u00ab\u00a0Elle m\u2019a racont\u00e9 la guerre, l\u2019exode et depuis l\u2019enfance, l\u2019histoire m\u2019a passionn\u00e9\u00a0\u00bb, livre-t-elle tout en op\u00e9rant sa s\u00e9lection de livres.<\/p>\n<p>\u00c0 l\u2019autre bout de la salle, le Ploubazlanecain Jean-Yves Caous, membre actif de <a href=\"https:\/\/www.letelegramme.fr\/cotes-d-armor\/ploubazlanec-22620\/ploubazlanec-apres-son-divorce-avec-milmarin-plaeraneg-gwechall-investit-la-mairie-pour-sa-nouvelle-expo-loti-6397466.php\" target=\"_blank\" rel=\"nofollow noopener\">Plaenareg Gwechall<\/a>, op\u00e8re une fouille minutieuse parmi les ouvrages. \u00ab\u00a0Je m\u2019int\u00e9resse \u00e0 tout ce qui concerne les p\u00eacheurs d\u2019Islande\u00a0\u00bb, explique celui qui n\u2019a de cesse de collecter des documents en m\u00e9moire des disparus de la grande p\u00eache. Cette bourse aux livres lui donnait ainsi l\u2019occasion de d\u00e9nicher des bouquins anciens.<\/p>\n","protected":false},"excerpt":{"rendered":"Les passionn\u00e9s d\u2019histoire et en particulier de celle du pays de Paimpol pouvaient trouver leur bonheur litt\u00e9raire \u00e0&hellip;\n","protected":false},"author":2,"featured_media":20352,"comment_status":"","ping_status":"","sticky":false,"template":"","format":"standard","meta":{"footnotes":""},"categories":[1357],"tags":[1379,58,59,1011,27,1380,7762],"class_list":{"0":"post-20351","1":"post","2":"type-post","3":"status-publish","4":"format-standard","5":"has-post-thumbnail","7":"category-livres","8":"tag-books","9":"tag-divertissement","10":"tag-entertainment","11":"tag-fr","12":"tag-france","13":"tag-livres","14":"tag-paimpol"},"share_on_mastodon":{"url":"https:\/\/pubeurope.com\/@fr\/114326525961201718","error":""},"_links":{"self":[{"href":"https:\/\/www.europesays.com\/fr\/wp-json\/wp\/v2\/posts\/20351","targetHints":{"allow":["GET"]}}],"collection":[{"href":"https:\/\/www.europesays.com\/fr\/wp-json\/wp\/v2\/posts"}],"about":[{"href":"https:\/\/www.europesays.com\/fr\/wp-json\/wp\/v2\/types\/post"}],"author":[{"embeddable":true,"href":"https:\/\/www.europesays.com\/fr\/wp-json\/wp\/v2\/users\/2"}],"replies":[{"embeddable":true,"href":"https:\/\/www.europesays.com\/fr\/wp-json\/wp\/v2\/comments?post=20351"}],"version-history":[{"count":0,"href":"https:\/\/www.europesays.com\/fr\/wp-json\/wp\/v2\/posts\/20351\/revisions"}],"wp:featuredmedia":[{"embeddable":true,"href":"https:\/\/www.europesays.com\/fr\/wp-json\/wp\/v2\/media\/20352"}],"wp:attachment":[{"href":"https:\/\/www.europesays.com\/fr\/wp-json\/wp\/v2\/media?parent=20351"}],"wp:term":[{"taxonomy":"category","embeddable":true,"href":"https:\/\/www.europesays.com\/fr\/wp-json\/wp\/v2\/categories?post=20351"},{"taxonomy":"post_tag","embeddable":true,"href":"https:\/\/www.europesays.com\/fr\/wp-json\/wp\/v2\/tags?post=20351"}],"curies":[{"name":"wp","href":"https:\/\/api.w.org\/{rel}","templated":true}]}}