{"id":203523,"date":"2025-06-25T15:28:10","date_gmt":"2025-06-25T15:28:10","guid":{"rendered":"https:\/\/www.europesays.com\/fr\/203523\/"},"modified":"2025-06-25T15:28:10","modified_gmt":"2025-06-25T15:28:10","slug":"video-il-voulait-prendre-un-selfie-devant-un-tableau-dans-un-musee-un-touriste-trebuche-et-dechire-une-peinture-datant-du-xviiie-siecle","status":"publish","type":"post","link":"https:\/\/www.europesays.com\/fr\/203523\/","title":{"rendered":"VID\u00c9O Il voulait prendre un selfie devant un tableau dans un mus\u00e9e\u00a0: un touriste tr\u00e9buche et d\u00e9chire une peinture datant du XVIIIe\u00a0si\u00e8cle"},"content":{"rendered":"<p>\n                                                                Alors qu\u2019il prenait une photo devant un tableau du XVIIIe\u00a0si\u00e8cle, un touriste a accidentellement d\u00e9chir\u00e9 une toile repr\u00e9sentant Ferdinando dei Medici, d\u2019Anton Domenico Gabbiani, un peintre florentin. Le touriste a \u00e9t\u00e9 interpell\u00e9 et sera poursuivi pour les d\u00e9g\u00e2ts caus\u00e9s.\n                            <\/p>\n<p>Ce samedi 21\u00a0juin, un touriste de la galerie des Offices, situ\u00e9e \u00e0 Florence en Italie, a eu le malheur de s\u2019approcher bien trop pr\u00e8s d\u2019un tableau datant du XVIIIe\u00a0si\u00e8cle. Peinte en 1712 par l\u2019artiste italien Anton Domenico Gabbiani, l\u2019\u0153uvre \u00ab\u00a0Ferdinando dei Medici\u00a0\u00bb a \u00e9t\u00e9 d\u00e9chir\u00e9e, rapporte nos confr\u00e8res italiens du <a href=\"https:\/\/corrierefiorentino.corriere.it\/notizie\/cronaca\/25_giugno_21\/firenze-turista-inciampa-agli-uffizi-e-sfonda-un-dipinto-di-fine-seicento-af49961b-ac43-4619-8644-b5d913653xlk.shtml?refresh_ce\" target=\"_blank\" rel=\"nofollow noopener\">Corriere Della Sera.<\/a><\/p>\n<p>L\u2019\u0153uvre d\u00e9chir\u00e9e devrait pouvoir \u00eatre restaur\u00e9e<\/p>\n<p>Habituellement conserv\u00e9e au mus\u00e9e Palazzo Pitti, l\u2019\u0153uvre repr\u00e9sente un grand prince florentin et\u00a0avait \u00e9t\u00e9 d\u00e9plac\u00e9e dans cette Galerie des Offices pour une exposition sur Florence et l\u2019Europe. Le touriste, en voulant prendre son selfie, s\u2019est approch\u00e9 de la toile et en a d\u00e9chir\u00e9 une partie au niveau du pied droit.<\/p>\n<blockquote data-class=\"twitter-tweet\">\n<p lang=\"fr\" dir=\"ltr\">\\ud83c\\uddee\\ud83c\\uddf9\\ud83e\\udd33\\ud83d\\uddbc\\ufe0f FLASH | En tentant de prendre un selfie, un touriste a endommag\u00e9 une peinture du XVIIIe si\u00e8cle \u00e0 la Galerie des Offices, \u00e0 Florence. Selon les autorit\u00e9s, l&rsquo;homme a \u00e9t\u00e9 identifi\u00e9 et \u00ab\u202fsera poursuivi\u202f\u00bb.<a href=\"https:\/\/t.co\/U5buf7jS5z\" rel=\"nofollow\">pic.twitter.com\/U5buf7jS5z<\/a><\/p>\n<p>\u2014 Cerfia (@CerfiaFR) <a href=\"https:\/\/twitter.com\/CerfiaFR\/status\/1937792193717993812?ref_src=twsrc%5Etfw\" rel=\"nofollow noopener\" target=\"_blank\">June 25, 2025<\/a><\/p><\/blockquote>\n<p>Selon nos confr\u00e8res, l\u2019homme aurait tr\u00e9buch\u00e9 sur une marche que le mus\u00e9e avait install\u00e9e sp\u00e9cialement pour que les visiteurs ne puissent pas s\u2019approcher trop pr\u00e8s du tableau. Il a \u00e9t\u00e9 interpell\u00e9 et sera poursuivi pour avoir ab\u00eem\u00e9 un bien culturel. Selon les premi\u00e8res expertises qui ont \u00e9t\u00e9 r\u00e9alis\u00e9es, les d\u00e9g\u00e2ts pourront \u00eatre r\u00e9par\u00e9s et le tableau restaur\u00e9.<\/p>\n<p>\u00ab\u00a0Nous fixerons des limites tr\u00e8s strictes afin d\u2019emp\u00eacher tout comportement incompatible avec le respect de nos institutions et du patrimoine culturel. Le probl\u00e8me des visiteurs qui viennent faire des selfies au mus\u00e9e pour leurs r\u00e9seaux sociaux est croissant\u00a0\u00bb, explique le mus\u00e9e apr\u00e8s l\u2019incident selon le m\u00e9dia italien <a href=\"https:\/\/en.ilsole24ore.com\/art\/uffizi-a-tourist-selfie-damages-masterpiece-1712-director-sets-limits-AHrPIBMB?refresh_ce=1\" target=\"_blank\" rel=\"nofollow noopener\">Il Sole<\/a>.<\/p>\n<p>                                                                                                                                                                                                        <script async src=\"https:\/\/platform.twitter.com\/widgets.js\" charset=\"utf-8\"><\/script><\/p>\n","protected":false},"excerpt":{"rendered":"Alors qu\u2019il prenait une photo devant un tableau du XVIIIe\u00a0si\u00e8cle, un touriste a accidentellement d\u00e9chir\u00e9 une toile repr\u00e9sentant&hellip;\n","protected":false},"author":2,"featured_media":203524,"comment_status":"","ping_status":"","sticky":false,"template":"","format":"standard","meta":{"footnotes":""},"categories":[1358],"tags":[1348,1384,1385,1386,58,59,1011,27],"class_list":{"0":"post-203523","1":"post","2":"type-post","3":"status-publish","4":"format-standard","5":"has-post-thumbnail","7":"category-arts-et-design","8":"tag-arts","9":"tag-arts-and-design","10":"tag-arts-et-design","11":"tag-design","12":"tag-divertissement","13":"tag-entertainment","14":"tag-fr","15":"tag-france"},"share_on_mastodon":{"url":"https:\/\/pubeurope.com\/@fr\/114744715105474517","error":""},"_links":{"self":[{"href":"https:\/\/www.europesays.com\/fr\/wp-json\/wp\/v2\/posts\/203523","targetHints":{"allow":["GET"]}}],"collection":[{"href":"https:\/\/www.europesays.com\/fr\/wp-json\/wp\/v2\/posts"}],"about":[{"href":"https:\/\/www.europesays.com\/fr\/wp-json\/wp\/v2\/types\/post"}],"author":[{"embeddable":true,"href":"https:\/\/www.europesays.com\/fr\/wp-json\/wp\/v2\/users\/2"}],"replies":[{"embeddable":true,"href":"https:\/\/www.europesays.com\/fr\/wp-json\/wp\/v2\/comments?post=203523"}],"version-history":[{"count":0,"href":"https:\/\/www.europesays.com\/fr\/wp-json\/wp\/v2\/posts\/203523\/revisions"}],"wp:featuredmedia":[{"embeddable":true,"href":"https:\/\/www.europesays.com\/fr\/wp-json\/wp\/v2\/media\/203524"}],"wp:attachment":[{"href":"https:\/\/www.europesays.com\/fr\/wp-json\/wp\/v2\/media?parent=203523"}],"wp:term":[{"taxonomy":"category","embeddable":true,"href":"https:\/\/www.europesays.com\/fr\/wp-json\/wp\/v2\/categories?post=203523"},{"taxonomy":"post_tag","embeddable":true,"href":"https:\/\/www.europesays.com\/fr\/wp-json\/wp\/v2\/tags?post=203523"}],"curies":[{"name":"wp","href":"https:\/\/api.w.org\/{rel}","templated":true}]}}