{"id":203527,"date":"2025-06-25T15:30:19","date_gmt":"2025-06-25T15:30:19","guid":{"rendered":"https:\/\/www.europesays.com\/fr\/203527\/"},"modified":"2025-06-25T15:30:19","modified_gmt":"2025-06-25T15:30:19","slug":"je-nai-pas-aime-la-diffusion-je-lai-subie","status":"publish","type":"post","link":"https:\/\/www.europesays.com\/fr\/203527\/","title":{"rendered":"Je n&rsquo;ai pas aim\u00e9 la diffusion, je l&rsquo;ai subie"},"content":{"rendered":"<p>Keyn ressort de l&rsquo;exp\u00e9rience Mari\u00e9s au premier regard 2025 avec un bilan mitig\u00e9. Le candidat compatible avec Jennifer est revenu sur son aventure, entre montage d\u00e9favorable, moments difficiles et bons souvenirs. <\/p>\n<p>Keyn et Jennifer ont \u00e9t\u00e9 les premiers \u00e0 se dire \u00ab\u00a0oui\u00a0\u00bb dans la neuvi\u00e8me saison de Mari\u00e9s au premier regard, diffus\u00e9e sur M6. La semaine derni\u00e8re, la cha\u00eene d\u00e9voilait les derni\u00e8res images de cette \u00e9dition et en profitait pour donner <a href=\"https:\/\/www.programme-tv.net\/news\/tele-realite\/380940-on-ne-va-plus-se-quitter-jennifer-maries-au-premier-regard-2025-devoile-la-belle-rencontre-qu-elle-a-faite-depuis-la-fin-du-tournage-dans-le-prochain-episode-deja-visible\/\" data-api-deeplink=\"teleloisirs:\/\/news\/380940\" target=\"_blank\" rel=\"noopener\">des nouvelles de la coach sportive<\/a>. <b>Keyn, lui, est rest\u00e9 en dehors des cam\u00e9ras <\/b>apr\u00e8s sa s\u00e9paration avec sa femme. S&rsquo;ils avaient souhait\u00e9 donner une seconde chance \u00e0 leur histoire apr\u00e8s une conversion avec les expertes qui n&rsquo;ont pas \u00e9pargn\u00e9 Keyn, <a href=\"https:\/\/www.programme-tv.net\/news\/tele-realite\/379678-pas-vu-a-la-tele-dans-maries-au-premier-regard-2025-jennifer-explique-pourquoi-elle-a-accepte-de-rester-mariee-avec-keyn-quelques-heures-apres-leur-rupture\/\" data-api-deeplink=\"teleloisirs:\/\/news\/379678\" target=\"_blank\" rel=\"noopener\">les candidats ont finalement divorc\u00e9<\/a>. Quelques jours apr\u00e8s l&rsquo;ultime \u00e9pisode de la saison, le sapeur-pompier dresse un bilan mitig\u00e9 de cette exp\u00e9rience.<\/p>\n<p>Keyn fait le bilan de Mari\u00e9s au premier regard 2025 : \u00ab\u00a0Il y a des trucs qui n&rsquo;ont pas \u00e9t\u00e9 diffus\u00e9s\u00a0\u00bb<\/p>\n<p>Depuis la fin de la diffusion, les candidats de cette saison donnent r\u00e9guli\u00e8rement des nouvelles de leur vie sentimentale. Ainsi, on a appris que Coralie avait retrouv\u00e9 l&rsquo;amour et avait pr\u00e9sent\u00e9 son compagnon \u00e0 Bruno, que Malik \u00e9tait s\u00e9par\u00e9 de Cl\u00e9mence et qu&rsquo;il partageait <a href=\"https:\/\/www.programme-tv.net\/news\/tele-realite\/381802-maries-au-premier-regard-clemence-revele-le-mensonge-de-malik-au-sujet-de-sa-nouvelle-relation\/\" data-api-deeplink=\"teleloisirs:\/\/news\/381802\" target=\"_blank\" rel=\"noopener\">une nouvelle histoire <\/a>avec une autre femme, <a href=\"https:\/\/www.programme-tv.net\/news\/tele-realite\/381773-david-maries-au-premier-regard-2025-separe-de-marina-a-retrouve-l-amour-elle-regardait-l-emission-en-silence-avec-patience\/\" data-api-deeplink=\"teleloisirs:\/\/news\/381773\" target=\"_blank\" rel=\"noopener\">tout comme David, divorc\u00e9 de Marina<\/a>. Ce mercredi, c&rsquo;est Keyn qui a fait le bilan de son aventure. \u00ab\u00a0Lundi, il n&rsquo;y a pas eu d&rsquo;\u00e9pisode. C&rsquo;est fini&#8230; J&rsquo;ai toujours dit que j&rsquo;ai kiff\u00e9 vivre cette exp\u00e9rience en direct, <b>mais que je n&rsquo;ai pas aim\u00e9 la diffusion, je l&rsquo;ai subie<\/b>\u00ab\u00a0, exprime le sapeur-pompier sur Instagram. \u00ab\u00a0Mais en vrai, on a quand m\u00eame bien rigol\u00e9 \u00e0 voir ma t\u00eate \u00e0 la t\u00e9l\u00e9, m\u00eame s&rsquo;il y a des trucs qui n&rsquo;ont pas \u00e9t\u00e9 diffus\u00e9s\u00a0\u00bb, ajoute-t-il.<\/p>\n<p>                        Keyn (Mari\u00e9s au premier regard 2025) s&rsquo;adresse \u00e0 son ex-femme : \u00ab\u00a0Merci Jennifer de m&rsquo;avoir support\u00e9\u00a0\u00bb<\/p>\n<p>Keyn a \u00e9galement rappel\u00e9 les \u00ab\u00a0rebondissements\u00a0\u00bb qui ont jalonn\u00e9 son aventure, comme lorsque <a href=\"https:\/\/www.programme-tv.net\/news\/tele-realite\/379541-je-savais-deja-tout-jennifer-maries-au-premier-regard-reagit-a-la-polemique-lancee-par-lex-de-keyn-au-sujet-de-leur-relation\/\" data-api-deeplink=\"teleloisirs:\/\/news\/379541\" target=\"_blank\" rel=\"noopener\">son ex-copine a d\u00e9nonc\u00e9 son comportement avec elle<\/a> ou le bilan tumultueux avec <a href=\"https:\/\/www.programme-tv.net\/biographie\/2380791-dossin-estelle\/\" data-link-people=\"5cf96b53-d73e-418a-ae47-458165086dd3\" target=\"_blank\" rel=\"noopener\">Estelle Dossin<\/a> et Marie Tapernoux. \u00ab\u00a0<b>Je pense qu&rsquo;on a de la chance d&rsquo;\u00eatre tomb\u00e9 l&rsquo;un sur l&rsquo;autre<\/b>, malgr\u00e9 tout. Merci Jennifer de m&rsquo;avoir support\u00e9\u00a0\u00bb, \u00e9crit-il finalement \u00e0 l&rsquo;attention de son ex-femme. \u00ab\u00a0On peut dire qu&rsquo;une page se tourne, un livre se ferme et <b>je peux retourner \u00e0 ma vie d&rsquo;avant<\/b>. Merci \u00e0 vous pour votre amour alors que je n&rsquo;en m\u00e9rite pas autant\u00a0\u00bb, conclut Keyn.<\/p>\n","protected":false},"excerpt":{"rendered":"Keyn ressort de l&rsquo;exp\u00e9rience Mari\u00e9s au premier regard 2025 avec un bilan mitig\u00e9. Le candidat compatible avec Jennifer&hellip;\n","protected":false},"author":2,"featured_media":203528,"comment_status":"","ping_status":"","sticky":false,"template":"","format":"standard","meta":{"footnotes":""},"categories":[1356],"tags":[244,58,59,1011,27,32056,32057,494,5214,252,1364],"class_list":{"0":"post-203527","1":"post","2":"type-post","3":"status-publish","4":"format-standard","5":"has-post-thumbnail","7":"category-television","8":"tag-commentaire","9":"tag-divertissement","10":"tag-entertainment","11":"tag-fr","12":"tag-france","13":"tag-jennifer-mariu00e9s-au-premier-regard-9","14":"tag-keyn-mariu00e9s-au-premier-regard-9","15":"tag-m6","16":"tag-mariu00e9s-au-premier-regard","17":"tag-television","18":"tag-tv"},"share_on_mastodon":{"url":"https:\/\/pubeurope.com\/@fr\/114744723065353497","error":""},"_links":{"self":[{"href":"https:\/\/www.europesays.com\/fr\/wp-json\/wp\/v2\/posts\/203527","targetHints":{"allow":["GET"]}}],"collection":[{"href":"https:\/\/www.europesays.com\/fr\/wp-json\/wp\/v2\/posts"}],"about":[{"href":"https:\/\/www.europesays.com\/fr\/wp-json\/wp\/v2\/types\/post"}],"author":[{"embeddable":true,"href":"https:\/\/www.europesays.com\/fr\/wp-json\/wp\/v2\/users\/2"}],"replies":[{"embeddable":true,"href":"https:\/\/www.europesays.com\/fr\/wp-json\/wp\/v2\/comments?post=203527"}],"version-history":[{"count":0,"href":"https:\/\/www.europesays.com\/fr\/wp-json\/wp\/v2\/posts\/203527\/revisions"}],"wp:featuredmedia":[{"embeddable":true,"href":"https:\/\/www.europesays.com\/fr\/wp-json\/wp\/v2\/media\/203528"}],"wp:attachment":[{"href":"https:\/\/www.europesays.com\/fr\/wp-json\/wp\/v2\/media?parent=203527"}],"wp:term":[{"taxonomy":"category","embeddable":true,"href":"https:\/\/www.europesays.com\/fr\/wp-json\/wp\/v2\/categories?post=203527"},{"taxonomy":"post_tag","embeddable":true,"href":"https:\/\/www.europesays.com\/fr\/wp-json\/wp\/v2\/tags?post=203527"}],"curies":[{"name":"wp","href":"https:\/\/api.w.org\/{rel}","templated":true}]}}