{"id":203532,"date":"2025-06-25T15:33:11","date_gmt":"2025-06-25T15:33:11","guid":{"rendered":"https:\/\/www.europesays.com\/fr\/203532\/"},"modified":"2025-06-25T15:33:11","modified_gmt":"2025-06-25T15:33:11","slug":"ce-symptome-anodin-apparait-souvent-6-mois-avant-le-diagnostic","status":"publish","type":"post","link":"https:\/\/www.europesays.com\/fr\/203532\/","title":{"rendered":"ce sympt\u00f4me anodin appara\u00eet souvent 6 mois avant le diagnostic"},"content":{"rendered":"<p>                    Le mal silencieux : ce sympt\u00f4me banal qui pr\u00e9c\u00e8de le cancer du pancr\u00e9as <\/p>\n<p data-start=\"273\" data-end=\"628\">Un petit pincement dans le dos. Un l\u00e9ger inconfort apr\u00e8s les repas. Une fatigue plus pesante que d\u2019habitude. Rien de spectaculaire\u2026 et pourtant. Ce sont pr\u00e9cis\u00e9ment <strong data-start=\"438\" data-end=\"461\">ces signaux anodins<\/strong>, pr\u00e9sents chez <strong data-start=\"477\" data-end=\"496\">1 patient sur 4<\/strong> jusqu\u2019\u00e0 <strong data-start=\"505\" data-end=\"561\">six mois avant le diagnostic d\u2019un cancer du pancr\u00e9as<\/strong>, qui pourraient tout changer &#8211; \u00e0 condition d\u2019\u00eatre pris au s\u00e9rieux.<\/p>\n<p data-start=\"630\" data-end=\"939\">Car c\u2019est l\u00e0 tout le drame de cette <a href=\"https:\/\/www.modesettravaux.fr\/beaute-bien-etre\/sante-beaute-bien-etre\/cancer-du-pancreas-ce-symptome-est-le-premier-a-apparaitre-alerte-un-medecin-141011.html\" rel=\"nofollow noopener\" target=\"_blank\">maladie fulgurante<\/a> : <strong data-start=\"687\" data-end=\"723\">elle ne crie pas, elle chuchote.<\/strong> Et pendant ce temps, elle progresse. La difficult\u00e9 r\u00e9side dans le fait que ces signes sont <strong data-start=\"815\" data-end=\"828\">si banals<\/strong> qu\u2019ils sont <strong data-start=\"841\" data-end=\"877\">souvent ignor\u00e9s, voire minimis\u00e9s<\/strong> par les malades eux-m\u00eames\u2026 et parfois m\u00eame par les soignants.<\/p>\n<p> Un sympt\u00f4me qui n\u2019alerte pas : le mal de dos comme signe avant-coureur <\/p>\n<p data-start=\"1024\" data-end=\"1379\">Il ne s\u2019agit pas d\u2019un mal de dos brutal ou handicapant. Plut\u00f4t une <strong data-start=\"1091\" data-end=\"1130\">douleur sourde, parfois persistante<\/strong>, souvent d\u00e9crite comme <strong data-start=\"1154\" data-end=\"1217\">diffuse, situ\u00e9e juste sous les c\u00f4tes ou entre les omoplates<\/strong>. Selon une \u00e9tude publi\u00e9e dans Annals of Oncology, <strong data-start=\"1270\" data-end=\"1302\">25\u202f% des malades du pancr\u00e9as<\/strong> pr\u00e9sentaient cette douleur <strong data-start=\"1330\" data-end=\"1357\">au moins six mois avant<\/strong> d\u2019\u00eatre diagnostiqu\u00e9s.<\/p>\n<p data-start=\"1381\" data-end=\"1643\">Des chercheurs britanniques, dans une \u00e9tude relay\u00e9e par The BMJ, soulignent que cette douleur est fr\u00e9quemment <strong data-start=\"1493\" data-end=\"1572\">attribu\u00e9e \u00e0 une mauvaise posture, du stress, voire \u00e0 des troubles digestifs<\/strong> passagers. R\u00e9sultat : <strong data-start=\"1595\" data-end=\"1643\">elle est rarement prise au s\u00e9rieux, \u00e0 temps.<\/strong><\/p>\n<p data-start=\"1645\" data-end=\"1876\">D\u2019autant que dans <strong data-start=\"1663\" data-end=\"1684\">15 \u00e0 20\u202f% des cas<\/strong>, elle est <strong data-start=\"1695\" data-end=\"1747\">accompagn\u00e9e de sympt\u00f4mes digestifs peu alarmants<\/strong> : une impression de sati\u00e9t\u00e9 pr\u00e9coce, des ballonnements ou un app\u00e9tit capricieux. Rien qui fasse penser \u00e0 <a href=\"https:\/\/www.modesettravaux.fr\/beaute-bien-etre\/sante-beaute-bien-etre\/cancer-du-pancreas-ce-marathonien-aujourdhui-en-phase-terminale-alerte-sur-ce-symptome-quil-a-ignore-141498.html\" rel=\"nofollow noopener\" target=\"_blank\">un cancer<\/a>. Et pourtant\u2026<\/p>\n<p>    <img loading=\"lazy\" decoding=\"async\" aria-describedby=\"caption-attachment-57819\" itemprop=\"thumbnailUrl\" class=\" wp-image-57819 img-responsive \" src=\"https:\/\/www.europesays.com\/fr\/wp-content\/uploads\/2025\/06\/shutterstock_1712713207.jpg\" alt=\"\" width=\"652\" height=\"422\"\/> \u00a9  Shutterstock<\/p>\n<p id=\"caption-attachment-57819\" class=\"wp-caption-text\">Mal identifi\u00e9, ce petit mal de dos persistant peut pr\u00e9c\u00e9der de plusieurs mois un diagnostic de cancer du pancr\u00e9as. Un signal souvent ignor\u00e9, pourtant vital.<\/p>\n<p> Ce qu\u2019il faut rep\u00e9rer sans attendre <\/p>\n<p data-start=\"1926\" data-end=\"2127\">\u00c0 d\u00e9faut d\u2019\u00eatre spectaculaire, le sympt\u00f4me est <strong data-start=\"1973\" data-end=\"1987\">persistant<\/strong>. C\u2019est lui, pr\u00e9cis\u00e9ment, qui doit vous alerter. Voici ce qu\u2019il faut surveiller si vous ressentez une g\u00eane abdominale ou dorsale r\u00e9guli\u00e8re :<\/p>\n<ul data-start=\"2129\" data-end=\"2520\">\n<li data-start=\"2129\" data-end=\"2231\">\n<p data-start=\"2131\" data-end=\"2231\">Une <strong data-start=\"2135\" data-end=\"2153\">douleur sourde<\/strong> qui persiste depuis plusieurs semaines, surtout dans le dos ou sous les c\u00f4tes<\/p>\n<\/li>\n<li data-start=\"2232\" data-end=\"2282\">\n<p data-start=\"2234\" data-end=\"2282\">Une <strong data-start=\"2238\" data-end=\"2268\">perte de poids inexpliqu\u00e9e<\/strong>, m\u00eame mod\u00e9r\u00e9e<\/p>\n<\/li>\n<li data-start=\"2283\" data-end=\"2351\">\n<p data-start=\"2285\" data-end=\"2351\">Une <strong data-start=\"2289\" data-end=\"2310\">fatigue chronique<\/strong>, sans lien avec le sommeil ou l\u2019activit\u00e9<\/p>\n<\/li>\n<li data-start=\"2352\" data-end=\"2405\">\n<p data-start=\"2354\" data-end=\"2405\">Un <strong data-start=\"2357\" data-end=\"2378\">app\u00e9tit en baisse<\/strong>, ou une digestion ralentie<\/p>\n<\/li>\n<li data-start=\"2406\" data-end=\"2474\">\n<p data-start=\"2408\" data-end=\"2474\">Un <strong data-start=\"2411\" data-end=\"2443\">diab\u00e8te d\u2019apparition r\u00e9cente<\/strong> sans facteur de risque \u00e9vident<\/p>\n<\/li>\n<li data-start=\"2475\" data-end=\"2520\">\n<p data-start=\"2477\" data-end=\"2520\">Des <strong data-start=\"2481\" data-end=\"2497\">selles p\u00e2les<\/strong>, grasses ou flottantes<\/p>\n<\/li>\n<\/ul>\n<p data-start=\"2522\" data-end=\"2793\">Une \u00e9tude du National Cancer Institute (NCI) r\u00e9v\u00e8le que <strong data-start=\"2580\" data-end=\"2619\">les patients diagnostiqu\u00e9s plus t\u00f4t<\/strong> \u2013 gr\u00e2ce \u00e0 ces signaux faibles \u2013 ont <strong data-start=\"2656\" data-end=\"2724\">trois fois plus de chances de b\u00e9n\u00e9ficier d\u2019un traitement curatif<\/strong>, notamment la chirurgie du<a href=\"https:\/\/www.modesettravaux.fr\/beaute-bien-etre\/sante-beaute-bien-etre\/cancer-du-pancreas-cet-aliment-tres-consomme-lete-est-mis-en-cause-dans-les-cas-les-plus-graves-alerte-un-medecin-141856.html\" rel=\"nofollow noopener\" target=\"_blank\"> pancr\u00e9as<\/a>, encore envisageable \u00e0 ce stade.<\/p>\n<p> Ce que dit la science : le cancer du pancr\u00e9as gagne du terrain <\/p>\n<p data-start=\"2870\" data-end=\"3195\">Le cancer du <a href=\"https:\/\/www.modesettravaux.fr\/beaute-bien-etre\/sante-beaute-bien-etre\/pancreas-12-aliments-qui-lui-veulent-du-bien-34117.html\" rel=\"nofollow noopener\" target=\"_blank\">pancr\u00e9as<\/a> est aujourd\u2019hui <strong data-start=\"2908\" data-end=\"2934\">l\u2019un des plus redout\u00e9s<\/strong> : il repr\u00e9sente la <strong data-start=\"2954\" data-end=\"3005\">2\u1d49 cause de d\u00e9c\u00e8s par cancer digestif en France<\/strong>, avec <strong data-start=\"3012\" data-end=\"3056\">plus de 15\u202f000 nouveaux cas chaque ann\u00e9e<\/strong>. Son taux de survie \u00e0 5 ans reste faible (<strong data-start=\"3099\" data-end=\"3115\">environ 11\u202f%<\/strong>), principalement parce que <strong data-start=\"3143\" data-end=\"3194\">la majorit\u00e9 des cas est diagnostiqu\u00e9e trop tard<\/strong>.<\/p>\n<p data-start=\"3197\" data-end=\"3464\">Des travaux men\u00e9s aux \u00c9tats-Unis par le <strong data-start=\"3237\" data-end=\"3273\">Pancreatic Cancer Action Network<\/strong> montrent que la <strong data-start=\"3290\" data-end=\"3341\">hausse des diagnostics chez les moins de 50 ans<\/strong> s\u2019acc\u00e9l\u00e8re (+15\u202f% en 10 ans). En cause : le tabac, l\u2019ob\u00e9sit\u00e9, mais aussi une <strong data-start=\"3419\" data-end=\"3464\">m\u00e9connaissance des signes avant-coureurs.<\/strong><\/p>\n<p data-start=\"3466\" data-end=\"3733\">L\u2019\u00e9tude PLCO men\u00e9e par le National Cancer Institute ajoute que <strong data-start=\"3531\" data-end=\"3553\">le marqueur CA19\u20119<\/strong>, utilis\u00e9 dans le suivi, <strong data-start=\"3578\" data-end=\"3622\">commence \u00e0 s\u2019\u00e9lever jusqu\u2019\u00e0 6 mois avant<\/strong> la d\u00e9tection clinique. Ce qui confirme que <strong data-start=\"3666\" data-end=\"3698\">les signes pr\u00e9coces existent<\/strong>\u2026 \u00e0 condition d\u2019y pr\u00eater attention.<\/p>\n<p>    <img loading=\"lazy\" decoding=\"async\" aria-describedby=\"caption-attachment-23462\" class=\" wp-image-23462 img-responsive \" src=\"https:\/\/www.europesays.com\/fr\/wp-content\/uploads\/2025\/06\/shutterstock_1746188198.jpg\" alt=\"\" width=\"650\" height=\"433\"\/> \u00a9  Shutterstock<\/p>\n<p id=\"caption-attachment-23462\" class=\"wp-caption-text\">Ni aigu\u00eb, ni spectaculaire, cette douleur discr\u00e8te dans le dos est l\u2019un des signes pr\u00e9coces les plus fr\u00e9quents\u2026 mais aussi les plus sous-estim\u00e9s.<\/p>\n<p><strong>\u00c0 lire aussi :<\/strong><\/p>\n<p><a href=\"https:\/\/www.modesettravaux.fr\/beaute-bien-etre\/sante-beaute-bien-etre\/cancer-du-pancreas-ces-5-symptomes-discrets-a-ne-jamais-ignorer-selon-le-dr-jimmy-mohamed-132133.html\" rel=\"nofollow noopener\" target=\"_blank\">Cancer du pancr\u00e9as : ces 5 sympt\u00f4mes discrets \u00e0 ne jamais ignorer, selon le Dr Jimmy Mohamed<\/a><\/p>\n","protected":false},"excerpt":{"rendered":"Le mal silencieux : ce sympt\u00f4me banal qui pr\u00e9c\u00e8de le cancer du pancr\u00e9as Un petit pincement dans le&hellip;\n","protected":false},"author":2,"featured_media":203533,"comment_status":"","ping_status":"","sticky":false,"template":"","format":"standard","meta":{"footnotes":""},"categories":[10],"tags":[1011,27,72,71],"class_list":{"0":"post-203532","1":"post","2":"type-post","3":"status-publish","4":"format-standard","5":"has-post-thumbnail","7":"category-sante","8":"tag-fr","9":"tag-france","10":"tag-health","11":"tag-sante"},"share_on_mastodon":{"url":"https:\/\/pubeurope.com\/@fr\/114744734804804117","error":""},"_links":{"self":[{"href":"https:\/\/www.europesays.com\/fr\/wp-json\/wp\/v2\/posts\/203532","targetHints":{"allow":["GET"]}}],"collection":[{"href":"https:\/\/www.europesays.com\/fr\/wp-json\/wp\/v2\/posts"}],"about":[{"href":"https:\/\/www.europesays.com\/fr\/wp-json\/wp\/v2\/types\/post"}],"author":[{"embeddable":true,"href":"https:\/\/www.europesays.com\/fr\/wp-json\/wp\/v2\/users\/2"}],"replies":[{"embeddable":true,"href":"https:\/\/www.europesays.com\/fr\/wp-json\/wp\/v2\/comments?post=203532"}],"version-history":[{"count":0,"href":"https:\/\/www.europesays.com\/fr\/wp-json\/wp\/v2\/posts\/203532\/revisions"}],"wp:featuredmedia":[{"embeddable":true,"href":"https:\/\/www.europesays.com\/fr\/wp-json\/wp\/v2\/media\/203533"}],"wp:attachment":[{"href":"https:\/\/www.europesays.com\/fr\/wp-json\/wp\/v2\/media?parent=203532"}],"wp:term":[{"taxonomy":"category","embeddable":true,"href":"https:\/\/www.europesays.com\/fr\/wp-json\/wp\/v2\/categories?post=203532"},{"taxonomy":"post_tag","embeddable":true,"href":"https:\/\/www.europesays.com\/fr\/wp-json\/wp\/v2\/tags?post=203532"}],"curies":[{"name":"wp","href":"https:\/\/api.w.org\/{rel}","templated":true}]}}