{"id":203536,"date":"2025-06-25T15:35:10","date_gmt":"2025-06-25T15:35:10","guid":{"rendered":"https:\/\/www.europesays.com\/fr\/203536\/"},"modified":"2025-06-25T15:35:10","modified_gmt":"2025-06-25T15:35:10","slug":"cest-avec-beaucoup-de-tristesse-que-nous-lannoncons","status":"publish","type":"post","link":"https:\/\/www.europesays.com\/fr\/203536\/","title":{"rendered":"C\u2019est avec beaucoup de tristesse que nous l&rsquo;annon\u00e7ons"},"content":{"rendered":"<p>Par <a class=\"author_recette\" id=\"author_name\" href=\"https:\/\/www.nextplz.fr\/auteur\/jason-mathurin\" target=\"_blank\" rel=\"noopener\">Jason<br \/>\nMathurin<\/a> &#8211;<br \/>\nPubli\u00e9 le 25 Juin 2025 \u00e0<br \/>\n16:30<\/p>\n<p class=\"article-intro excerpt\">Les \u00e9quipes de Doc Gyn\u00e9co ont fait<br \/>\nune bien triste annonce cette semaine. Une nouvelle qui risque de<br \/>\nd\u00e9cevoir ses fans de la premi\u00e8re heure.<\/p>\n<p>Lointaine est l&rsquo;\u00e9poque de la premi\u00e8re consultation. Doc Gyn\u00e9co<br \/>\ns&rsquo;est fait conna\u00eetre avec cet album annon\u00e7ant la couleur. Il fait<br \/>\nd&rsquo;ailleurs partie de l&rsquo;un des pionniers du rap fran\u00e7ais de sa<br \/>\ng\u00e9n\u00e9ration. Entre-temps, il r\u00e9alisera une s\u00e9rie de projets<br \/>\nmusicaux. En dehors des studios de musique, c&rsquo;est en politique que<br \/>\nle rappeur est d\u00e9cri\u00e9. Notamment suite \u00e0 ses positions de droite<br \/>\nqui ne plaisaient pas. Faisant fi du qu&rsquo;en dira-t-on, <a href=\"https:\/\/www.nextplz.fr\/people\/408750-christine-angot-cash-sur-sa-vie-intime-avec-doc-gyneco-il-la-sortait-et-la-mettait-devant-ma-bouche\" target=\"_blank\" rel=\"noopener\"><br \/>\nl&rsquo;ex de Christine Angot<\/a> a poursuivi son petit bonhomme de<br \/>\nchemin. R\u00e9cemment, il devait donner une s\u00e9rie de concerts.<br \/>\nSeulement, voil\u00e0&#8230; <strong>Une mauvaise nouvelle est<br \/>\ntomb\u00e9e<\/strong>.<\/p>\n<p>Mauvaise nouvelle pour Doc<br \/>\nGyn\u00e9co<\/p>\n<p><strong>Les fans de Doc Gyn\u00e9co n&rsquo;iront pas voir le<br \/>\ndocteur<\/strong>&#8230; En effet, mauvaise nouvelle, nous avons appris<br \/>\nil y a quelques jours que le chanteur \u00e9tait souffrant. Et le<br \/>\nmessage de son \u00e9quipe n&rsquo;a pas donn\u00e9 des perspectives r\u00e9jouissantes.<br \/>\nIl avait notamment une s\u00e9rie de dates, dont une \u00e0 Nice, le 4<br \/>\njuillet, une autre \u00e0 la Seyne-sur-Mer, le premier ao\u00fbt, et une<br \/>\nautre \u00e0 Blagnac, le 14 du m\u00eame mois. Sur Twitter, toutefois, les<br \/>\n\u00e9quipes du docteur ont \u00e9crit : \u00ab\u00a0C&rsquo;est avec beaucoup de<br \/>\ntristesse et de d\u00e9ception que nous vous annon\u00e7ons que Doc Gyn\u00e9co<br \/>\nest contraint d&rsquo;annuler ses prochaines dates de concert, pour des<br \/>\nraisons personnelles et m\u00e9dicales\u00a0\u00bb.<\/p>\n<p>Des probl\u00e8mes de<br \/>\nsant\u00e9 \u00e9voqu\u00e9s par son \u00e9quipe<\/p>\n<p>\u00ab\u00a0Cette d\u00e9cision a \u00e9t\u00e9 prise afin qu&rsquo;il puisse prendre soin<br \/>\nde sa sant\u00e9 et se recentrer pleinement\u00a0\u00bb, ont poursuivi ses<br \/>\nmanagers. \u00ab\u00a0Il tient \u00e0 remercier du fond du c\u0153ur son public pour<br \/>\nle soutien constant, la fid\u00e9lit\u00e9 et l&rsquo;affection exprim\u00e9s depuis<br \/>\ntant d&rsquo;ann\u00e9es\u00a0\u00bb, ont-ils poursuivi. Quant \u00e0 savoir si Doc<br \/>\nGyn\u00e9co va ravir ses fans avec une nouvelle salve de concerts, il<br \/>\nest encore trop t\u00f4t pour le dire. \u00ab\u00a0Vos messages et votre<br \/>\nbienveillance comptent \u00e9norm\u00e9ment. Nous vous tiendrons<br \/>\ninform\u00e9s\u00a0\u00bb. De leur c\u00f4t\u00e9, les aficionados esp\u00e8rent surtout de<br \/>\nle revoir en pleine forme. <strong>\u00ab\u00a0Esp\u00e9rons juste que le doc<br \/>\nse porte bien\u00a0\u00bb<\/strong>, a dit l&rsquo;un d&rsquo;eux en r\u00e9ponse de ce<br \/>\ntweet. \u00ab\u00a0Bonne sant\u00e9, Bruno [le vrai nom de l&rsquo;artiste,<br \/>\nndlr], prends soin de toi\u00a0\u00bb.<\/p>\n<p>Doc Gyn\u00e9co, un rappeur<br \/>\ncontrovers\u00e9 ?<\/p>\n<p>Doc Gyn\u00e9co est toujours une ic\u00f4ne du rap, malgr\u00e9 ses d\u00e9boires au<br \/>\nfil des ann\u00e9es. S&rsquo;il encha\u00eene encore les dates de tourn\u00e9e,<br \/>\nl&rsquo;artiste de 51 ans a autrefois \u00e9t\u00e9 d\u00e9cri\u00e9. Ce, notamment \u00e0 cause<br \/>\nde ses engagements politiques, qui ne r\u00e9pondent pas vraiment \u00e0 la<br \/>\nstreet credibility de l&rsquo;\u00e9poque. On se souvient notamment<br \/>\nde sa photo avec Nicolas Sarkozy, qui n&rsquo;a pas vraiment \u00e9t\u00e9 du go\u00fbt<br \/>\ndes amateurs de musique urbaine. \u00ab\u00a0J\u2019ai voulu, d\u2019une mauvaise fa\u00e7on,<br \/>\nfaire r\u00e9agir les jeunes\u00a0\u00bb, a-t-il dit, cit\u00e9 par Europe 1. Quand on<br \/>\nlui demandait <a href=\"https:\/\/www.nextplz.fr\/people\/496075-florent-pagny-63-ans-avec-carla-bruni-ca-na-pas-ete-plus-loin-quune-il-confirme-a-demi-mots\" target=\"_blank\" rel=\"noopener\"><br \/>\ns&rsquo;il a soutenu le ch\u00e9ri de Carla Bruni<\/a> <strong>lors de sa<br \/>\ncampagne en 2008<\/strong>, il r\u00e9pondait : \u00ab\u00a0Mais rien du tout !<br \/>\nC\u2019\u00e9tait pour te faire r\u00e9agir\u00a0\u00bb.<\/p>\n","protected":false},"excerpt":{"rendered":"Par Jason Mathurin &#8211; Publi\u00e9 le 25 Juin 2025 \u00e0 16:30 Les \u00e9quipes de Doc Gyn\u00e9co ont fait&hellip;\n","protected":false},"author":2,"featured_media":203537,"comment_status":"","ping_status":"","sticky":false,"template":"","format":"standard","meta":{"footnotes":""},"categories":[8],"tags":[58,59,1011,27,29017],"class_list":{"0":"post-203536","1":"post","2":"type-post","3":"status-publish","4":"format-standard","5":"has-post-thumbnail","7":"category-divertissement","8":"tag-divertissement","9":"tag-entertainment","10":"tag-fr","11":"tag-france","12":"tag-nonli_nextplz"},"share_on_mastodon":{"url":"https:\/\/pubeurope.com\/@fr\/114744743542860579","error":""},"_links":{"self":[{"href":"https:\/\/www.europesays.com\/fr\/wp-json\/wp\/v2\/posts\/203536","targetHints":{"allow":["GET"]}}],"collection":[{"href":"https:\/\/www.europesays.com\/fr\/wp-json\/wp\/v2\/posts"}],"about":[{"href":"https:\/\/www.europesays.com\/fr\/wp-json\/wp\/v2\/types\/post"}],"author":[{"embeddable":true,"href":"https:\/\/www.europesays.com\/fr\/wp-json\/wp\/v2\/users\/2"}],"replies":[{"embeddable":true,"href":"https:\/\/www.europesays.com\/fr\/wp-json\/wp\/v2\/comments?post=203536"}],"version-history":[{"count":0,"href":"https:\/\/www.europesays.com\/fr\/wp-json\/wp\/v2\/posts\/203536\/revisions"}],"wp:featuredmedia":[{"embeddable":true,"href":"https:\/\/www.europesays.com\/fr\/wp-json\/wp\/v2\/media\/203537"}],"wp:attachment":[{"href":"https:\/\/www.europesays.com\/fr\/wp-json\/wp\/v2\/media?parent=203536"}],"wp:term":[{"taxonomy":"category","embeddable":true,"href":"https:\/\/www.europesays.com\/fr\/wp-json\/wp\/v2\/categories?post=203536"},{"taxonomy":"post_tag","embeddable":true,"href":"https:\/\/www.europesays.com\/fr\/wp-json\/wp\/v2\/tags?post=203536"}],"curies":[{"name":"wp","href":"https:\/\/api.w.org\/{rel}","templated":true}]}}