{"id":203540,"date":"2025-06-25T15:37:09","date_gmt":"2025-06-25T15:37:09","guid":{"rendered":"https:\/\/www.europesays.com\/fr\/203540\/"},"modified":"2025-06-25T15:37:09","modified_gmt":"2025-06-25T15:37:09","slug":"a-quoi-va-ressembler-le-mariage-le-plus-attendu-de-2025","status":"publish","type":"post","link":"https:\/\/www.europesays.com\/fr\/203540\/","title":{"rendered":"\u00e0 quoi va ressembler le mariage le plus attendu de 2025 ?"},"content":{"rendered":"<p>Entre fastes v\u00e9nitiens et manifestations annonc\u00e9es, le fondateur d\u2019Amazon s\u2019appr\u00eate \u00e0 \u00e9pouser la c\u00e9l\u00e8bre animatrice de talk-show Lauren S\u00e1nchez dans ce qui s\u2019annonce comme l\u2019un des mariages les plus surveill\u00e9s de l\u2019ann\u00e9e.<\/p>\n<p class=\"fig-paragraph\">Et soudain Venise retient son souffle. Du jeudi 26 au samedi 28 juin,\u00a0<a href=\"https:\/\/madame.lefigaro.fr\/tag\/jeff-bezos\" target=\"_blank\" rel=\"noopener\" data-gtm-custom-categorie=\"navigation\" data-gtm-custom-action=\"crossclick\" data-gtm-custom-label=\"Contextuel\" data-gtm-event=\"customEventSPE\">Jeff Bezos<\/a>\u00a0\u00e9pousera\u00a0<a href=\"https:\/\/madame.lefigaro.fr\/societe\/des-plateaux-tele-aux-cockpits-dhelicopteres-portrait-de-lauren-sanchez-080620-181267\" target=\"_blank\" data-fig-type=\"Article\" rel=\"noopener\" data-gtm-custom-categorie=\"navigation\" data-gtm-custom-action=\"crossclick\" data-gtm-custom-label=\"Contextuel\" data-gtm-event=\"customEventSPE\" data-fig-domain=\"MADAME\">Lauren S\u00e1nchez<\/a>\u00a0dans la Cit\u00e9 des Doges. Un mariage hors norme \u00e0 plusieurs millions de dollars qui promet d\u2019\u00eatre l\u2019\u00e9v\u00e9nement le plus couru (et peut-\u00eatre le plus controvers\u00e9) de ces derni\u00e8res ann\u00e9es. De l\u2019autre c\u00f4t\u00e9 de l\u2019Atlantique, certains m\u00e9dias parlent m\u00eame de \u00abmariage du si\u00e8cle\u00bb. \u00abCe sera un mariage digne de celui de la princesse Diana\u00bb, pr\u00e9vient Paul S\u00e1nchez, le fr\u00e8re de la future mari\u00e9e,\u00a0<a href=\"https:\/\/www.tmz.com\/2025\/03\/27\/lauren-sanchez-brother-paul-wedding-big-like-princess-diana\/\" target=\"_blank\" rel=\"nofollow noopener\" data-gtm-custom-categorie=\"navigation\" data-gtm-custom-action=\"crossclick\" data-gtm-custom-label=\"Contextuel\" data-gtm-event=\"customEventSPE\">au micro de TMZ<\/a>. Parmi les 200 \u00e0 250 convives tri\u00e9s sur le volet, la presse l\u00e2che quelques noms bien connus du grand public. Leonardo DiCaprio, Oprah Winfrey, Mick Jagger, Jay-Z et Beyonc\u00e9, Eva Longoria, le clan Kardashian&#8230; Tous auraient r\u00e9pondu \u00abpr\u00e9sent\u00bb au carton d\u2019invitation du power couple. Au-del\u00e0 de la plan\u00e8te people, les milliardaires et g\u00e9ants de la tech seront aussi de la party. On s\u2019attend \u00e0 voir Elon Musk, Bill Gates ou encore Mark Zuckerberg. Sans oublier Ivanka Trump et Donald Trump Jr, les enfants du pr\u00e9sident des \u00c9tats-Unis.<\/p>\n<p class=\"fig-paragraph\">Avec de tels invit\u00e9s, le dispositif de s\u00e9curit\u00e9 a \u00e9t\u00e9 port\u00e9 \u00e0 son niveau maximal.\u00a0<a href=\"https:\/\/www.hola.com\/actualidad\/20250623839722\/jeff-bezos-y-lauren-sanchez-cambian-in-extremis-escenario-de-su-boda-por-el-ataque-de-eeuu-contra-iran\/\" target=\"_blank\" rel=\"nofollow noopener\" data-gtm-custom-categorie=\"navigation\" data-gtm-custom-action=\"crossclick\" data-gtm-custom-label=\"Contextuel\" data-gtm-event=\"customEventSPE\">Selon le magazine Hola!<\/a>, le couple aurait engag\u00e9 une \u00e9quipe d\u2019anciens Marines am\u00e9ricains pour s\u00e9curiser l\u2019\u00e9v\u00e9nement. L\u2019escalade militaire des derniers jours entre les \u00c9tats-Unis et l\u2019Iran aurait d\u2019ailleurs oblig\u00e9 les organisateurs \u00e0 revoir leurs plans.<\/p>\n<p>Un budget qui donne le vertige<\/p>\n<p class=\"fig-paragraph\">Pour accueillir tout ce beau monde, le dispositif se veut donc millim\u00e9tr\u00e9. Cinq des h\u00f4tels les plus luxueux de Venise ont \u00e9t\u00e9 enti\u00e8rement privatis\u00e9s (l\u2019Aman, le Gritti Palace, le St. Regis, le Belmond Cipriani et l\u2019H\u00f4tel Danieli), une flotte de cinquante bateaux-taxis a \u00e9t\u00e9 r\u00e9quisitionn\u00e9e, et neuf yachts, dont le Koru de Bezos (127 m\u00e8tres, 500 millions de dollars), devront \u00eatre amarr\u00e9s dans la lagune. Le co\u00fbt pr\u00e9vu par invit\u00e9\u00a0? 15.000 euros, selon la presse italienne.<\/p>\n<p class=\"fig-paragraph\">En parlant de budget, bien qu\u2019il soit tenu secret, les tablo\u00efds chiffrent l\u2019\u00e9v\u00e9nement \u00e0 plus de 15 millions d\u2019euros. Une somme ahurissante et pourtant bien moindre que celui d\u2019Anant Ambani, le fils de l\u2019homme le plus riche d\u2019Inde,\u00a0<a href=\"http:\/\/madame.lefigaro.fr\/celebrites\/actu-people\/en-photos-les-invites-prestigieux-au-mariage-du-siecle-a-mumbai-20240717\" target=\"_blank\" data-fig-type=\"Article\" rel=\"noopener\" data-gtm-custom-categorie=\"navigation\" data-gtm-custom-action=\"crossclick\" data-gtm-custom-label=\"Contextuel\" data-gtm-event=\"customEventSPE\" data-fig-domain=\"MADAME\">dont le mariage l\u2019\u00e9t\u00e9 dernier avait \u00e9t\u00e9 estim\u00e9 \u00e0 600 millions de dollars<\/a>.<\/p>\n<p>Lieux de derni\u00e8re minute<\/p>\n<p class=\"fig-paragraph\"><a href=\"https:\/\/www.nytimes.com\/2025\/06\/20\/style\/jeff-bezos-lauren-sanchez-wedding.html\" target=\"_blank\" rel=\"nofollow noopener\" data-gtm-custom-categorie=\"navigation\" data-gtm-custom-action=\"crossclick\" data-gtm-custom-label=\"Contextuel\" data-gtm-event=\"customEventSPE\">Selon le New York Times<\/a>, tout est organis\u00e9 par l\u2019agence\u00a0<a href=\"https:\/\/www.lanzabaucina.com\/\" target=\"_blank\" rel=\"nofollow noopener\" data-gtm-custom-categorie=\"navigation\" data-gtm-custom-action=\"crossclick\" data-gtm-custom-label=\"Contextuel\" data-gtm-event=\"customEventSPE\">Lanza &amp; Baucina<\/a>, r\u00e9f\u00e9rence mondiale dans l\u2019organisation d\u2019\u00e9v\u00e9nements exclusifs. Agence qui avait d\u00e9j\u00e0 organis\u00e9 le mariage grandiose des Clooney \u00e0 Venise en 2014, ainsi que celui de Salma Hayek et Fran\u00e7ois-Henri Pinault au m\u00eame endroit, en 2009. Pour l\u2019union des Bezos, elle a encore une fois us\u00e9 de tous ses talents pour concocter le programme parfait. La presse parle de c\u00e9l\u00e9brations sur l\u2019\u00eele du Lido, d\u2019un \u00e9change des alliances avec feu d\u2019artifice \u00e0 la Fondation Cini ou encore d\u2019un grand bal \u00e0 la Scuola Grande della Misericordia du XVIe si\u00e8cle. Mais officiellement, le flou demeure. Et l\u2019on peut se demander si la strat\u00e9gie n\u2019est pas de nous induire en erreur. D\u2019autant plus que le couple vient de modifier ses plans in extremis. La c\u00e9r\u00e9monie de mariage, initialement pr\u00e9vue \u00e0 la Scuola Grande della Misericordia samedi soir, a \u00e9t\u00e9 d\u00e9plac\u00e9e \u00e0 l\u2019Arsenal de Venise, un vaste complexe du XIVe si\u00e8cle dans le quartier oriental de Castello, entour\u00e9 d\u2019eau et impossible d\u2019acc\u00e8s par voie terrestre lorsque les ponts de liaison sont lev\u00e9s.<\/p>\n<p class=\"fig-paragraph\">\u00abNous bloquerons les canaux\u00bb, menace Tommaso Cacciari, l\u2019un des organisateurs des protestations,\u00a0cit\u00e9 par le New York Times.<a href=\"http:\/\/madame.lefigaro.fr\/societe\/actu\/pourquoi-le-mariage-de-jeff-bezos-et-lauren-sanchez-enerve-autant-les-venitiens-20250621\" data-fig-type=\"Article\" data-gtm-custom-categorie=\"navigation\" data-gtm-custom-action=\"crossclick\" data-gtm-custom-label=\"Contextuel\" data-gtm-event=\"customEventSPE\" data-fig-domain=\"MADAME\" target=\"_blank\" rel=\"noopener\">\u00a0Les V\u00e9nitiens qui s\u2019opposent au mariage de Bezos<\/a>\u00a0pr\u00e9voient notamment d\u2019obstruer les voies d\u2019eau avec des bateaux et m\u00eame des animaux gonflables pour emp\u00eacher l\u2019acc\u00e8s aux lieux de c\u00e9l\u00e9bration.<\/p>\n<p class=\"fig-body-link&#10;    \">\n            \u00c0 lire aussi<br \/>\n        <a class=\"fig-body-link__link\" href=\"http:\/\/madame.lefigaro.fr\/societe\/actu\/pourquoi-le-mariage-de-jeff-bezos-et-lauren-sanchez-enerve-autant-les-venitiens-20250621\" target=\"_blank\" data-fig-type=\"Article\" rel=\"noopener\" data-gtm-custom-categorie=\"navigation\" data-gtm-custom-action=\"crossclick\" data-gtm-custom-label=\"Contextuel\" data-gtm-event=\"customEventSPE\" data-fig-domain=\"MADAME\">Pourquoi le mariage de Jeff Bezos et Lauren S\u00e1nchez \u00e9nerve autant les V\u00e9nitiens\u00a0?<\/a>\n<\/p>\n<p class=\"fig-paragraph\">Face \u00e0 ces menaces, plusieurs autres sites auraient \u00e9t\u00e9 r\u00e9serv\u00e9s pour brouiller les pistes\u00a0: une armurerie du XVIe si\u00e8cle, l\u2019\u00eele de San Giorgio Maggiore et sa fondation Cini, ou encore une pagode sur la plage du Lido.\u00a0<a href=\"https:\/\/edition.cnn.com\/2025\/06\/23\/style\/venice-secret-bezos-sanchez-wedding-plans\" target=\"_blank\" rel=\"nofollow noopener\" data-gtm-custom-categorie=\"navigation\" data-gtm-custom-action=\"crossclick\" data-gtm-custom-label=\"Contextuel\" data-gtm-event=\"customEventSPE\">D\u2019apr\u00e8s les informations de CNN<\/a>, les organisateurs du mariage d\u00e9cideront du lieu et du moment de la c\u00e9r\u00e9monie \u00aben fonction des facteurs les plus incontr\u00f4lables\u00a0: la m\u00e9t\u00e9o et les manifestants\u00bb.<\/p>\n<p>    George Clooney et sa femme Amal Alamuddin sur le Canal Grande apr\u00e8s leur mariage. (Venise, le 28 septembre 2014.)<br \/>\n                ABACA<\/p>\n<p class=\"fig-paragraph\">\u00abD\u00e8s le d\u00e9part, les instructions de notre client et nos r\u00e8gles \u00e9taient tr\u00e8s claires\u00a0: minimiser toute perturbation de la ville, respecter ses r\u00e9sidents et ses institutions et employer massivement les locaux dans l\u2019\u00e9laboration des \u00e9v\u00e9nements\u00bb, a d\u00e9clar\u00e9 Lanza &amp; Baucina dans un communiqu\u00e9\u00a0<a href=\"https:\/\/pagesix.com\/2025\/06\/22\/celebrity-news\/jeff-bezos-and-lauren-sanchezs-wedding-planners-defend-couple-amid-venice-protests\/\" target=\"_blank\" rel=\"nofollow noopener\" data-gtm-custom-categorie=\"navigation\" data-gtm-custom-action=\"crossclick\" data-gtm-custom-label=\"Contextuel\" data-gtm-event=\"customEventSPE\">\u00e0 Page Six<\/a> .<\/p>\n<p class=\"fig-paragraph\">Ainsi, c\u00f4t\u00e9 gastronomie, le couple a mis\u00e9 sur le local. \u00ab80% des provisions viennent de fournisseurs v\u00e9nitiens\u00bb,\u00a0<a href=\"https:\/\/apnews.com\/article\/jeff-bezos-lauren-sanchez-wedding-venice-fd8bbdcd626d0a31c125d03182211cb3\" target=\"_blank\" rel=\"nofollow noopener\" data-gtm-custom-categorie=\"navigation\" data-gtm-custom-action=\"crossclick\" data-gtm-custom-label=\"Contextuel\" data-gtm-event=\"customEventSPE\">pr\u00e9cise une source \u00e0 AP<\/a> . Rosa Salva, institution p\u00e2tissi\u00e8re depuis des g\u00e9n\u00e9rations, a pr\u00e9par\u00e9 des sacs cadeaux qui seront offerts aux convives avec une s\u00e9lection de petites douceurs (notamment des Bussolai Buranei, des biscuits au beurre v\u00e9nitien). L\u2019entreprise Laguna-B a, quant \u00e0 elle, \u00e9t\u00e9 sollicit\u00e9e pour concevoir des cr\u00e9ations en verre de Murano, qui seront \u00e9galement distribu\u00e9es aux invit\u00e9s. \u00abJ\u2019esp\u00e8re qu\u2019ils appr\u00e9cieront ce que nous avons fait pour eux\u00bb, a d\u00e9clar\u00e9 Marcantonio Brandolini \u00e0 AP. \u00abPour nous, c\u2019est une formidable opportunit\u00e9, cela nous apporte un soutien suppl\u00e9mentaire pour notre croissance.\u00bb<\/p>\n<p>La robe, le secret le mieux gard\u00e9<\/p>\n<p class=\"fig-paragraph\">C\u00f4t\u00e9 mode, tous les regards se tournent vers la future mari\u00e9e. Si le cr\u00e9ateur de sa robe reste un myst\u00e8re,\u00a0<a href=\"https:\/\/people.com\/all-about-jeff-bezos-lauren-sanchez-wedding-11759358\" target=\"_blank\" rel=\"nofollow noopener\" data-gtm-custom-categorie=\"navigation\" data-gtm-custom-action=\"crossclick\" data-gtm-custom-label=\"Contextuel\" data-gtm-event=\"customEventSPE\">People rapporte qu\u2019Anna Wintour conseillerait Lauren S\u00e1nchez<\/a>\u00a0et aurait sugg\u00e9r\u00e9 Oscar de la Renta. L\u2019ancienne pr\u00e9sentatrice, fan de Dolce &amp; Gabbana, pourrait aussi se tourner vers la maison italienne. Ce coaching par Anna Wintour laisse en tout cas penser que l\u2019exclusivit\u00e9 des photos du mariage, s\u2019il y en a, reviendra \u00e0 Vogue US.<\/p>\n<p class=\"fig-paragraph\">Malgr\u00e9 les tensions et le secret qui entoure l\u2019\u00e9v\u00e9nement, une chose est s\u00fbre\u00a0: ce remariage v\u00e9nitien de Jeff Bezos avec Lauren S\u00e1nchez promet d\u2019\u00eatre le mariage de l\u2019ann\u00e9e. Alors que les festivit\u00e9s sont sur le point de d\u00e9marrer, des gros bateaux et grands noms transitent d\u00e9j\u00e0 vers la S\u00e9r\u00e9nissime. En revanche, le Koru de Bezos (127 m\u00e8tres, 500 millions de dollars) n\u2019a pas encore point\u00e9 le bout de son nez.\u00a0<a href=\"https:\/\/www.marinetraffic.com\/en\/ais\/details\/ships\/shipid:7155779\/mmsi:319225400\/imo:9857298\/vessel:KORU\" target=\"_blank\" rel=\"nofollow noopener\" data-gtm-custom-categorie=\"navigation\" data-gtm-custom-action=\"crossclick\" data-gtm-custom-label=\"Contextuel\" data-gtm-event=\"customEventSPE\">Selon le site de suivi des bateaux Marine Traffic<\/a>, le superyacht du milliardaire flotte dans la mer Adriatique et s\u2019approche doucement de Venise accompagn\u00e9 d\u2019un \u00abnavire de soutien\u00bb, l\u2019Abeona, un canot de 76 m\u00e8tres de long \u00e9quip\u00e9 d\u2019un h\u00e9liport. Les mari\u00e9s seront-ils sereins sur la S\u00e9r\u00e9nissime\u00a0?<\/p>\n","protected":false},"excerpt":{"rendered":"Entre fastes v\u00e9nitiens et manifestations annonc\u00e9es, le fondateur d\u2019Amazon s\u2019appr\u00eate \u00e0 \u00e9pouser la c\u00e9l\u00e8bre animatrice de talk-show Lauren&hellip;\n","protected":false},"author":2,"featured_media":203541,"comment_status":"","ping_status":"","sticky":false,"template":"","format":"standard","meta":{"footnotes":""},"categories":[6],"tags":[1291,47,11,35,6525,33,34,1067,1295,1294,6523,6527,6526,638,1011,27,6529,697,1930,12,6524,4853,104,6528],"class_list":{"0":"post-203540","1":"post","2":"type-post","3":"status-publish","4":"format-standard","5":"has-post-thumbnail","7":"category-economie","8":"tag-actu-societe","9":"tag-actualite","10":"tag-actualites","11":"tag-business","12":"tag-droit-des-femmes","13":"tag-economie","14":"tag-economy","15":"tag-enquete","16":"tag-feminin","17":"tag-femme","18":"tag-femme-dans-la-societe","19":"tag-femme-de-politique","20":"tag-femme-politique","21":"tag-figaro","22":"tag-fr","23":"tag-france","24":"tag-info-societe","25":"tag-jeff-bezos","26":"tag-mariage","27":"tag-news","28":"tag-place-des-femmes-dans-la-societe","29":"tag-portraits","30":"tag-societe","31":"tag-temoigngage"},"share_on_mastodon":{"url":"","error":""},"_links":{"self":[{"href":"https:\/\/www.europesays.com\/fr\/wp-json\/wp\/v2\/posts\/203540","targetHints":{"allow":["GET"]}}],"collection":[{"href":"https:\/\/www.europesays.com\/fr\/wp-json\/wp\/v2\/posts"}],"about":[{"href":"https:\/\/www.europesays.com\/fr\/wp-json\/wp\/v2\/types\/post"}],"author":[{"embeddable":true,"href":"https:\/\/www.europesays.com\/fr\/wp-json\/wp\/v2\/users\/2"}],"replies":[{"embeddable":true,"href":"https:\/\/www.europesays.com\/fr\/wp-json\/wp\/v2\/comments?post=203540"}],"version-history":[{"count":0,"href":"https:\/\/www.europesays.com\/fr\/wp-json\/wp\/v2\/posts\/203540\/revisions"}],"wp:featuredmedia":[{"embeddable":true,"href":"https:\/\/www.europesays.com\/fr\/wp-json\/wp\/v2\/media\/203541"}],"wp:attachment":[{"href":"https:\/\/www.europesays.com\/fr\/wp-json\/wp\/v2\/media?parent=203540"}],"wp:term":[{"taxonomy":"category","embeddable":true,"href":"https:\/\/www.europesays.com\/fr\/wp-json\/wp\/v2\/categories?post=203540"},{"taxonomy":"post_tag","embeddable":true,"href":"https:\/\/www.europesays.com\/fr\/wp-json\/wp\/v2\/tags?post=203540"}],"curies":[{"name":"wp","href":"https:\/\/api.w.org\/{rel}","templated":true}]}}