{"id":203544,"date":"2025-06-25T15:39:09","date_gmt":"2025-06-25T15:39:09","guid":{"rendered":"https:\/\/www.europesays.com\/fr\/203544\/"},"modified":"2025-06-25T15:39:09","modified_gmt":"2025-06-25T15:39:09","slug":"les-craintes-de-lepouse-dalban-gervaise-face-a-lirresponsabilite-penale","status":"publish","type":"post","link":"https:\/\/www.europesays.com\/fr\/203544\/","title":{"rendered":"les craintes de l\u2019\u00e9pouse d\u2019Alban Gervaise face \u00e0 l\u2019irresponsabilit\u00e9 p\u00e9nale"},"content":{"rendered":"<p><strong>EXCLUSIF &#8211; <\/strong>Le meurtrier d\u2019Alban Gervaise, Mohamed L., vient d\u2019\u00eatre d\u00e9clar\u00e9 p\u00e9nalement irresponsable et ne sera donc pas jug\u00e9. L\u2019\u00e9pouse du m\u00e9decin militaire veut ouvrir un d\u00e9bat sur la r\u00e9cidive et le suivi des patients hospitalis\u00e9s.<\/p>\n<p class=\"fig-paragraph\">\u00abJe pars chercher les enfants\u00bb, \u00e9crit\u00a0<a href=\"http:\/\/www.lefigaro.fr\/faits-divers\/s-il-est-declare-irresponsable-le-meurtrier-peut-etre-dehors-dans-un-ou-deux-ans-l-inquietude-de-l-epouse-d-alban-gervaise-tue-devant-une-ecole-catholique-a-marseille-20231004\" target=\"_blank\" data-fig-type=\"Article\" rel=\"noopener\" data-gtm-custom-categorie=\"navigation\" data-gtm-custom-action=\"crossclick\" data-gtm-custom-label=\"Contextuel\" data-gtm-event=\"customEventSPE\" data-fig-domain=\"LEFIGARO\">Alban Gervaise<\/a>\u00a0\u00e0 sa femme, Christelle, le 10 mai 2022 \u00e0 17h46. Le m\u00e9decin militaire de 40 ans doit r\u00e9cup\u00e9rer sa fille de 20 mois \u00e0 la cr\u00e8che puis ses deux gar\u00e7ons de 3 et 7 ans \u00e0 l\u2019\u00e9cole catholique S\u00e9vign\u00e9, \u00e0 Marseille. Une demi-heure plus tard, le p\u00e8re de famille n\u2019est toujours pas rentr\u00e9. Christelle Gervaise suppose d\u2019abord des bouchons puis finit par s\u2019inqui\u00e9ter.<\/p>\n<p class=\"fig-paragraph\">Son t\u00e9l\u00e9phone sonne quelques instants plus tard. Au bout du fil, le chef d\u2019\u00e9tablissement. Il lui explique que son mari a \u00e9t\u00e9 \u00abagress\u00e9 devant l\u2019\u00e9cole\u00bb et qu\u2019elle doit \u00abvenir rapidement\u00bb. Les mots r\u00e9sonnent dans sa t\u00eate. Christelle Gervaise le rappelle avant de prendre la route. Elle insiste, veut conna\u00eetre la v\u00e9rit\u00e9. On lui annonce qu\u2019il s\u2019agit d\u2019une attaque au couteau.<\/p>\n<p>Coup de couteau au c\u0153ur<\/p>\n<p class=\"fig-paragraph\">L\u2019agression a lieu alors qu\u2019Alban Gervaise se trouve dans son v\u00e9hicule avec sa fille sur le si\u00e8ge auto \u00e0 l\u2019arri\u00e8re. Soudain, un inconnu, Mohamed L., 23 ans, p\u00e9n\u00e8tre dans l\u2019habitacle c\u00f4t\u00e9 passager et l\u2019attaque avec un couteau\u2026<\/p>\n<p class=\"fig-premium-paywall__infos\">\n        Cet article est r\u00e9serv\u00e9 aux abonn\u00e9s.        Il vous reste 91% \u00e0 d\u00e9couvrir.\n    <\/p>\n<p>                <img  data- alt=\"Le Figaro\" class=\"fig-img--complete fig-img\"\/><\/p>\n<p class=\"fig-premium-paywall__title\">Vente Flash<\/p>\n<p class=\"fig-premium-paywall__subtitle\">3,99\u20ac par mois pendant 12 mois. Sans engagement.<\/p>\n<p class=\"fig-premium-paywall__connect\">\n                D\u00e9j\u00e0 abonn\u00e9\u00a0?                <a class=\"fig-premium-paywall__connect-link\" href=\"https:\/\/connect.lefigaro.fr\/login?client=horizon_web&amp;type=main&amp;redirect_uri=https%3A%2F%2Fwww.lefigaro.fr%2Ffaits-divers%2Fcomment-expliquer-a-mes-enfants-que-le-meurtrier-n-ira-pas-en-prison-les-craintes-de-l-epouse-d-alban-gervaise-face-a-l-irresponsabilite-penale-20250625\" data-js-gtm=\"{&quot;customCategorie&quot;: &quot;conversion&quot;, &quot;customAction&quot;: &quot;before_Landing_Connexion_paywall_auto&quot;, &quot;customLabel&quot;: &quot;bGVmaWdhcm8uZnJfXzFmMDRhOGYxLTZkZjYtNjEzYy1iMmRhLTgzZjJkNTA3ZGU4MF9fQXJ0aWNsZQ==_\u00abComment expliquer \u00e0 mes enfants que le meurtrier n\u2019ira pas en prison\u00a0?\u00bb\u00a0: les craintes de l\u2019\u00e9pouse d\u2019Alban Gervaise face \u00e0 l\u2019irresponsabilit\u00e9 p\u00e9nale_223&quot;, &quot;customIDSPE&quot;: &quot;bGVmaWdhcm8uZnJfXzFmMDRhOGYxLTZkZjYtNjEzYy1iMmRhLTgzZjJkNTA3ZGU4MF9fQXJ0aWNsZQ==&quot;, &quot;event&quot;: &quot;customEventSPE&quot;}\" target=\"_blank\" rel=\"noopener\"><br \/>\n                    Connectez-vous<br \/>\n                <\/a>\n            <\/p>\n","protected":false},"excerpt":{"rendered":"EXCLUSIF &#8211; Le meurtrier d\u2019Alban Gervaise, Mohamed L., vient d\u2019\u00eatre d\u00e9clar\u00e9 p\u00e9nalement irresponsable et ne sera donc pas&hellip;\n","protected":false},"author":2,"featured_media":203545,"comment_status":"","ping_status":"","sticky":false,"template":"","format":"standard","meta":{"footnotes":""},"categories":[4],"tags":[119,11,3694,34261,271,2951,3695,3696,118,1011,27,2825,1253,303,884,777,12,1072,2694,25,2949],"class_list":{"0":"post-203544","1":"post","2":"type-post","3":"status-publish","4":"format-standard","5":"has-post-thumbnail","7":"category-france","8":"tag-accident","9":"tag-actualites","10":"tag-affaires","11":"tag-alban-gervaise","12":"tag-crime","13":"tag-criminalite","14":"tag-enquetes","15":"tag-evenements","16":"tag-faits-divers","17":"tag-fr","18":"tag-france","19":"tag-insecurite","20":"tag-islamisme","21":"tag-justice","22":"tag-marseille","23":"tag-meurtre","24":"tag-news","25":"tag-police","26":"tag-proces","27":"tag-republique-francaise","28":"tag-violences"},"share_on_mastodon":{"url":"https:\/\/pubeurope.com\/@fr\/114744758519423708","error":""},"_links":{"self":[{"href":"https:\/\/www.europesays.com\/fr\/wp-json\/wp\/v2\/posts\/203544","targetHints":{"allow":["GET"]}}],"collection":[{"href":"https:\/\/www.europesays.com\/fr\/wp-json\/wp\/v2\/posts"}],"about":[{"href":"https:\/\/www.europesays.com\/fr\/wp-json\/wp\/v2\/types\/post"}],"author":[{"embeddable":true,"href":"https:\/\/www.europesays.com\/fr\/wp-json\/wp\/v2\/users\/2"}],"replies":[{"embeddable":true,"href":"https:\/\/www.europesays.com\/fr\/wp-json\/wp\/v2\/comments?post=203544"}],"version-history":[{"count":0,"href":"https:\/\/www.europesays.com\/fr\/wp-json\/wp\/v2\/posts\/203544\/revisions"}],"wp:featuredmedia":[{"embeddable":true,"href":"https:\/\/www.europesays.com\/fr\/wp-json\/wp\/v2\/media\/203545"}],"wp:attachment":[{"href":"https:\/\/www.europesays.com\/fr\/wp-json\/wp\/v2\/media?parent=203544"}],"wp:term":[{"taxonomy":"category","embeddable":true,"href":"https:\/\/www.europesays.com\/fr\/wp-json\/wp\/v2\/categories?post=203544"},{"taxonomy":"post_tag","embeddable":true,"href":"https:\/\/www.europesays.com\/fr\/wp-json\/wp\/v2\/tags?post=203544"}],"curies":[{"name":"wp","href":"https:\/\/api.w.org\/{rel}","templated":true}]}}