{"id":203556,"date":"2025-06-25T15:45:10","date_gmt":"2025-06-25T15:45:10","guid":{"rendered":"https:\/\/www.europesays.com\/fr\/203556\/"},"modified":"2025-06-25T15:45:10","modified_gmt":"2025-06-25T15:45:10","slug":"creation-du-college-des-sciences-navales-a-toulon","status":"publish","type":"post","link":"https:\/\/www.europesays.com\/fr\/203556\/","title":{"rendered":"Cr\u00e9ation du Coll\u00e8ge des Sciences navales \u00e0 Toulon"},"content":{"rendered":"<p>\n      Le P\u00f4le formation UIMM Sud et Mines Paris &#8211; PSL s\u2019unissent \u00e0 Toulon pour renforcer le potentiel scientifique et technologique en robotique marine et sous-marine.&#13;<br \/>\n&#13;<\/p>\n<p>Mines Paris \u2013 PSL, \u00e9cole d\u2019ing\u00e9nieurs de r\u00e9f\u00e9rence pour les transitions \u00e9cologiques et num\u00e9riques, et le p\u00f4le formation UIMM s\u2019unissent pour la cr\u00e9ation du Coll\u00e8ge des Sciences Navales (CSN) \u00e0 Toulon, un nouveau centre de recherche commun d\u00e9di\u00e9 \u00e0 la robotique marine et sous-marine adoss\u00e9 \u00e0 l\u2019\u00c9cole des Industries Avanc\u00e9es, et charg\u00e9 de coordonner les activit\u00e9s de R&amp;D et de garantir la formation par la recherche.<\/p>\n<p>La r\u00e9gion Provence-Alpes-C\u00f4te d\u2019Azur est une terre d\u2019ing\u00e9nierie. Deuxi\u00e8me territoire dans la part du PIB national, premi\u00e8re r\u00e9gion militaire de fran\u00e7aise, elle dispose d\u2019un important \u00e9cosyst\u00e8me industriel tourn\u00e9 vers la recherche et le d\u00e9veloppement avec plusieurs projets d\u2019implantations. Dans un contexte de p\u00e9nurie nationale des comp\u00e9tences, elle a d\u00e9cid\u00e9 un \u00ab plan Sud ing\u00e9nieurs \u00bb avec l\u2019ambition de dipl\u00f4mer 1000 ing\u00e9nieurs de plus par an en 2030.<\/p>\n<p>Fort de ses partenariats historiques avec les \u00e9coles d\u2019ing\u00e9nieurs, l\u2019UIMM Alpes-M\u00e9diterran\u00e9e a d\u00e9cid\u00e9 la cr\u00e9ation d\u2019une nouvelle grande \u00e9cole de l\u2019industrie : l\u2019\u00c9cole des Industries Avanc\u00e9es \u2013 EDEIA. Soutenue par Industrie M\u00e9diterran\u00e9e et France industrie &#8211; Provence-Alpes-C\u00f4te d\u2019Azur, l\u2019\u00c9cole a demand\u00e9 \u00e0 la Commission des Titres d\u2019ing\u00e9nieurs une autorisation d\u2019ouverture de ses premi\u00e8res formations \u00e0 la rentr\u00e9e 2027 \u00e0 Toulon.<\/p>\n<p>Le partenariat sign\u00e9 avec Mines Paris &#8211; PSL le 25 juin \u00e0 l\u2019occasion du Mines Paris Research Day, pr\u00e9voit la cocr\u00e9ation d\u2019un Coll\u00e8ge des sciences navales ax\u00e9 sur les drones et syst\u00e8mes autonomes marins et sous-marins. Premi\u00e8re nationale dans ce domaine strat\u00e9gique, la cr\u00e9ation de ce centre de recherche est rendue possible gr\u00e2ce \u00e0 l\u2019appui de l\u2019\u00e9cosyst\u00e8me industriel et militaire de Toulon.<\/p>\n<p>Mines Paris &#8211; PSL pilotera les travaux de recherche dans le domaine de la robotique marine et sous-marine. Elle apportera ainsi son expertise dans l\u2019adossement des activit\u00e9s p\u00e9dagogiques \u00e0 la recherche partenariale. Elle prendra enfin part aux instances de gouvernance de l\u2019EDEIA. Ce partenariat s\u2019inscrit pleinement dans la mission de Mines Paris &#8211; PSL de soutien \u00e0 l\u2019industrie par la recherche partenariale, dans la strat\u00e9gie de d\u00e9veloppement de ses activit\u00e9s li\u00e9es \u00e0 la d\u00e9fense et \u00e0 la s\u00e9curit\u00e9, ainsi que dans le rayonnement croissant des actions men\u00e9es au service de la r\u00e9gion Sud depuis son campus Pierre-Laffitte \u00e0 Sophia-Antipolis.<\/p>\n<p>\u00ab La cr\u00e9ation de notre premier Coll\u00e8ge sur les sciences navales est l\u2019union de la premi\u00e8re branche de l\u2019industrie fran\u00e7aise et de la premi\u00e8re \u00e9cole industrielle de France au sein d\u2019un des premiers ports scientifiques, industriel et militaire d\u2019Europe. \u00bb Herv\u00e9 Guillou, pr\u00e9sident de l\u2019\u00c9cole des Industries Avanc\u00e9es<\/p>\n<p>\u00ab Le Coll\u00e8ge des Sciences navales illustre notre conviction profonde : c\u2019est dans l\u2019alliance entre l\u2019excellence acad\u00e9mique et la pertinence industrielle que naissent les grandes innovations. Avec ce partenariat, Mines Paris \u2013 PSL s\u2019engage pour coconstruire, aux c\u00f4t\u00e9s des acteurs \u00e9conomiques et strat\u00e9giques, les technologies marines de demain, au service de la souverainet\u00e9 et de la comp\u00e9titivit\u00e9 de la France et de l\u2019Europe. \u00bb Godefroy Beauvallet, directeur g\u00e9n\u00e9ral de Mines Paris \u2013 PSL<\/p>\n<p><strong>Communiqu\u00e9 de Mines Paris \u2013 PSL et de l\u2019UIMM, le 26\/06\/2025<\/strong><\/p>\n","protected":false},"excerpt":{"rendered":"Le P\u00f4le formation UIMM Sud et Mines Paris &#8211; PSL s\u2019unissent \u00e0 Toulon pour renforcer le potentiel scientifique&hellip;\n","protected":false},"author":2,"featured_media":203557,"comment_status":"","ping_status":"","sticky":false,"template":"","format":"standard","meta":{"footnotes":""},"categories":[9619],"tags":[1111,11,6130,6141,6131,6138,2380,6135,554,1777,6136,674,1011,27,6139,6134,3135,6128,567,6129,6127,12,6132,4838,882,6133,25,6140,6137,2310],"class_list":{"0":"post-203556","1":"post","2":"type-post","3":"status-publish","4":"format-standard","5":"has-post-thumbnail","7":"category-toulon","8":"tag-actu","9":"tag-actualites","10":"tag-chantiers","11":"tag-commando","12":"tag-construction-navale","13":"tag-costa","14":"tag-croisiere","15":"tag-dcns","16":"tag-defense","17":"tag-eu","18":"tag-euronaval","19":"tag-europe","20":"tag-fr","21":"tag-france","22":"tag-fremm","23":"tag-interviews","24":"tag-littoral","25":"tag-marine","26":"tag-marine-nationale","27":"tag-maritime","28":"tag-mer","29":"tag-news","30":"tag-offshore","31":"tag-peche","32":"tag-provence-alpes-cote-dazur","33":"tag-reportages","34":"tag-republique-francaise","35":"tag-sncm","36":"tag-stx","37":"tag-toulon"},"share_on_mastodon":{"url":"https:\/\/pubeurope.com\/@fr\/114744782190090063","error":""},"_links":{"self":[{"href":"https:\/\/www.europesays.com\/fr\/wp-json\/wp\/v2\/posts\/203556","targetHints":{"allow":["GET"]}}],"collection":[{"href":"https:\/\/www.europesays.com\/fr\/wp-json\/wp\/v2\/posts"}],"about":[{"href":"https:\/\/www.europesays.com\/fr\/wp-json\/wp\/v2\/types\/post"}],"author":[{"embeddable":true,"href":"https:\/\/www.europesays.com\/fr\/wp-json\/wp\/v2\/users\/2"}],"replies":[{"embeddable":true,"href":"https:\/\/www.europesays.com\/fr\/wp-json\/wp\/v2\/comments?post=203556"}],"version-history":[{"count":0,"href":"https:\/\/www.europesays.com\/fr\/wp-json\/wp\/v2\/posts\/203556\/revisions"}],"wp:featuredmedia":[{"embeddable":true,"href":"https:\/\/www.europesays.com\/fr\/wp-json\/wp\/v2\/media\/203557"}],"wp:attachment":[{"href":"https:\/\/www.europesays.com\/fr\/wp-json\/wp\/v2\/media?parent=203556"}],"wp:term":[{"taxonomy":"category","embeddable":true,"href":"https:\/\/www.europesays.com\/fr\/wp-json\/wp\/v2\/categories?post=203556"},{"taxonomy":"post_tag","embeddable":true,"href":"https:\/\/www.europesays.com\/fr\/wp-json\/wp\/v2\/tags?post=203556"}],"curies":[{"name":"wp","href":"https:\/\/api.w.org\/{rel}","templated":true}]}}