{"id":203566,"date":"2025-06-25T15:52:12","date_gmt":"2025-06-25T15:52:12","guid":{"rendered":"https:\/\/www.europesays.com\/fr\/203566\/"},"modified":"2025-06-25T15:52:12","modified_gmt":"2025-06-25T15:52:12","slug":"isere-une-chaleur-presque-record-a-grenoble","status":"publish","type":"post","link":"https:\/\/www.europesays.com\/fr\/203566\/","title":{"rendered":"Is\u00e8re. Une chaleur (presque) record \u00e0 Grenoble"},"content":{"rendered":"<p>Il s\u2019en est fallu de deux dixi\u00e8mes de degr\u00e9s pour que le record de chaleur en juin \u00e0 Grenoble ne tombe. \u00c0 16\u00a0h\u00a018, la station m\u00e9t\u00e9o du CEA recensait ainsi 38,4\u00a0\u00b0C ce mercredi\u2026<\/p>\n<p>Le (triste) record date, lui, du 18\u00a0juin 2022\u00a0: ce jour-l\u00e0, le thermom\u00e8tre avait atteint la barre maximale de 38,6\u00a0\u00b0C. Un record tout relatif puisque la station m\u00e9t\u00e9o du CEA <a href=\"https:\/\/www.ledauphine.com\/isere-sud\/2019\/10\/03\/grenoble-a-(enfin)-une-station-meteo\" target=\"_blank\" rel=\"noopener\">ne date que de 2019<\/a> et que, jusqu\u2019alors, c\u2019est au Versoud et \u00e0 Saint-Etienne-de-Saint-Geoirs que l\u2019on mesurait les temp\u00e9ratures grenobloises\u00a0! Or, et la journ\u00e9e de mercredi l\u2019a encore montr\u00e9, un \u00e0 trois degr\u00e9s s\u00e9parent (selon les heures) la capitale des Alpes de ces deux communes.<\/p>\n<p>Pour autant, la chaleur s\u2019est comme pr\u00e9vu abattue sur la ville puisque l\u2019on a enregistr\u00e9 un minimum de 19,6\u00a0\u00b0C \u00e0 5 heures du matin. Et c\u2019est all\u00e9 crescendo ensuite jusqu\u2019\u00e0 atteindre donc 38,4\u00a0\u00b0C dans l\u2019apr\u00e8s-midi.<\/p>\n<p>Ce contenu est bloqu\u00e9 car vous n&rsquo;avez pas accept\u00e9 les cookies et autres traceurs.<\/p>\n<p>En cliquant sur \u00ab J\u2019accepte \u00bb, les cookies et autres traceurs seront d\u00e9pos\u00e9s et vous pourrez visualiser les contenus  (<a href=\"\" class=\"consentModule_policy\" target=\"_blank\" title=\"Consulter la politique de protection des donn\u00e9es du fournisseur\">plus d&rsquo;informations<\/a>).<\/p>\n<p>En cliquant sur \u00ab J\u2019accepte tous les cookies \u00bb, vous autorisez des d\u00e9p\u00f4ts de cookies et autres traceurs pour le stockage de vos donn\u00e9es sur nos sites et applications \u00e0 des fins de personnalisation et de ciblage publicitaire.<\/p>\n<p class=\"consentModule_secondaryText\">Vous gardez la possibilit\u00e9 de retirer votre consentement \u00e0 tout moment en consultant notre <a href=\"https:\/\/www.ledauphine.com\/protection-des-donnees\" target=\"_blank\" title=\"Consulter notre politique de protection des donn\u00e9es\" rel=\"noopener\">politique de protection des donn\u00e9es<\/a>. <br \/>&#13;<br \/>\n            <a href=\"https:\/\/www.ledauphine.com\/environnement\/2025\/06\/25\/javascript:Didomi.notice.show()\" class=\"consentModule_cmp\" target=\"_blank\" rel=\"noopener\">G\u00e9rer mes choix<\/a>&#13;\n        <\/p>\n<p>&#13;<br \/>\n                        J&rsquo;accepte&#13;<br \/>\n            J&rsquo;accepte tous les cookies&#13;\n        <\/p>\n<p>  Coublevie \u00e9galement \u00e9cras\u00e9e de chaleur<\/p>\n<p>La m\u00eame chaleur, au dixi\u00e8me de degr\u00e9 pr\u00e8s, a \u00e9galement touch\u00e9 Coublevie (\u00e0 17 heures). \u00c0 la m\u00eame heure, on enregistrait 16,8\u00a0\u00b0C \u00e0 la station des \u00c9crins. Elle se situe \u00e0\u2026 2940 m\u00e8tres d\u2019altitude.<\/p>\n<p><a href=\"https:\/\/www.ledauphine.com\/environnement\/2025\/06\/20\/isere-l-isere-en-vigilance-canicule-des-temperatures-qui-ne-sont-pas-pretes-de-tomber\" target=\"_blank\" rel=\"noopener\">Si l\u2019\u00e9pisode de canicule<\/a> se met en pause jeudi et vendredi, \u00e7a devrait malheureusement repartir \u00e0 la hausse d\u00e8s samedi, et pour plusieurs jours.<\/p>\n","protected":false},"excerpt":{"rendered":"Il s\u2019en est fallu de deux dixi\u00e8mes de degr\u00e9s pour que le record de chaleur en juin \u00e0&hellip;\n","protected":false},"author":2,"featured_media":203567,"comment_status":"","ping_status":"","sticky":false,"template":"","format":"standard","meta":{"footnotes":""},"categories":[9566],"tags":[1111,11,2430,6698,768,112,436,1777,674,1011,27,2731,2732,108,12,5140,25],"class_list":{"0":"post-203566","1":"post","2":"type-post","3":"status-publish","4":"format-standard","5":"has-post-thumbnail","7":"category-grenoble","8":"tag-actu","9":"tag-actualites","10":"tag-auvergne-rhone-alpes","11":"tag-canicule","12":"tag-coublevie","13":"tag-edition-grenoble-agglomeration","14":"tag-environnement","15":"tag-eu","16":"tag-europe","17":"tag-fr","18":"tag-france","19":"tag-grenoble","20":"tag-grenoble-bassin","21":"tag-isere","22":"tag-news","23":"tag-rechauffement-climatique","24":"tag-republique-francaise"},"share_on_mastodon":{"url":"https:\/\/pubeurope.com\/@fr\/114744809402422960","error":""},"_links":{"self":[{"href":"https:\/\/www.europesays.com\/fr\/wp-json\/wp\/v2\/posts\/203566","targetHints":{"allow":["GET"]}}],"collection":[{"href":"https:\/\/www.europesays.com\/fr\/wp-json\/wp\/v2\/posts"}],"about":[{"href":"https:\/\/www.europesays.com\/fr\/wp-json\/wp\/v2\/types\/post"}],"author":[{"embeddable":true,"href":"https:\/\/www.europesays.com\/fr\/wp-json\/wp\/v2\/users\/2"}],"replies":[{"embeddable":true,"href":"https:\/\/www.europesays.com\/fr\/wp-json\/wp\/v2\/comments?post=203566"}],"version-history":[{"count":0,"href":"https:\/\/www.europesays.com\/fr\/wp-json\/wp\/v2\/posts\/203566\/revisions"}],"wp:featuredmedia":[{"embeddable":true,"href":"https:\/\/www.europesays.com\/fr\/wp-json\/wp\/v2\/media\/203567"}],"wp:attachment":[{"href":"https:\/\/www.europesays.com\/fr\/wp-json\/wp\/v2\/media?parent=203566"}],"wp:term":[{"taxonomy":"category","embeddable":true,"href":"https:\/\/www.europesays.com\/fr\/wp-json\/wp\/v2\/categories?post=203566"},{"taxonomy":"post_tag","embeddable":true,"href":"https:\/\/www.europesays.com\/fr\/wp-json\/wp\/v2\/tags?post=203566"}],"curies":[{"name":"wp","href":"https:\/\/api.w.org\/{rel}","templated":true}]}}