{"id":203573,"date":"2025-06-25T15:56:10","date_gmt":"2025-06-25T15:56:10","guid":{"rendered":"https:\/\/www.europesays.com\/fr\/203573\/"},"modified":"2025-06-25T15:56:10","modified_gmt":"2025-06-25T15:56:10","slug":"politique-le-jumelage-entre-strasbourg-et-boston-en-debat","status":"publish","type":"post","link":"https:\/\/www.europesays.com\/fr\/203573\/","title":{"rendered":"Politique. Le jumelage entre Strasbourg et Boston en d\u00e9bat"},"content":{"rendered":"<p>Le jumelage entre Strasbourg et Boston remis en question\u00a0? Ce mercredi 25\u00a0juin, le conseil municipal de la ville am\u00e9ricaine doit examiner une motion, d\u00e9pos\u00e9e par l\u2019opposition, exigeant sa \u00ab\u00a0suspension\u00a0\u00bb tant que Strasbourg n\u2019aura pas \u00ab\u00a0r\u00e9affirm\u00e9 son attachement au droit d\u2019Isra\u00ebl \u00e0 exister\u00a0\u00bb.<\/p>\n<p>\u00c0 l\u2019origine de cette motion, le conseiller municipal de Boston Ed Flynn pointe deux d\u00e9cisions de <a href=\"https:\/\/www.dna.fr\/p\/jeanne-barseghian\" target=\"_blank\" rel=\"noopener\">Jeanne Barseghian<\/a> (Les \u00c9cologistes)\u00a0: le gel du jumelage avec la ville isra\u00e9lienne de Ramat Gan \u2013 \u00ab\u00a0sans vote du conseil municipal\u00a0\u00bb \u2013 et une photo pol\u00e9mique de la maire posant avec une carte de la r\u00e9gion o\u00f9 Isra\u00ebl n\u2019appara\u00eet pas.<\/p>\n<p>Ces actes enverraient \u00ab\u00a0un message pour le moins perturbant\u00a0\u00bb aux \u00ab\u00a0communaut\u00e9s juives de Strasbourg et du monde\u00a0\u00bb, niant le droit \u00e0 l\u2019existence de l\u2018\u00c9tat h\u00e9breu, affirme le texte de l\u2019\u00e9lu d\u00e9mocrate. Une r\u00e9solution brandie ce <a href=\"https:\/\/www.dna.fr\/politique\/2025\/06\/23\/jumelage-avec-le-camp-d-aida-manifestation-alors-que-se-tient-le-conseil-municipal\" target=\"_blank\" rel=\"noopener\">lundi en conseil municipal \u00e0 Strasbourg<\/a> par la conseill\u00e8re d\u2019opposition Gabrielle Rosner-Bloch (UDC), lors des d\u00e9bats <a href=\"https:\/\/www.dna.fr\/politique\/2025\/06\/24\/vetter-(lr)-obtient-le-degel-du-jumelage-avec-ramat-gan\" target=\"_blank\" rel=\"noopener\">sur un possible d\u00e9gel du jumelage avec Ramat-Gan<\/a>.<\/p>\n<p>Joints par mail et via le site de la ville, ni Ed Flynn, ni la mairie de Boston n\u2019ont donn\u00e9 suite \u00e0 nos demandes d\u2019interview.<\/p>\n","protected":false},"excerpt":{"rendered":"Le jumelage entre Strasbourg et Boston remis en question\u00a0? Ce mercredi 25\u00a0juin, le conseil municipal de la ville&hellip;\n","protected":false},"author":2,"featured_media":203574,"comment_status":"","ping_status":"","sticky":false,"template":"","format":"standard","meta":{"footnotes":""},"categories":[2820],"tags":[1111,11,2389,2649,1984,2880,1777,674,107,1011,27,775,12,316,25,640,2879],"class_list":{"0":"post-203573","1":"post","2":"type-post","3":"status-publish","4":"format-standard","5":"has-post-thumbnail","7":"category-strasbourg","8":"tag-actu","9":"tag-actualites","10":"tag-alsace","11":"tag-bas-rhin","12":"tag-conseil-municipal","13":"tag-edition-strasbourg","14":"tag-eu","15":"tag-europe","16":"tag-fil-info","17":"tag-fr","18":"tag-france","19":"tag-grand-est","20":"tag-news","21":"tag-politique","22":"tag-republique-francaise","23":"tag-strasbourg","24":"tag-strasbourg-ville"},"share_on_mastodon":{"url":"https:\/\/pubeurope.com\/@fr\/114744825191309610","error":""},"_links":{"self":[{"href":"https:\/\/www.europesays.com\/fr\/wp-json\/wp\/v2\/posts\/203573","targetHints":{"allow":["GET"]}}],"collection":[{"href":"https:\/\/www.europesays.com\/fr\/wp-json\/wp\/v2\/posts"}],"about":[{"href":"https:\/\/www.europesays.com\/fr\/wp-json\/wp\/v2\/types\/post"}],"author":[{"embeddable":true,"href":"https:\/\/www.europesays.com\/fr\/wp-json\/wp\/v2\/users\/2"}],"replies":[{"embeddable":true,"href":"https:\/\/www.europesays.com\/fr\/wp-json\/wp\/v2\/comments?post=203573"}],"version-history":[{"count":0,"href":"https:\/\/www.europesays.com\/fr\/wp-json\/wp\/v2\/posts\/203573\/revisions"}],"wp:featuredmedia":[{"embeddable":true,"href":"https:\/\/www.europesays.com\/fr\/wp-json\/wp\/v2\/media\/203574"}],"wp:attachment":[{"href":"https:\/\/www.europesays.com\/fr\/wp-json\/wp\/v2\/media?parent=203573"}],"wp:term":[{"taxonomy":"category","embeddable":true,"href":"https:\/\/www.europesays.com\/fr\/wp-json\/wp\/v2\/categories?post=203573"},{"taxonomy":"post_tag","embeddable":true,"href":"https:\/\/www.europesays.com\/fr\/wp-json\/wp\/v2\/tags?post=203573"}],"curies":[{"name":"wp","href":"https:\/\/api.w.org\/{rel}","templated":true}]}}