{"id":203579,"date":"2025-06-25T15:59:26","date_gmt":"2025-06-25T15:59:26","guid":{"rendered":"https:\/\/www.europesays.com\/fr\/203579\/"},"modified":"2025-06-25T15:59:26","modified_gmt":"2025-06-25T15:59:26","slug":"face-a-la-colere-des-commercants-du-marche-de-talensac-la-ville-de-nantes-reagit","status":"publish","type":"post","link":"https:\/\/www.europesays.com\/fr\/203579\/","title":{"rendered":"Face \u00e0 la col\u00e8re des commer\u00e7ants du march\u00e9 de Talensac, la Ville de Nantes r\u00e9agit"},"content":{"rendered":"<p>            Par<br \/>\n        <strong><br \/>\n            <a href=\"https:\/\/actu.fr\/auteur\/laure-gentil\" title=\"Consulter tous les articles de Laure Gentil\" rel=\"nofollow noopener\" target=\"_blank\">Laure Gentil<\/a><br \/>\n        <\/strong><\/p>\n<p>        Publi\u00e9 le<\/p>\n<p>            25 juin 2025 \u00e0 15h59        <\/p>\n<p>Il y a une semaine de cela, actu Nantes\u00a0rapportait les <a href=\"https:\/\/actu.fr\/pays-de-la-loire\/nantes_44109\/sale-et-abimee-a-nantes-le-ras-le-bol-des-commercants-du-marche-de-talensac-face-a-l-etat-de-la-halle_62763272.html\" rel=\"nofollow noopener\" target=\"_blank\">critiques des commer\u00e7ants du <strong>march\u00e9 de Talensac<\/strong> qui d\u00e9crivait la halle comme \u00ab\u2009sale\u2009\u00bb et \u00ab\u2009ab\u00eem\u00e9e\u2009\u00bb.<\/a> Ludovic Condroyer, responsable de la Fromagerie Beillevaire \u00e0 Talensac, avait d\u00e9nonc\u00e9 dans une vid\u00e9o diffus\u00e9e par NTV Media, d\u00e9but juin\u00a02025, l\u2019\u00e9tat du march\u00e9. Une <strong>p\u00e9tition<\/strong> a m\u00eame \u00e9t\u00e9 lanc\u00e9e pour exprimer \u00ab\u2009un ras-le-bol g\u00e9n\u00e9ral\u2009\u00bb, avait expliqu\u00e9 le fromager \u00e0 actu Nantes. Le manque d\u2019\u00e9coute de la part de la mairie avait aussi \u00e9t\u00e9 soulev\u00e9.<\/p>\n<p class=\" wall-content\">La Ville de Nantes a toutefois d\u00e9cid\u00e9 de r\u00e9agir et a publi\u00e9 diverses annonces ce mercredi 25\u00a0juin 2025 dans un <strong>communiqu\u00e9 de presse<\/strong> transmis \u00e0 la r\u00e9daction.<\/p>\n<p>Une action \u00ab\u2009Halle propre\u2009\u00bb<\/p>\n<p class=\" wall-content\"><strong>Bassem Asseh,<\/strong> premier adjoint \u00e0 la maire de Nantes a indiqu\u00e9 avoir re\u00e7u ce mercredi, avec <strong>Herv\u00e9 Fournier<\/strong> adjoint aux march\u00e9s et <strong>Gildas Sala\u00fcn<\/strong>, adjoint aux commerces, l\u2019association des commer\u00e7ants de Talensac \u00ab\u2009afin de faire le point\u2009\u00bb.<\/p>\n<blockquote class=\"ac-article-quote wall-content\">\n<p>Alors que, sur ce mandat, nous avons d\u00e9j\u00e0 consacr\u00e9 637 000 euros \u00e0 Talensac, nous annon\u00e7ons la mise en place de nouvelles actions suppl\u00e9mentaires imm\u00e9diates. Une action \u00ab\u00a0Halle Propre\u00a0\u00bb sera en particulier effectu\u00e9e chaque lundi de juillet, sans interruption du fonctionnement habituel du march\u00e9.<\/p>\n<p>    <strong>Bassem Asseh<\/strong>\n            <\/p><\/blockquote>\n<p class=\" wall-content\">Ces <strong>nettoyages compl\u00e9mentaires<\/strong> tous les lundis incluront \u00ab\u2009le d\u00e9capage des sols et la reprise en profondeur des parties techniques du march\u00e9 (rails, canalisations, \u00e9vacuations, W.-C, etc.), le curage des captages d\u2019eau, le d\u00e9capage et la surpression en profondeur des locaux \u00e0 d\u00e9chets\u2009\u00bb, pr\u00e9cise la Ville de Nantes dans son communiqu\u00e9. Il n\u2019y aura <strong>pas d\u2019interruption du fonctionnement<\/strong> du march\u00e9, le nettoyage se fera \u00ab\u2009par \u00e9tapes\u2009\u00bb.<\/p>\n<p>Vid\u00e9os : en ce moment sur Actu<\/p>\n<p class=\" wall-content\">\u00c0 partir du mois de <strong>f\u00e9vrier\u00a02026<\/strong>, \u00ab\u2009le r\u00e9seau d\u2019alimentation en eaux potables sera int\u00e9gralement remplac\u00e9\u2009\u00bb, notifie la municipalit\u00e9. \u00ab\u2009Cette p\u00e9riode d\u2019intervention a \u00e9t\u00e9 d\u00e9finie en concertation avec l\u2019association des commer\u00e7ants de Talensac\u2009\u00bb, poursuit la collectivit\u00e9.<\/p>\n<p>Le probl\u00e8me des d\u00e9p\u00f4ts sauvages<\/p>\n<p class=\" wall-content\">Les commer\u00e7ants avaient aussi signal\u00e9 un probl\u00e8me important de <strong>tri des d\u00e9chets.<\/strong> \u00ab\u2009En \u00e9t\u00e9, au niveau des bennes, il y a des gu\u00eapes et des frelons. On ne peut pas s\u2019approcher\u2009\u00bb a assur\u00e9 Patrick Albera, pr\u00e9sident de l\u2019association des commer\u00e7ants du march\u00e9 de Talensac, \u00e0\u00a0actu Nantes le 13\u00a0juin dernier.<\/p>\n<p class=\" wall-content\">De plus, Mathieu Perez, directeur du p\u00f4le de proximit\u00e9 Nantes Centralit\u00e9, a constat\u00e9 la pr\u00e9sence de \u00ab\u2009d\u00e9p\u00f4ts sauvages\u2009\u00bb au niveau des deux caissons install\u00e9s pour trier les d\u00e9chets secs.<\/p>\n<p class=\" wall-content\">Cette derni\u00e8re remarque, la Ville de Nantes y r\u00e9pond dans son communiqu\u00e9 en indiquant vouloir <strong>fermer la zone accueillant les d\u00e9chets<\/strong>.<\/p>\n<blockquote class=\"ac-article-quote wall-content\">\n<p>La zone ne sera accessible qu\u2019aux seuls commer\u00e7ants du march\u00e9, ce qui \u00e9vitera les m\u00e9susages constat\u00e9s.<\/p>\n<p>    <strong>Ville de Nantes<\/strong>\n            <\/p><\/blockquote>\n<p class=\" wall-content\">Les <strong>travaux<\/strong> sont \u00ab\u2009d\u00e9j\u00e0 programm\u00e9s\u2009\u00bb et \u00ab\u2009commenceront d\u00e8s cet \u00e9t\u00e9 pour se terminer au cours du deuxi\u00e8me semestre 2025\u2009\u00bb.<\/p>\n<p>Commissions et projet<\/p>\n<p class=\" wall-content\">\u00c0 compter de septembre, les \u00ab\u2009commissions techniques\u2009\u00bb se tiendront \u00e0 Talensac pour aborder \u00ab\u2009d\u2019une mani\u00e8re pragmatique l\u2019ensemble des sujets techniques du quotidien\u2009\u00bb et \u00ab\u2009proposer des solutions concr\u00e8tes et efficaces\u2009\u00bb.<\/p>\n<p class=\" wall-content\">La Ville informe aussi qu\u2019\u00e0 \u00ab\u2009moyen terme, le <strong>projet du futur march\u00e9<\/strong> de Talensac sera travaill\u00e9 avec les commer\u00e7ants, les partenaires et les habitants, en coh\u00e9rence avec un projet urbain r\u00e9unissant des lieux aussi strat\u00e9giques que sont la place Bretagne, <a href=\"https:\/\/actu.fr\/pays-de-la-loire\/nantes_44109\/tour-bretagne-a-nantes-une-transformation-en-marche-voici-le-projet-en-images_61896926.html\" rel=\"nofollow noopener\" target=\"_blank\">la future Tour Bretagne<\/a> et la halle Talensac\u2009\u00bb.<\/p>\n<p class=\" wall-content\">\u00ab\u2009Nous avons appr\u00e9ci\u00e9 d\u2019avoir \u00e9t\u00e9 re\u00e7us et \u00e9cout\u00e9s\u2009: cet \u00e9change a permis d\u2019avancer concr\u00e8tement et dans un bon esprit\u2009\u00bb, a r\u00e9agi <strong>Patrick Albera<\/strong>, pr\u00e9sident de l\u2019association des commer\u00e7ants du march\u00e9 de Talensac.<\/p>\n<p class=\" wall-content\">\u00ab\u2009Des d\u00e9cisions importantes ont \u00e9t\u00e9 prises, et un premier planning a vu le jour. C\u2019est un cap encourageant\u2009\u00bb, ajoute le pr\u00e9sident. Patrick Albera promet n\u00e9anmoins que l\u2019association restera attentive \u00e0 la suite.<\/p>\n<p class=\" wall-content\">Suivez toute l\u2019actualit\u00e9 de vos villes et m\u00e9dias favoris en vous inscrivant \u00e0 <a href=\"https:\/\/moncompte.actu.fr\" title=\"D\u00e9couvez Mon Actu\" rel=\"nofollow noopener\" data-trk=\"{&quot;cta&quot;:{&quot;action&quot;:&quot;https:\\\/\\\/moncompte.actu.fr&quot;,&quot;category&quot;:&quot;mon compte&quot;,&quot;from&quot;:&quot;article footer&quot;,&quot;name&quot;:&quot;Mon actu&quot;,&quot;type&quot;:&quot;cta&quot;}}\" target=\"_blank\">Mon Actu<\/a>.<\/p>\n","protected":false},"excerpt":{"rendered":"Par Laure Gentil Publi\u00e9 le 25 juin 2025 \u00e0 15h59 Il y a une semaine de cela, actu&hellip;\n","protected":false},"author":2,"featured_media":203580,"comment_status":"","ping_status":"","sticky":false,"template":"","format":"standard","meta":{"footnotes":""},"categories":[2818],"tags":[1111,11,215,1777,674,1011,27,766,12,2636,25,104,2086],"class_list":{"0":"post-203579","1":"post","2":"type-post","3":"status-publish","4":"format-standard","5":"has-post-thumbnail","7":"category-nantes","8":"tag-actu","9":"tag-actualites","10":"tag-commerce","11":"tag-eu","12":"tag-europe","13":"tag-fr","14":"tag-france","15":"tag-nantes","16":"tag-news","17":"tag-pays-de-la-loire","18":"tag-republique-francaise","19":"tag-societe","20":"tag-travaux"},"share_on_mastodon":{"url":"https:\/\/pubeurope.com\/@fr\/114744837333757750","error":""},"_links":{"self":[{"href":"https:\/\/www.europesays.com\/fr\/wp-json\/wp\/v2\/posts\/203579","targetHints":{"allow":["GET"]}}],"collection":[{"href":"https:\/\/www.europesays.com\/fr\/wp-json\/wp\/v2\/posts"}],"about":[{"href":"https:\/\/www.europesays.com\/fr\/wp-json\/wp\/v2\/types\/post"}],"author":[{"embeddable":true,"href":"https:\/\/www.europesays.com\/fr\/wp-json\/wp\/v2\/users\/2"}],"replies":[{"embeddable":true,"href":"https:\/\/www.europesays.com\/fr\/wp-json\/wp\/v2\/comments?post=203579"}],"version-history":[{"count":0,"href":"https:\/\/www.europesays.com\/fr\/wp-json\/wp\/v2\/posts\/203579\/revisions"}],"wp:featuredmedia":[{"embeddable":true,"href":"https:\/\/www.europesays.com\/fr\/wp-json\/wp\/v2\/media\/203580"}],"wp:attachment":[{"href":"https:\/\/www.europesays.com\/fr\/wp-json\/wp\/v2\/media?parent=203579"}],"wp:term":[{"taxonomy":"category","embeddable":true,"href":"https:\/\/www.europesays.com\/fr\/wp-json\/wp\/v2\/categories?post=203579"},{"taxonomy":"post_tag","embeddable":true,"href":"https:\/\/www.europesays.com\/fr\/wp-json\/wp\/v2\/tags?post=203579"}],"curies":[{"name":"wp","href":"https:\/\/api.w.org\/{rel}","templated":true}]}}