{"id":203589,"date":"2025-06-25T16:04:21","date_gmt":"2025-06-25T16:04:21","guid":{"rendered":"https:\/\/www.europesays.com\/fr\/203589\/"},"modified":"2025-06-25T16:04:21","modified_gmt":"2025-06-25T16:04:21","slug":"il-va-bientot-fermer-pour-un-tout-autre-projet","status":"publish","type":"post","link":"https:\/\/www.europesays.com\/fr\/203589\/","title":{"rendered":"il va bient\u00f4t fermer pour un tout autre projet"},"content":{"rendered":"<p>            Par<br \/>\n        <strong><br \/>\n            <a href=\"https:\/\/actu.fr\/auteur\/mareva-laville-actu-fr\" title=\"Consulter tous les articles de Mar\u00e9va Laville\" rel=\"nofollow noopener\" target=\"_blank\">Mar\u00e9va Laville<\/a><br \/>\n        <\/strong><\/p>\n<p>        Publi\u00e9 le<\/p>\n<p>            25 juin 2025 \u00e0 17h22        <\/p>\n<p>Le spot est connu de toutes les \u00e2mes d\u2019artistes et les amateurs de <strong>brunch<\/strong> du dimanche (et pas seulement\u2009!). Bon nombre de m\u00e9dias l\u2019avaient m\u00eame plac\u00e9 dans le Top\u00a010 des meilleurs <strong>brunchs de <a href=\"http:\/\/www.actu.fr\/toulouse\" rel=\"nofollow noopener\" target=\"_blank\">Toulouse<\/a><\/strong>. Il va falloir en profiter\u2026 Le <strong>salon de th\u00e9<\/strong> qui m\u00eale cuisine et art, <strong>Art Tea Shop<\/strong>, dans la <a href=\"https:\/\/actu.fr\/occitanie\/toulouse_31555\/plus-du-double-d-augmentation-de-loyer-dans-cette-rue-de-toulouse-la-fronde-des-commercants_62383750.html\" rel=\"nofollow noopener\" target=\"_blank\">rue des Lois<\/a>, s\u2019appr\u00eate \u00e0 cl\u00f4turer son aventure, presque six ans apr\u00e8s son ouverture. \u00ab\u2009Il faut savoir partir au bon moment\u2009\u00bb, confie avec le sourire la fondatrice, <strong>Morgane Comte,<\/strong> \u00e0 Actu Toulouse.<br \/><strong>Le 1\u1d49\u02b3 septembre 2025,<\/strong> l\u2019entrepreneuse de 32\u00a0ans, qui g\u00e8re \u00e9galement la guinguette du mus\u00e9e Saint-Raymond, tournera la page d\u2019une belle histoire, pour en ouvrir une autre, tout aussi tr\u00e9pidante\u2009!<\/p>\n<p>La fondatrice d\u2019Art Tea Shop s\u2019\u00e9lance dans un nouveau projet<br \/>\n    <img   decoding=\"async\" loading=\"lazy\" src=\"https:\/\/www.europesays.com\/fr\/wp-content\/uploads\/2025\/06\/1000057193-960x640.jpg\" alt=\"Morgane Comte, fondatrice d'Art Tea Shop \u00e0 Toulouse, fermera la cl\u00e9 de son salon de th\u00e9 et lieu artistique.\" width=\"960\" height=\"640\"\/><br \/>\n    Morgane Comte, fondatrice d\u2019Art Tea Shop \u00e0 Toulouse, fermera la cl\u00e9 de son salon de th\u00e9 et lieu artistique. (\u00a9DR \/ Sacha Boullosa)<\/p>\n<p class=\" wall-content\">Morgane Comte ne cache pas son impatience. \u00ab\u2009\u00c7a s\u2019appellera <strong>La Maison aux tr\u00e9sors\u2009\u00bb<\/strong>, pr\u00e9sente-t-elle. \u00c0 l\u2019\u00e9vocation de son nouveau projet, ses yeux brillent et sa voix chante. Morgane a d\u00e9cid\u00e9 de quitter le monde du commerce et de la restauration, qui lui a permis, au fil de son exp\u00e9rience, de s\u2019identifier davantage comme une <strong>cheffe d\u2019entreprise<\/strong> et <strong>femme d\u2019affaires.<\/strong> C\u2019est ainsi qu\u2019elle se reconna\u00eet et qu\u2019elle souhaite \u00e9voluer. Mais surtout\u2009: en y apportant du <strong>sens.<\/strong><\/p>\n<p>\u00ab\u2009Acculturer les entreprises\u2009\u00bb dans un lieu authentique<\/p>\n<p class=\" wall-content\">\u00ab\u2009Le projet, c\u2019est de fonder une <strong>maison vivante<\/strong> dans une<strong> demeure de caract\u00e8re<\/strong>. Je veux allier les sph\u00e8res \u00e9conomiques qui ne se rencontrent jamais, qu\u2019il y ait une dynamique culturelle avec des expositions sous forme de grande galerie, avec des r\u00e9sidences d\u2019artiste dans chaque pi\u00e8ce, que ce soit une maison o\u00f9 on fera des \u00e9v\u00e9nements de r\u00e9coltes de fonds et de m\u00e9c\u00e9nat, que ce soit un laboratoire entrepreneurial\u2026\u2009\u00bb, \u00e9num\u00e8re Morgane Comte. Le projet est vaste, mais surtout orient\u00e9 dans un m\u00eame sens\u2009:<strong> \u00ab\u2009acculturer les entreprises\u2009\u00bb.<\/strong><\/p>\n<blockquote class=\"ac-article-quote wall-content\">\n<p>On ne comprend pas toujours ce qu\u2019on paye, \u00e0 quoi \u00e7a sert de cr\u00e9er une soci\u00e9t\u00e9, etc. Le but serait aussi de se recentrer sur des th\u00e9matiques importantes, d&rsquo;actualit\u00e9 et de pouvoir. \u00c0 des sujets qui ont du sens. S&rsquo;interroger aussi sur comment faire avancer les choses rapidement, ailleurs, dans des pays en voie de d\u00e9veloppement ou dans des endroits o\u00f9 les sujets sont graves, en cr\u00e9ant de l&rsquo;\u00e9conomie.<\/p>\n<p>    <strong>Morgane Comte<\/strong><br \/>\n        fondatrice d&rsquo;Art Tea Shop, rue des Lois    <\/p><\/blockquote>\n<p>Partager les exp\u00e9riences et comp\u00e9tences<\/p>\n<p class=\" wall-content\">En ce sens, des conf\u00e9rences, des dialogues et du mentorat animeront la Maison aux tr\u00e9sors, ouverte du vendredi au dimanche. Membre de la commission philanthropie et m\u00e9c\u00e9nat du <strong>Medef<\/strong>, charg\u00e9e d\u2019\u00e9tude au sein du <strong>R\u00e9seau Entreprendre Occitanie <\/strong>et fondatrice du r\u00e9seau <strong>Attila Business,<\/strong> Morgane Comte entend bien puiser dans ses ressources, ses contacts, et m\u00eame ses propres clients pour partager les savoirs.<\/p>\n<p class=\" wall-content\">Dans la future Maison aux tr\u00e9sors, qui devrait na\u00eetre cet hiver en p\u00e9riph\u00e9rie toulousaine \u00ab\u2009pour l\u2019esprit garden-party\u2009\u00bb, l\u2019entrepreneuse souhaite rassembler les <strong>dirigeants et patrons de PME et TPE<\/strong>, mais aussi les jeunes pour leur donner acc\u00e8s \u00e0 ces <strong>expertises <\/strong>et que \u00ab\u2009chacun se nourrit l\u2019un de l\u2019autre\u2009\u00bb.<\/p>\n<p>\u00c9ducation financi\u00e8re, justice sociale, empowerment des femmes<\/p>\n<p class=\" wall-content\">Les th\u00e8mes \u00e9voqu\u00e9s pourront \u00eatre nombreux, tant sur le champ \u00e9conomique qu\u2019\u00e9ducatif, spirituel, psychologique, etc. \u00ab\u2009L\u2019id\u00e9e, c\u2019est d\u2019\u00e9lever le dirigeant au-del\u00e0 des th\u00e9matiques classiques telles que l\u2019IA ou le management, bien qu\u2019on puisse l\u2019aborder\u2009\u00bb, argumente Morgane.<\/p>\n<p class=\" wall-content\">\u00c0 titre d\u2019exemples\u2009: r\u00e9tablir la <strong>justice sociale \u00e0 travers les entreprises<\/strong> \u00ab\u2009en cr\u00e9ant une coop\u00e9rative par exemple, c\u2019est comme \u00e7a que des pays en d\u00e9veloppement luttent contre la corruption\u2009\u00bb, \u00e9taye-t-elle, s\u2019int\u00e9resser \u00e0 la <strong>sexualit\u00e9 des femmes de pouvoir<\/strong>, ou encore \u00e0 leur vision de la r\u00e9ussite, questionner notre capacit\u00e9 \u00e0 <strong>prendre des d\u00e9cisions<\/strong>, l\u2019utilit\u00e9 du <strong>plan d\u2019\u00e9pargne entreprise<\/strong> pour les dirigeants, les <strong>placements en Bourse<\/strong>\u2026<\/p>\n<p class=\" wall-content\"><a href=\"https:\/\/www.instagram.com\/p\/DKOnOjmMF5i\/embed\" title=\"Ouvrir le lien sur Instagram\" rel=\"nofollow noopener\" target=\"_blank\">Visualiser le contenu sur Instagram<\/a><\/p>\n<p>Des d\u00eeners priv\u00e9s aux chandelles<\/p>\n<p class=\" wall-content\">Autant de pas en avant qui se conjuguent avec ses racines. Car \u00e0 la Maison aux tr\u00e9sors, Morgane Comte retrouvera peut-\u00eatre, un peu, de ses origines professionnelles.<\/p>\n<p class=\" wall-content\">Celle qui a longtemps travaill\u00e9 dans ses ch\u00e2teaux compte y associer son go\u00fbt pour l\u2019\u00e9v\u00e9nementiel et la cuisine cr\u00e9ative. Ce qui devrait, par ailleurs, ravir les fid\u00e8les d\u2019Art Tea Shop. Des <strong>bals masqu\u00e9s <\/strong>et des <strong>d\u00eeners aux chandelles<\/strong> priv\u00e9s s\u2019organiseront avec la patte du chef du salon de th\u00e9 de la rue des Lois \u00ab\u2009qui me suit dans le projet\u2009!\u2009\u00bb<\/p>\n<p class=\" wall-content\">Mais il faudra encore patienter. Selon les travaux, la Maison aux tr\u00e9sors pourra ouvrir <strong>entre novembre\u00a02025 et f\u00e9vrier\u00a02026<\/strong>.<\/p>\n<p>Encore deux mois pour profiter des lieux du centre-ville<\/p>\n<p class=\" wall-content\">En attendant, l\u2019Art Tea Shop continue de servir ses brunchs et autres gourmandises tous les week-ends de l\u2019\u00e9t\u00e9.<\/p>\n<p>    <img   decoding=\"async\" loading=\"lazy\" src=\"https:\/\/www.europesays.com\/fr\/wp-content\/uploads\/2025\/06\/art-tea-shop-brunch-960x640.jpeg\" alt=\"Les brunchs sont encore servis les week-ends uniquement depuis le mois de mai et jusqu'en septembre.\" width=\"960\" height=\"640\"\/><br \/>\n    Les brunchs sont encore servis les week-ends uniquement depuis le mois de mai et jusqu\u2019en septembre. (\u00a9Mar\u00e9va Laville \/ Actu Toulouse)<\/p>\n<p class=\" wall-content\">La buvette du Mus\u00e9e Saint-Raymond, quant \u00e0 elle, reste ouverte du mercredi au dimanche jusqu\u2019en septembre. Elle sera reprise l\u2019an prochain, tandis que l\u2019Art Tea Shop laissera place \u00e0 un magasin de pr\u00eat-\u00e0-porter.<\/p>\n<p class=\" wall-content\">Suivez toute l\u2019actualit\u00e9 de vos villes et m\u00e9dias favoris en vous inscrivant \u00e0 <a href=\"https:\/\/moncompte.actu.fr\" title=\"D\u00e9couvez Mon Actu\" rel=\"nofollow noopener\" data-trk=\"{&quot;cta&quot;:{&quot;action&quot;:&quot;https:\\\/\\\/moncompte.actu.fr&quot;,&quot;category&quot;:&quot;mon compte&quot;,&quot;from&quot;:&quot;article footer&quot;,&quot;name&quot;:&quot;Mon actu&quot;,&quot;type&quot;:&quot;cta&quot;}}\" target=\"_blank\">Mon Actu<\/a>.<\/p>\n<p>                    <script async src=\"\/\/www.instagram.com\/embed.js\"><\/script><\/p>\n","protected":false},"excerpt":{"rendered":"Par Mar\u00e9va Laville Publi\u00e9 le 25 juin 2025 \u00e0 17h22 Le spot est connu de toutes les \u00e2mes&hellip;\n","protected":false},"author":2,"featured_media":203590,"comment_status":"","ping_status":"","sticky":false,"template":"","format":"standard","meta":{"footnotes":""},"categories":[2816],"tags":[1111,11,215,1777,674,1011,27,12,2680,25,104,2312],"class_list":{"0":"post-203589","1":"post","2":"type-post","3":"status-publish","4":"format-standard","5":"has-post-thumbnail","7":"category-toulouse","8":"tag-actu","9":"tag-actualites","10":"tag-commerce","11":"tag-eu","12":"tag-europe","13":"tag-fr","14":"tag-france","15":"tag-news","16":"tag-occitanie","17":"tag-republique-francaise","18":"tag-societe","19":"tag-toulouse"},"share_on_mastodon":{"url":"https:\/\/pubeurope.com\/@fr\/114744856859187484","error":""},"_links":{"self":[{"href":"https:\/\/www.europesays.com\/fr\/wp-json\/wp\/v2\/posts\/203589","targetHints":{"allow":["GET"]}}],"collection":[{"href":"https:\/\/www.europesays.com\/fr\/wp-json\/wp\/v2\/posts"}],"about":[{"href":"https:\/\/www.europesays.com\/fr\/wp-json\/wp\/v2\/types\/post"}],"author":[{"embeddable":true,"href":"https:\/\/www.europesays.com\/fr\/wp-json\/wp\/v2\/users\/2"}],"replies":[{"embeddable":true,"href":"https:\/\/www.europesays.com\/fr\/wp-json\/wp\/v2\/comments?post=203589"}],"version-history":[{"count":0,"href":"https:\/\/www.europesays.com\/fr\/wp-json\/wp\/v2\/posts\/203589\/revisions"}],"wp:featuredmedia":[{"embeddable":true,"href":"https:\/\/www.europesays.com\/fr\/wp-json\/wp\/v2\/media\/203590"}],"wp:attachment":[{"href":"https:\/\/www.europesays.com\/fr\/wp-json\/wp\/v2\/media?parent=203589"}],"wp:term":[{"taxonomy":"category","embeddable":true,"href":"https:\/\/www.europesays.com\/fr\/wp-json\/wp\/v2\/categories?post=203589"},{"taxonomy":"post_tag","embeddable":true,"href":"https:\/\/www.europesays.com\/fr\/wp-json\/wp\/v2\/tags?post=203589"}],"curies":[{"name":"wp","href":"https:\/\/api.w.org\/{rel}","templated":true}]}}