{"id":203591,"date":"2025-06-25T16:05:14","date_gmt":"2025-06-25T16:05:14","guid":{"rendered":"https:\/\/www.europesays.com\/fr\/203591\/"},"modified":"2025-06-25T16:05:14","modified_gmt":"2025-06-25T16:05:14","slug":"travaux-du-pont-de-la-e42-a-froyennes-le-chantier-basculera-dans-le-sens-lille-mons-bruxelles-le-1er-juillet","status":"publish","type":"post","link":"https:\/\/www.europesays.com\/fr\/203591\/","title":{"rendered":"Travaux du pont de la E42 \u00e0 Froyennes : le chantier basculera dans le sens Lille &#8211; Mons\/Bruxelles le 1er juillet"},"content":{"rendered":"<p class=\"ap-StoryElement ap-StoryElement--mb ap-StoryText\">Du vendredi 4 juillet et jusqu&rsquo;au printemps 2026, deux voies de circulation seront maintenues dans chaque sens \u00e0 hauteur de Froyennes.<\/p>\n<p class=\"ap-StoryElement ap-StoryElement--mb ap-StoryText\">Vers la France, la circulation sera maintenue sur deux bandes, la vitesse maximale sera limit\u00e9e \u00e0 70 km\/h et la bretelle de sortie vers Pecq en direction de la France sera \u00e0 nouveau accessible.<\/p>\n<p class=\"ap-StoryElement ap-StoryElement--mb ap-StoryText\">Vers Mons\/Bruxelles, la circulation sera maintenue sur deux bandes, bascul\u00e9es sur le pont accueillant habituellement les voies vers la France (deux voies de gauche), la bretelle d&rsquo;acc\u00e8s \u00ab\u00a0Pecq\u00a0\u00bb en direction de Mons\/Bruxelles sera ferm\u00e9e. Les usagers circulant sur la N50 et souhaitant emprunter l&rsquo;E42\/A8 vers Mons\/Bruxelles seront invit\u00e9s \u00e0 gagner l&rsquo;E42\/A8 vers la France via l&rsquo;acc\u00e8s n\u00b034 \u00ab\u00a0Pecq\u00a0\u00bb et effectuer un demi-tour \u00e0 hauteur de l&rsquo;\u00e9changeur n\u00b035 de Marquain pour rejoindre l&rsquo;E42\/A8 vers Mons\/Bruxelles. La vitesse maximale sera limit\u00e9e \u00e0 50 km\/h.<\/p>\n<p class=\"ap-StoryElement ap-StoryElement--mb ap-StoryText\">La fin des travaux est pr\u00e9vue pour le printemps 2026.<\/p>\n<p class=\"ap-StoryElement ap-StoryElement--mb ap-StoryText\">Pour rappel, les travaux visent \u00e0 r\u00e9habiliter le pont de Froyennes par le remplacement de l&rsquo;\u00e9tanch\u00e9it\u00e9 et des trottoirs, la s\u00e9curisation des rives, la r\u00e9paration des poutres qui s\u00e9curisent la structure et la r\u00e9paration du b\u00e9ton en face inf\u00e9rieure. Un chantier qui chiffre \u00e0 pr\u00e8s de 6 millions d&rsquo;euros, hors taxes&#8230;<\/p>\n","protected":false},"excerpt":{"rendered":"Du vendredi 4 juillet et jusqu&rsquo;au printemps 2026, deux voies de circulation seront maintenues dans chaque sens \u00e0&hellip;\n","protected":false},"author":2,"featured_media":203592,"comment_status":"","ping_status":"","sticky":false,"template":"","format":"standard","meta":{"footnotes":""},"categories":[2815],"tags":[1111,11,6051,1777,674,1011,27,811,1307,27909,12,34262,25],"class_list":{"0":"post-203591","1":"post","2":"type-post","3":"status-publish","4":"format-standard","5":"has-post-thumbnail","7":"category-lille","8":"tag-actu","9":"tag-actualites","10":"tag-bruxelles-villes","11":"tag-eu","12":"tag-europe","13":"tag-fr","14":"tag-france","15":"tag-hauts-de-france","16":"tag-lille","17":"tag-mons","18":"tag-news","19":"tag-pecq","20":"tag-republique-francaise"},"share_on_mastodon":{"url":"https:\/\/pubeurope.com\/@fr\/114744860570231352","error":""},"_links":{"self":[{"href":"https:\/\/www.europesays.com\/fr\/wp-json\/wp\/v2\/posts\/203591","targetHints":{"allow":["GET"]}}],"collection":[{"href":"https:\/\/www.europesays.com\/fr\/wp-json\/wp\/v2\/posts"}],"about":[{"href":"https:\/\/www.europesays.com\/fr\/wp-json\/wp\/v2\/types\/post"}],"author":[{"embeddable":true,"href":"https:\/\/www.europesays.com\/fr\/wp-json\/wp\/v2\/users\/2"}],"replies":[{"embeddable":true,"href":"https:\/\/www.europesays.com\/fr\/wp-json\/wp\/v2\/comments?post=203591"}],"version-history":[{"count":0,"href":"https:\/\/www.europesays.com\/fr\/wp-json\/wp\/v2\/posts\/203591\/revisions"}],"wp:featuredmedia":[{"embeddable":true,"href":"https:\/\/www.europesays.com\/fr\/wp-json\/wp\/v2\/media\/203592"}],"wp:attachment":[{"href":"https:\/\/www.europesays.com\/fr\/wp-json\/wp\/v2\/media?parent=203591"}],"wp:term":[{"taxonomy":"category","embeddable":true,"href":"https:\/\/www.europesays.com\/fr\/wp-json\/wp\/v2\/categories?post=203591"},{"taxonomy":"post_tag","embeddable":true,"href":"https:\/\/www.europesays.com\/fr\/wp-json\/wp\/v2\/tags?post=203591"}],"curies":[{"name":"wp","href":"https:\/\/api.w.org\/{rel}","templated":true}]}}