{"id":203609,"date":"2025-06-25T16:14:14","date_gmt":"2025-06-25T16:14:14","guid":{"rendered":"https:\/\/www.europesays.com\/fr\/203609\/"},"modified":"2025-06-25T16:14:14","modified_gmt":"2025-06-25T16:14:14","slug":"le-souhait-du-gouvernement-est-de-tout-faire-pour-quun-compromis-soit-envisage","status":"publish","type":"post","link":"https:\/\/www.europesays.com\/fr\/203609\/","title":{"rendered":"\u00ab Le souhait du gouvernement est de tout faire pour qu\u2019un compromis soit envisag\u00e9 \u00bb"},"content":{"rendered":"<p>La navette parlementaire sur la r\u00e9forme du mode de scrutin \u00e0 Paris, Lyon et Marseille va poursuivre sa route\u00a0<a href=\"https:\/\/www.publicsenat.fr\/actualites\/politique\/municipales-a-paris-lyon-et-marseille-deputes-et-senateur-echouent-a-trouver-un-accord-sur-la-reforme-du-mode-de-scrutin\" rel=\"nofollow noopener\" target=\"_blank\" data-ylk=\"slk:malgr\u00e9 l\u2019\u00e9chec, ce mardi 24\u00a0juin, des n\u00e9gociations entre d\u00e9put\u00e9s et s\u00e9nateurs;elm:context_link;itc:0;sec:content-canvas\" class=\"link \">malgr\u00e9 l\u2019\u00e9chec, ce mardi 24\u00a0juin, des n\u00e9gociations entre d\u00e9put\u00e9s et s\u00e9nateurs<\/a>. L\u2019ex\u00e9cutif souhaite laisser le dernier mot \u00e0 l\u2019Assembl\u00e9e nationale sur ce texte, qui a provoqu\u00e9 une importante lev\u00e9e de boucliers au S\u00e9nat. L\u2019information est sortie dans le Figaro hier. Mais la pr\u00e9sidente de la commission des lois, Muriel Jourda qui \u00ab\u00a0ne croit pas n\u00e9cessairement\u00a0\u00bb ce qu\u2019elle lit dans les journaux, a demand\u00e9 confirmation au Premier ministre lors des questions d\u2019actualit\u00e9 au gouvernement du S\u00e9nat.<\/p>\n<p>Pour lui r\u00e9pondre, le ministre d\u00e9l\u00e9gu\u00e9 aux relations avec le Parlement, Patrick Mignola s\u2019est retranch\u00e9 derri\u00e8re le \u00ab\u00a0respect des institutions\u00a0\u00bb. \u00ab\u00a0Il est possible qu\u2019il y ait des diff\u00e9rences de vues profondes entre l\u2019Assembl\u00e9e nationale et le S\u00e9nat\u00a0\u00bb, a observ\u00e9 le ministre. \u00ab\u00a0J\u2019entends vos pr\u00e9ventions l\u00e9gitimes sur ce que serait un dernier mot donn\u00e9 \u00e0 l\u2019Assembl\u00e9e nationale mais nous n\u2019en sommes pas l\u00e0. Si on applique les institutions, lorsqu\u2019une CMP n\u2019est pas conclusive, les deux chambres sont saisies pour nouvelle lecture\u00a0\u00bb, a-t-il poursuivi.<\/p>\n<p>En amont de la CMP, le d\u00e9put\u00e9 MoDem Jean-Paul Mattei, rapporteur du texte pour l\u2019Assembl\u00e9e nationale, avait propos\u00e9 au S\u00e9nat une s\u00e9rie d\u2019amendements pour ne pas amoindrir du r\u00f4le des arrondissements, comme rendre automatique la pr\u00e9sence des maires d\u2019arrondissements au sein des conseils municipaux. \u00ab\u00a0Ces propositions n\u2019ont pas \u00e9t\u00e9 regard\u00e9es tr\u00e8s longtemps. Certains \u00e9changes n\u2019ont pas scintill\u00e9 de bonne foi comme nous l\u2019aurions souhait\u00e9\u00a0\u00bb [\u2026] \u00ab\u00a0Le souhait du gouvernement est de tout faire pour qu\u2019un compromis soit envisag\u00e9\u00a0\u00bb, a-t-il confirm\u00e9.<\/p>\n<p>\u00ab\u00a0Quand j\u2019entends ce que vous dites aujourd\u2019hui, je me demande lequel de nous deux est de bonne foi\u00a0\u00bb, lui a r\u00e9pondu Muriel Jourda, rappelant l\u2019engagement de Fran\u00e7ois Bayrou de concerter les deux assembl\u00e9es avant le vote de ce texte.<\/p>\n","protected":false},"excerpt":{"rendered":"La navette parlementaire sur la r\u00e9forme du mode de scrutin \u00e0 Paris, Lyon et Marseille va poursuivre sa&hellip;\n","protected":false},"author":2,"featured_media":203610,"comment_status":"","ping_status":"","sticky":false,"template":"","format":"standard","meta":{"footnotes":""},"categories":[1888],"tags":[1111,1928,11,1927,1777,674,1011,27,639,20281,34264,34266,12,1926,626,1925,34265,25,1004],"class_list":{"0":"post-203609","1":"post","2":"type-post","3":"status-publish","4":"format-standard","5":"has-post-thumbnail","7":"category-paris","8":"tag-actu","9":"tag-actu-paris","10":"tag-actualites","11":"tag-actualites-paris","12":"tag-eu","13":"tag-europe","14":"tag-fr","15":"tag-france","16":"tag-le-figaro","17":"tag-mode-de-scrutin","18":"tag-muriel-jourda","19":"tag-navette-parlementaire","20":"tag-news","21":"tag-news-paris","22":"tag-paris","23":"tag-paris-news","24":"tag-patrick-mignola","25":"tag-republique-francaise","26":"tag-senat"},"share_on_mastodon":{"url":"https:\/\/pubeurope.com\/@fr\/114744895983755837","error":""},"_links":{"self":[{"href":"https:\/\/www.europesays.com\/fr\/wp-json\/wp\/v2\/posts\/203609","targetHints":{"allow":["GET"]}}],"collection":[{"href":"https:\/\/www.europesays.com\/fr\/wp-json\/wp\/v2\/posts"}],"about":[{"href":"https:\/\/www.europesays.com\/fr\/wp-json\/wp\/v2\/types\/post"}],"author":[{"embeddable":true,"href":"https:\/\/www.europesays.com\/fr\/wp-json\/wp\/v2\/users\/2"}],"replies":[{"embeddable":true,"href":"https:\/\/www.europesays.com\/fr\/wp-json\/wp\/v2\/comments?post=203609"}],"version-history":[{"count":0,"href":"https:\/\/www.europesays.com\/fr\/wp-json\/wp\/v2\/posts\/203609\/revisions"}],"wp:featuredmedia":[{"embeddable":true,"href":"https:\/\/www.europesays.com\/fr\/wp-json\/wp\/v2\/media\/203610"}],"wp:attachment":[{"href":"https:\/\/www.europesays.com\/fr\/wp-json\/wp\/v2\/media?parent=203609"}],"wp:term":[{"taxonomy":"category","embeddable":true,"href":"https:\/\/www.europesays.com\/fr\/wp-json\/wp\/v2\/categories?post=203609"},{"taxonomy":"post_tag","embeddable":true,"href":"https:\/\/www.europesays.com\/fr\/wp-json\/wp\/v2\/tags?post=203609"}],"curies":[{"name":"wp","href":"https:\/\/api.w.org\/{rel}","templated":true}]}}