{"id":203623,"date":"2025-06-25T16:21:17","date_gmt":"2025-06-25T16:21:17","guid":{"rendered":"https:\/\/www.europesays.com\/fr\/203623\/"},"modified":"2025-06-25T16:21:17","modified_gmt":"2025-06-25T16:21:17","slug":"euro-espoirs-sur-quelle-chaine-et-a-quelle-heure-regarder-la-demi-finale-france","status":"publish","type":"post","link":"https:\/\/www.europesays.com\/fr\/203623\/","title":{"rendered":"Euro Espoirs : sur quelle cha\u00eene et \u00e0 quelle heure regarder la demi-finale France"},"content":{"rendered":"<p>Le football est un sport simple, et \u00e0 la fin, on esp\u00e8re que ce n&rsquo;est pas l&rsquo;Allemagne qui gagne. Surtout en France. Surtout depuis 1984 et l&rsquo;Euro en Espagne, avec cette sortie de route volontaire et violente de Schumacher sur Battiston. Thierry Roland a d\u00fb en parler tout le reste de sa vie. Pas besoin de sortir antagonisme et chauvinisme quand il y a un tel enjeu que ce soir : les Bleuets sont en demi-finale de l&rsquo;Euro 2025, et donc \u00e0 deux victoires du troph\u00e9e tant convoit\u00e9.<\/p>\n<p>Comme l&rsquo;Espagne et l&rsquo;Angleterre, la France est priv\u00e9e pour cette comp\u00e9tition de ses principaux talents ayant moins de 21 ans au d\u00e9but des qualifications pour la comp\u00e9tition. Voil\u00e0 pourquoi certains joueurs de 23 ans (comme Quentin Merlin, en photo) peuvent \u00eatre s\u00e9lectionn\u00e9s. Normalement, le coach G\u00e9rald Baticle aurait pu aligner Dou\u00e9, Camavinga, Barcola, Cherki, Ekitike, Millot, Kalimuendo, Gusto, Yoro, Wa\u00efre-Emery ou encore Akliouche. C&rsquo;est beaucoup. Mais bon, peut-\u00eatre faut-il laisser une chance aux autres ? L&rsquo;Allemagne, de son c\u00f4t\u00e9, fait \u00e9galement sans ses deux prodiges, Musiala, et Wirtz, qui auraient aussi pu \u00eatre de la partie sur la pelouse de Kosice, o\u00f9 se d\u00e9roule la rencontre, \u00e0 suivre d\u00e8s 21h00 gratuitement <a href=\"https:\/\/www.diverto.tv\/programme-tv\/chaine\/w9\" rel=\"nofollow noopener\" target=\"_blank\">sur W9<\/a>, ou sur <a href=\"https:\/\/www.diverto.tv\/programme-tv\/chaine\/bein-sports-1\" rel=\"nofollow noopener\" target=\"_blank\">beIN SPORTS 1<\/a> pour les abonn\u00e9s..<\/p>\n<p>La menace Woltemade<\/p>\n<p>Il reste du beau monde sur le terrain, avec notamment Mathys Tel en leader de l&rsquo;attaque. Le r\u00e9cent vainqueur de la Ligue Europa avec Tottenham a inscrit le but de la victoire contre le Danemark (3-2), \u00e0 la 85e minute d&rsquo;une rencontre spectaculaire. Une minute avant, le d\u00e9fenseur de l&rsquo;OM Quentin Merlin avait \u00e9galis\u00e9 d&rsquo;une superbe frappe. Les Bleuets ont eu chaud, et doivent se reprendre, maintenant qu&rsquo;ils font face \u00e0 l&rsquo;Allemagne, et son\u00a0 avant-centre en feu, Nick Woltemade, d\u00e9j\u00e0 auteur de 5 buts en 3 matchs dans la comp\u00e9tition, et dont les performances auraient m\u00eame attir\u00e9 les regards du Real Madrid.\u00a0<\/p>\n<p>L&rsquo;Euro Espoirs, toujours un belle occasion de d\u00e9couvrir les talents de demain.\u00a0<\/p>\n","protected":false},"excerpt":{"rendered":"Le football est un sport simple, et \u00e0 la fin, on esp\u00e8re que ce n&rsquo;est pas l&rsquo;Allemagne qui&hellip;\n","protected":false},"author":2,"featured_media":203624,"comment_status":"","ping_status":"","sticky":false,"template":"","format":"standard","meta":{"footnotes":""},"categories":[1587],"tags":[11,672,1804,1805,1803,1777,674,1801,12,1802],"class_list":{"0":"post-203623","1":"post","2":"type-post","3":"status-publish","4":"format-standard","5":"has-post-thumbnail","7":"category-allemagne","8":"tag-actualites","9":"tag-allemagne","10":"tag-bundesrepublik-deutschland","11":"tag-de","12":"tag-deutschland","13":"tag-eu","14":"tag-europe","15":"tag-germany","16":"tag-news","17":"tag-republique-federale-dallemagne"},"share_on_mastodon":{"url":"https:\/\/pubeurope.com\/@fr\/114744923915660404","error":""},"_links":{"self":[{"href":"https:\/\/www.europesays.com\/fr\/wp-json\/wp\/v2\/posts\/203623","targetHints":{"allow":["GET"]}}],"collection":[{"href":"https:\/\/www.europesays.com\/fr\/wp-json\/wp\/v2\/posts"}],"about":[{"href":"https:\/\/www.europesays.com\/fr\/wp-json\/wp\/v2\/types\/post"}],"author":[{"embeddable":true,"href":"https:\/\/www.europesays.com\/fr\/wp-json\/wp\/v2\/users\/2"}],"replies":[{"embeddable":true,"href":"https:\/\/www.europesays.com\/fr\/wp-json\/wp\/v2\/comments?post=203623"}],"version-history":[{"count":0,"href":"https:\/\/www.europesays.com\/fr\/wp-json\/wp\/v2\/posts\/203623\/revisions"}],"wp:featuredmedia":[{"embeddable":true,"href":"https:\/\/www.europesays.com\/fr\/wp-json\/wp\/v2\/media\/203624"}],"wp:attachment":[{"href":"https:\/\/www.europesays.com\/fr\/wp-json\/wp\/v2\/media?parent=203623"}],"wp:term":[{"taxonomy":"category","embeddable":true,"href":"https:\/\/www.europesays.com\/fr\/wp-json\/wp\/v2\/categories?post=203623"},{"taxonomy":"post_tag","embeddable":true,"href":"https:\/\/www.europesays.com\/fr\/wp-json\/wp\/v2\/tags?post=203623"}],"curies":[{"name":"wp","href":"https:\/\/api.w.org\/{rel}","templated":true}]}}